{"id":1111,"date":"2017-09-15T07:35:21","date_gmt":"2017-09-15T07:35:21","guid":{"rendered":"http:\/\/valderrobres-candida.com\/?p=1111"},"modified":"2017-09-15T07:37:29","modified_gmt":"2017-09-15T07:37:29","slug":"notepuedesperder-gran-premio-de-movistar-de-aragon","status":"publish","type":"post","link":"https:\/\/valderrobres-candida.com\/cat\/blog\/2017\/09\/15\/notepuedesperder-gran-premio-de-movistar-de-aragon\/","title":{"rendered":"#NoTePuedesPerder: Gran Premio de Movistar de Arag\u00f3n"},"content":{"rendered":"<p>El fin de semana del 23 y 24 de septiembre\u00a0 llega por octava vez a MotorLand el Gran Premio Movistar de Arag\u00f3n de MotoGP. En las anteriores ediciones el mundial ha llevado\u00a0a Alca\u00f1iz a una media de m\u00e1s de 100.000 aficionados durante el evento.<\/p>\n<p>En Do\u00f1a C\u00e1ndida contamos a\u00f1o tras a\u00f1o con cerca de 500 hu\u00e9spedes durante el fin de semana del Gran Premio.<\/p>\n<p>Si est\u00e1s en Do\u00f1a C\u00e1ndida aqu\u00ed te dejamos unas indicaciones para saber c\u00f3mo llegar al circuito:<\/p>\n<div id=\"attachment_1113\" style=\"width: 310px\" class=\"wp-caption aligncenter\"><a href=\"http:\/\/valderrobres-candida.com\/wp-content\/uploads\/Captura-de-pantalla-2017-09-15-a-las-9.27.47.png\"><img loading=\"lazy\" decoding=\"async\" aria-describedby=\"caption-attachment-1113\" class=\"wp-image-1113 size-medium\" src=\"http:\/\/valderrobres-candida.com\/wp-content\/uploads\/Captura-de-pantalla-2017-09-15-a-las-9.27.47-300x185.png\" alt=\"Captura de pantalla 2017-09-15 a las 9.27.47\" width=\"300\" height=\"185\" srcset=\"https:\/\/valderrobres-candida.com\/cat\/wp-content\/uploads\/sites\/4\/Captura-de-pantalla-2017-09-15-a-las-9.27.47-300x185.png 300w, https:\/\/valderrobres-candida.com\/cat\/wp-content\/uploads\/sites\/4\/Captura-de-pantalla-2017-09-15-a-las-9.27.47-100x61.png 100w, https:\/\/valderrobres-candida.com\/cat\/wp-content\/uploads\/sites\/4\/Captura-de-pantalla-2017-09-15-a-las-9.27.47.png 809w\" sizes=\"auto, (max-width: 300px) 100vw, 300px\" \/><\/a><p id=\"caption-attachment-1113\" class=\"wp-caption-text\">Indicaciones para llegar desde Do\u00f1a C\u00e1ndida a MotorLand.<\/p><\/div>\n<p>Para m\u00e1s informaci\u00f3n consulta la p\u00e1gina web oficial del circuito: http:\/\/www.motorlandaragon.com\/es\/evento\/gran-premio-movistar-de-aragon-de-motogp.html-0<\/p>\n","protected":false},"excerpt":{"rendered":"<p>El fin de semana del 23 y 24 de septiembre\u00a0 llega por octava vez a MotorLand el Gran Premio Movistar de Arag\u00f3n de MotoGP. En las anteriores ediciones el mundial ha llevado\u00a0a Alca\u00f1iz a una media de m\u00e1s de 100.000 aficionados durante el evento. En Do\u00f1a C\u00e1ndida contamos a\u00f1o tras a\u00f1o con cerca de 500<\/p>\n","protected":false},"author":1,"featured_media":0,"comment_status":"open","ping_status":"open","sticky":false,"template":"","format":"standard","meta":{"footnotes":""},"categories":[150,14],"tags":[75,165,124,163,35,37,164],"class_list":["post-1111","post","type-post","status-publish","format-standard","hentry","category-blog","category-motorlandaragon","tag-dona-candida","tag-donacandida","tag-motogp","tag-motor","tag-motorland","tag-motorland-aragon","tag-motos"],"yoast_head":"<!-- This site is optimized with the Yoast SEO plugin v26.7 - https:\/\/yoast.com\/wordpress\/plugins\/seo\/ -->\n<title>#NoTePuedesPerder: Gran Premio de Movistar de Arag\u00f3n - Valderrobres Candida CAT<\/title>\n<meta name=\"robots\" content=\"index, follow, max-snippet:-1, max-image-preview:large, max-video-preview:-1\" \/>\n<link rel=\"canonical\" href=\"https:\/\/valderrobres-candida.com\/cat\/blog\/2017\/09\/15\/notepuedesperder-gran-premio-de-movistar-de-aragon\/\" \/>\n<meta property=\"og:locale\" content=\"ca_ES\" \/>\n<meta property=\"og:type\" content=\"article\" \/>\n<meta property=\"og:title\" content=\"#NoTePuedesPerder: Gran Premio de Movistar de Arag\u00f3n - Valderrobres Candida CAT\" \/>\n<meta property=\"og:description\" content=\"El fin de semana del 23 y 24 de septiembre\u00a0 llega por octava vez a MotorLand el Gran Premio Movistar de Arag\u00f3n de MotoGP. En las anteriores ediciones el mundial ha llevado\u00a0a Alca\u00f1iz a una media de m\u00e1s de 100.000 aficionados durante el evento. En Do\u00f1a C\u00e1ndida contamos a\u00f1o tras a\u00f1o con cerca de 500\" \/>\n<meta property=\"og:url\" content=\"https:\/\/valderrobres-candida.com\/cat\/blog\/2017\/09\/15\/notepuedesperder-gran-premio-de-movistar-de-aragon\/\" \/>\n<meta property=\"og:site_name\" content=\"Valderrobres Candida CAT\" \/>\n<meta property=\"article:published_time\" content=\"2017-09-15T07:35:21+00:00\" \/>\n<meta property=\"article:modified_time\" content=\"2017-09-15T07:37:29+00:00\" \/>\n<meta property=\"og:image\" content=\"http:\/\/valderrobres-candida.com\/wp-content\/uploads\/Captura-de-pantalla-2017-09-15-a-las-9.27.47-300x185.png\" \/>\n<meta name=\"author\" content=\"admin\" \/>\n<meta name=\"twitter:card\" content=\"summary_large_image\" \/>\n<meta name=\"twitter:label1\" content=\"Escrit per\" \/>\n\t<meta name=\"twitter:data1\" content=\"admin\" \/>\n\t<meta name=\"twitter:label2\" content=\"Temps estimat de lectura\" \/>\n\t<meta name=\"twitter:data2\" content=\"1 minut\" \/>\n<script type=\"application\/ld+json\" class=\"yoast-schema-graph\">{\"@context\":\"https:\/\/schema.org\",\"@graph\":[{\"@type\":\"Article\",\"@id\":\"https:\/\/valderrobres-candida.com\/cat\/blog\/2017\/09\/15\/notepuedesperder-gran-premio-de-movistar-de-aragon\/#article\",\"isPartOf\":{\"@id\":\"https:\/\/valderrobres-candida.com\/cat\/blog\/2017\/09\/15\/notepuedesperder-gran-premio-de-movistar-de-aragon\/\"},\"author\":{\"name\":\"admin\",\"@id\":\"https:\/\/valderrobres-candida.com\/cat\/#\/schema\/person\/592724f30d9f633dc775fbe3b215b45e\"},\"headline\":\"#NoTePuedesPerder: Gran Premio de Movistar de Arag\u00f3n\",\"datePublished\":\"2017-09-15T07:35:21+00:00\",\"dateModified\":\"2017-09-15T07:37:29+00:00\",\"mainEntityOfPage\":{\"@id\":\"https:\/\/valderrobres-candida.com\/cat\/blog\/2017\/09\/15\/notepuedesperder-gran-premio-de-movistar-de-aragon\/\"},\"wordCount\":135,\"commentCount\":0,\"image\":{\"@id\":\"https:\/\/valderrobres-candida.com\/cat\/blog\/2017\/09\/15\/notepuedesperder-gran-premio-de-movistar-de-aragon\/#primaryimage\"},\"thumbnailUrl\":\"http:\/\/valderrobres-candida.com\/wp-content\/uploads\/Captura-de-pantalla-2017-09-15-a-las-9.27.47-300x185.png\",\"keywords\":[\"do\u00f1a c\u00e1ndida\",\"do\u00f1acandida\",\"motogp\",\"MOTOR\",\"motorland\",\"motorland arag\u00f3n\",\"motos\"],\"articleSection\":[\"Blog\",\"Motorland Arag\u00f3n\"],\"inLanguage\":\"ca\",\"potentialAction\":[{\"@type\":\"CommentAction\",\"name\":\"Comment\",\"target\":[\"https:\/\/valderrobres-candida.com\/cat\/blog\/2017\/09\/15\/notepuedesperder-gran-premio-de-movistar-de-aragon\/#respond\"]}]},{\"@type\":\"WebPage\",\"@id\":\"https:\/\/valderrobres-candida.com\/cat\/blog\/2017\/09\/15\/notepuedesperder-gran-premio-de-movistar-de-aragon\/\",\"url\":\"https:\/\/valderrobres-candida.com\/cat\/blog\/2017\/09\/15\/notepuedesperder-gran-premio-de-movistar-de-aragon\/\",\"name\":\"#NoTePuedesPerder: Gran Premio de Movistar de Arag\u00f3n - Valderrobres Candida CAT\",\"isPartOf\":{\"@id\":\"https:\/\/valderrobres-candida.com\/cat\/#website\"},\"primaryImageOfPage\":{\"@id\":\"https:\/\/valderrobres-candida.com\/cat\/blog\/2017\/09\/15\/notepuedesperder-gran-premio-de-movistar-de-aragon\/#primaryimage\"},\"image\":{\"@id\":\"https:\/\/valderrobres-candida.com\/cat\/blog\/2017\/09\/15\/notepuedesperder-gran-premio-de-movistar-de-aragon\/#primaryimage\"},\"thumbnailUrl\":\"http:\/\/valderrobres-candida.com\/wp-content\/uploads\/Captura-de-pantalla-2017-09-15-a-las-9.27.47-300x185.png\",\"datePublished\":\"2017-09-15T07:35:21+00:00\",\"dateModified\":\"2017-09-15T07:37:29+00:00\",\"author\":{\"@id\":\"https:\/\/valderrobres-candida.com\/cat\/#\/schema\/person\/592724f30d9f633dc775fbe3b215b45e\"},\"breadcrumb\":{\"@id\":\"https:\/\/valderrobres-candida.com\/cat\/blog\/2017\/09\/15\/notepuedesperder-gran-premio-de-movistar-de-aragon\/#breadcrumb\"},\"inLanguage\":\"ca\",\"potentialAction\":[{\"@type\":\"ReadAction\",\"target\":[\"https:\/\/valderrobres-candida.com\/cat\/blog\/2017\/09\/15\/notepuedesperder-gran-premio-de-movistar-de-aragon\/\"]}]},{\"@type\":\"ImageObject\",\"inLanguage\":\"ca\",\"@id\":\"https:\/\/valderrobres-candida.com\/cat\/blog\/2017\/09\/15\/notepuedesperder-gran-premio-de-movistar-de-aragon\/#primaryimage\",\"url\":\"http:\/\/valderrobres-candida.com\/wp-content\/uploads\/Captura-de-pantalla-2017-09-15-a-las-9.27.47-300x185.png\",\"contentUrl\":\"http:\/\/valderrobres-candida.com\/wp-content\/uploads\/Captura-de-pantalla-2017-09-15-a-las-9.27.47-300x185.png\"},{\"@type\":\"BreadcrumbList\",\"@id\":\"https:\/\/valderrobres-candida.com\/cat\/blog\/2017\/09\/15\/notepuedesperder-gran-premio-de-movistar-de-aragon\/#breadcrumb\",\"itemListElement\":[{\"@type\":\"ListItem\",\"position\":1,\"name\":\"Portada\",\"item\":\"https:\/\/valderrobres-candida.com\/cat\/\"},{\"@type\":\"ListItem\",\"position\":2,\"name\":\"#NoTePuedesPerder: Gran Premio de Movistar de Arag\u00f3n\"}]},{\"@type\":\"WebSite\",\"@id\":\"https:\/\/valderrobres-candida.com\/cat\/#website\",\"url\":\"https:\/\/valderrobres-candida.com\/cat\/\",\"name\":\"Valderrobres Candida CAT\",\"description\":\"\",\"potentialAction\":[{\"@type\":\"SearchAction\",\"target\":{\"@type\":\"EntryPoint\",\"urlTemplate\":\"https:\/\/valderrobres-candida.com\/cat\/?s={search_term_string}\"},\"query-input\":{\"@type\":\"PropertyValueSpecification\",\"valueRequired\":true,\"valueName\":\"search_term_string\"}}],\"inLanguage\":\"ca\"},{\"@type\":\"Person\",\"@id\":\"https:\/\/valderrobres-candida.com\/cat\/#\/schema\/person\/592724f30d9f633dc775fbe3b215b45e\",\"name\":\"admin\",\"image\":{\"@type\":\"ImageObject\",\"inLanguage\":\"ca\",\"@id\":\"https:\/\/valderrobres-candida.com\/cat\/#\/schema\/person\/image\/\",\"url\":\"https:\/\/secure.gravatar.com\/avatar\/6593ee61f0881136cad83437ff20a0e7a7e66b6fb8ebe95c1f89f896a627e56a?s=96&d=mm&r=g\",\"contentUrl\":\"https:\/\/secure.gravatar.com\/avatar\/6593ee61f0881136cad83437ff20a0e7a7e66b6fb8ebe95c1f89f896a627e56a?s=96&d=mm&r=g\",\"caption\":\"admin\"},\"url\":\"https:\/\/valderrobres-candida.com\/cat\/blog\/author\/admin\/\"}]}<\/script>\n<!-- \/ Yoast SEO plugin. -->","yoast_head_json":{"title":"#NoTePuedesPerder: Gran Premio de Movistar de Arag\u00f3n - Valderrobres Candida CAT","robots":{"index":"index","follow":"follow","max-snippet":"max-snippet:-1","max-image-preview":"max-image-preview:large","max-video-preview":"max-video-preview:-1"},"canonical":"https:\/\/valderrobres-candida.com\/cat\/blog\/2017\/09\/15\/notepuedesperder-gran-premio-de-movistar-de-aragon\/","og_locale":"ca_ES","og_type":"article","og_title":"#NoTePuedesPerder: Gran Premio de Movistar de Arag\u00f3n - Valderrobres Candida CAT","og_description":"El fin de semana del 23 y 24 de septiembre\u00a0 llega por octava vez a MotorLand el Gran Premio Movistar de Arag\u00f3n de MotoGP. En las anteriores ediciones el mundial ha llevado\u00a0a Alca\u00f1iz a una media de m\u00e1s de 100.000 aficionados durante el evento. En Do\u00f1a C\u00e1ndida contamos a\u00f1o tras a\u00f1o con cerca de 500","og_url":"https:\/\/valderrobres-candida.com\/cat\/blog\/2017\/09\/15\/notepuedesperder-gran-premio-de-movistar-de-aragon\/","og_site_name":"Valderrobres Candida CAT","article_published_time":"2017-09-15T07:35:21+00:00","article_modified_time":"2017-09-15T07:37:29+00:00","og_image":[{"url":"http:\/\/valderrobres-candida.com\/wp-content\/uploads\/Captura-de-pantalla-2017-09-15-a-las-9.27.47-300x185.png","type":"","width":"","height":""}],"author":"admin","twitter_card":"summary_large_image","twitter_misc":{"Escrit per":"admin","Temps estimat de lectura":"1 minut"},"schema":{"@context":"https:\/\/schema.org","@graph":[{"@type":"Article","@id":"https:\/\/valderrobres-candida.com\/cat\/blog\/2017\/09\/15\/notepuedesperder-gran-premio-de-movistar-de-aragon\/#article","isPartOf":{"@id":"https:\/\/valderrobres-candida.com\/cat\/blog\/2017\/09\/15\/notepuedesperder-gran-premio-de-movistar-de-aragon\/"},"author":{"name":"admin","@id":"https:\/\/valderrobres-candida.com\/cat\/#\/schema\/person\/592724f30d9f633dc775fbe3b215b45e"},"headline":"#NoTePuedesPerder: Gran Premio de Movistar de Arag\u00f3n","datePublished":"2017-09-15T07:35:21+00:00","dateModified":"2017-09-15T07:37:29+00:00","mainEntityOfPage":{"@id":"https:\/\/valderrobres-candida.com\/cat\/blog\/2017\/09\/15\/notepuedesperder-gran-premio-de-movistar-de-aragon\/"},"wordCount":135,"commentCount":0,"image":{"@id":"https:\/\/valderrobres-candida.com\/cat\/blog\/2017\/09\/15\/notepuedesperder-gran-premio-de-movistar-de-aragon\/#primaryimage"},"thumbnailUrl":"http:\/\/valderrobres-candida.com\/wp-content\/uploads\/Captura-de-pantalla-2017-09-15-a-las-9.27.47-300x185.png","keywords":["do\u00f1a c\u00e1ndida","do\u00f1acandida","motogp","MOTOR","motorland","motorland arag\u00f3n","motos"],"articleSection":["Blog","Motorland Arag\u00f3n"],"inLanguage":"ca","potentialAction":[{"@type":"CommentAction","name":"Comment","target":["https:\/\/valderrobres-candida.com\/cat\/blog\/2017\/09\/15\/notepuedesperder-gran-premio-de-movistar-de-aragon\/#respond"]}]},{"@type":"WebPage","@id":"https:\/\/valderrobres-candida.com\/cat\/blog\/2017\/09\/15\/notepuedesperder-gran-premio-de-movistar-de-aragon\/","url":"https:\/\/valderrobres-candida.com\/cat\/blog\/2017\/09\/15\/notepuedesperder-gran-premio-de-movistar-de-aragon\/","name":"#NoTePuedesPerder: Gran Premio de Movistar de Arag\u00f3n - Valderrobres Candida CAT","isPartOf":{"@id":"https:\/\/valderrobres-candida.com\/cat\/#website"},"primaryImageOfPage":{"@id":"https:\/\/valderrobres-candida.com\/cat\/blog\/2017\/09\/15\/notepuedesperder-gran-premio-de-movistar-de-aragon\/#primaryimage"},"image":{"@id":"https:\/\/valderrobres-candida.com\/cat\/blog\/2017\/09\/15\/notepuedesperder-gran-premio-de-movistar-de-aragon\/#primaryimage"},"thumbnailUrl":"http:\/\/valderrobres-candida.com\/wp-content\/uploads\/Captura-de-pantalla-2017-09-15-a-las-9.27.47-300x185.png","datePublished":"2017-09-15T07:35:21+00:00","dateModified":"2017-09-15T07:37:29+00:00","author":{"@id":"https:\/\/valderrobres-candida.com\/cat\/#\/schema\/person\/592724f30d9f633dc775fbe3b215b45e"},"breadcrumb":{"@id":"https:\/\/valderrobres-candida.com\/cat\/blog\/2017\/09\/15\/notepuedesperder-gran-premio-de-movistar-de-aragon\/#breadcrumb"},"inLanguage":"ca","potentialAction":[{"@type":"ReadAction","target":["https:\/\/valderrobres-candida.com\/cat\/blog\/2017\/09\/15\/notepuedesperder-gran-premio-de-movistar-de-aragon\/"]}]},{"@type":"ImageObject","inLanguage":"ca","@id":"https:\/\/valderrobres-candida.com\/cat\/blog\/2017\/09\/15\/notepuedesperder-gran-premio-de-movistar-de-aragon\/#primaryimage","url":"http:\/\/valderrobres-candida.com\/wp-content\/uploads\/Captura-de-pantalla-2017-09-15-a-las-9.27.47-300x185.png","contentUrl":"http:\/\/valderrobres-candida.com\/wp-content\/uploads\/Captura-de-pantalla-2017-09-15-a-las-9.27.47-300x185.png"},{"@type":"BreadcrumbList","@id":"https:\/\/valderrobres-candida.com\/cat\/blog\/2017\/09\/15\/notepuedesperder-gran-premio-de-movistar-de-aragon\/#breadcrumb","itemListElement":[{"@type":"ListItem","position":1,"name":"Portada","item":"https:\/\/valderrobres-candida.com\/cat\/"},{"@type":"ListItem","position":2,"name":"#NoTePuedesPerder: Gran Premio de Movistar de Arag\u00f3n"}]},{"@type":"WebSite","@id":"https:\/\/valderrobres-candida.com\/cat\/#website","url":"https:\/\/valderrobres-candida.com\/cat\/","name":"Valderrobres Candida CAT","description":"","potentialAction":[{"@type":"SearchAction","target":{"@type":"EntryPoint","urlTemplate":"https:\/\/valderrobres-candida.com\/cat\/?s={search_term_string}"},"query-input":{"@type":"PropertyValueSpecification","valueRequired":true,"valueName":"search_term_string"}}],"inLanguage":"ca"},{"@type":"Person","@id":"https:\/\/valderrobres-candida.com\/cat\/#\/schema\/person\/592724f30d9f633dc775fbe3b215b45e","name":"admin","image":{"@type":"ImageObject","inLanguage":"ca","@id":"https:\/\/valderrobres-candida.com\/cat\/#\/schema\/person\/image\/","url":"https:\/\/secure.gravatar.com\/avatar\/6593ee61f0881136cad83437ff20a0e7a7e66b6fb8ebe95c1f89f896a627e56a?s=96&d=mm&r=g","contentUrl":"https:\/\/secure.gravatar.com\/avatar\/6593ee61f0881136cad83437ff20a0e7a7e66b6fb8ebe95c1f89f896a627e56a?s=96&d=mm&r=g","caption":"admin"},"url":"https:\/\/valderrobres-candida.com\/cat\/blog\/author\/admin\/"}]}},"_links":{"self":[{"href":"https:\/\/valderrobres-candida.com\/cat\/wp-json\/wp\/v2\/posts\/1111","targetHints":{"allow":["GET"]}}],"collection":[{"href":"https:\/\/valderrobres-candida.com\/cat\/wp-json\/wp\/v2\/posts"}],"about":[{"href":"https:\/\/valderrobres-candida.com\/cat\/wp-json\/wp\/v2\/types\/post"}],"author":[{"embeddable":true,"href":"https:\/\/valderrobres-candida.com\/cat\/wp-json\/wp\/v2\/users\/1"}],"replies":[{"embeddable":true,"href":"https:\/\/valderrobres-candida.com\/cat\/wp-json\/wp\/v2\/comments?post=1111"}],"version-history":[{"count":3,"href":"https:\/\/valderrobres-candida.com\/cat\/wp-json\/wp\/v2\/posts\/1111\/revisions"}],"predecessor-version":[{"id":1116,"href":"https:\/\/valderrobres-candida.com\/cat\/wp-json\/wp\/v2\/posts\/1111\/revisions\/1116"}],"wp:attachment":[{"href":"https:\/\/valderrobres-candida.com\/cat\/wp-json\/wp\/v2\/media?parent=1111"}],"wp:term":[{"taxonomy":"category","embeddable":true,"href":"https:\/\/valderrobres-candida.com\/cat\/wp-json\/wp\/v2\/categories?post=1111"},{"taxonomy":"post_tag","embeddable":true,"href":"https:\/\/valderrobres-candida.com\/cat\/wp-json\/wp\/v2\/tags?post=1111"}],"curies":[{"name":"wp","href":"https:\/\/api.w.org\/{rel}","templated":true}]}}