{"id":1118,"date":"2017-09-29T09:01:38","date_gmt":"2017-09-29T09:01:38","guid":{"rendered":"http:\/\/valderrobres-candida.com\/?p=1118"},"modified":"2017-09-29T09:12:16","modified_gmt":"2017-09-29T09:12:16","slug":"notepuedesperder-la-libreria-serret","status":"publish","type":"post","link":"https:\/\/valderrobres-candida.com\/cat\/blog\/2017\/09\/29\/notepuedesperder-la-libreria-serret\/","title":{"rendered":"#NoTePuedesPerder: La librer\u00eda Serret"},"content":{"rendered":"<p>La librer\u00eda Serret de Valderrobres es, en la actualidad, un <strong>referente cultural y literario<\/strong> de la comarca del Matarra\u00f1a y del Bajo Arag\u00f3n, y su influencia llega hasta buena parte de las Tierras de El Ebro, en la provincia de Tarragona. Octavio Serret, su propietario y fundador, ha invertido muchas horas de esfuerzo para hacer llegar a este negocio hasta lo m\u00e1s alto.<\/p>\n<p>La librer\u00eda est\u00e1 especializada en los llamados &#8220;<strong>autores del boom<\/strong>&#8220;, que escribieron parte de su obra en esta zona y cuyos libros constan de numerosas referencias a Matarra\u00f1a, la Franja de Ponent, La Batalla del Ebro, el Carlismo y la Guerra Civil Espa\u00f1ola.<\/p>\n<p>&nbsp;<\/p>\n","protected":false},"excerpt":{"rendered":"<p>La librer\u00eda Serret de Valderrobres es, en la actualidad, un referente cultural y literario de la comarca del Matarra\u00f1a y del Bajo Arag\u00f3n, y su influencia llega hasta buena parte de las Tierras de El Ebro, en la provincia de Tarragona. Octavio Serret, su propietario y fundador, ha invertido muchas horas de esfuerzo para hacer<\/p>\n","protected":false},"author":1,"featured_media":1120,"comment_status":"open","ping_status":"open","sticky":false,"template":"","format":"standard","meta":{"footnotes":""},"categories":[150,18],"tags":[],"class_list":["post-1118","post","type-post","status-publish","format-standard","has-post-thumbnail","hentry","category-blog","category-noticias"],"yoast_head":"<!-- This site is optimized with the Yoast SEO plugin v26.7 - https:\/\/yoast.com\/wordpress\/plugins\/seo\/ -->\n<title>#NoTePuedesPerder: La librer\u00eda Serret - Valderrobres Candida CAT<\/title>\n<meta name=\"robots\" content=\"index, follow, max-snippet:-1, max-image-preview:large, max-video-preview:-1\" \/>\n<link rel=\"canonical\" href=\"https:\/\/valderrobres-candida.com\/cat\/blog\/2017\/09\/29\/notepuedesperder-la-libreria-serret\/\" \/>\n<meta property=\"og:locale\" content=\"ca_ES\" \/>\n<meta property=\"og:type\" content=\"article\" \/>\n<meta property=\"og:title\" content=\"#NoTePuedesPerder: La librer\u00eda Serret - Valderrobres Candida CAT\" \/>\n<meta property=\"og:description\" content=\"La librer\u00eda Serret de Valderrobres es, en la actualidad, un referente cultural y literario de la comarca del Matarra\u00f1a y del Bajo Arag\u00f3n, y su influencia llega hasta buena parte de las Tierras de El Ebro, en la provincia de Tarragona. Octavio Serret, su propietario y fundador, ha invertido muchas horas de esfuerzo para hacer\" \/>\n<meta property=\"og:url\" content=\"https:\/\/valderrobres-candida.com\/cat\/blog\/2017\/09\/29\/notepuedesperder-la-libreria-serret\/\" \/>\n<meta property=\"og:site_name\" content=\"Valderrobres Candida CAT\" \/>\n<meta property=\"article:published_time\" content=\"2017-09-29T09:01:38+00:00\" \/>\n<meta property=\"article:modified_time\" content=\"2017-09-29T09:12:16+00:00\" \/>\n<meta property=\"og:image\" content=\"https:\/\/valderrobres-candida.com\/cat\/wp-content\/uploads\/sites\/4\/foto-llibreria-serret-.jpg\" \/>\n\t<meta property=\"og:image:width\" content=\"2389\" \/>\n\t<meta property=\"og:image:height\" content=\"1377\" \/>\n\t<meta property=\"og:image:type\" content=\"image\/jpeg\" \/>\n<meta name=\"author\" content=\"admin\" \/>\n<meta name=\"twitter:card\" content=\"summary_large_image\" \/>\n<meta name=\"twitter:label1\" content=\"Escrit per\" \/>\n\t<meta name=\"twitter:data1\" content=\"admin\" \/>\n\t<meta name=\"twitter:label2\" content=\"Temps estimat de lectura\" \/>\n\t<meta name=\"twitter:data2\" content=\"1 minut\" \/>\n<script type=\"application\/ld+json\" class=\"yoast-schema-graph\">{\"@context\":\"https:\/\/schema.org\",\"@graph\":[{\"@type\":\"Article\",\"@id\":\"https:\/\/valderrobres-candida.com\/cat\/blog\/2017\/09\/29\/notepuedesperder-la-libreria-serret\/#article\",\"isPartOf\":{\"@id\":\"https:\/\/valderrobres-candida.com\/cat\/blog\/2017\/09\/29\/notepuedesperder-la-libreria-serret\/\"},\"author\":{\"name\":\"admin\",\"@id\":\"https:\/\/valderrobres-candida.com\/cat\/#\/schema\/person\/592724f30d9f633dc775fbe3b215b45e\"},\"headline\":\"#NoTePuedesPerder: La librer\u00eda Serret\",\"datePublished\":\"2017-09-29T09:01:38+00:00\",\"dateModified\":\"2017-09-29T09:12:16+00:00\",\"mainEntityOfPage\":{\"@id\":\"https:\/\/valderrobres-candida.com\/cat\/blog\/2017\/09\/29\/notepuedesperder-la-libreria-serret\/\"},\"wordCount\":119,\"commentCount\":0,\"image\":{\"@id\":\"https:\/\/valderrobres-candida.com\/cat\/blog\/2017\/09\/29\/notepuedesperder-la-libreria-serret\/#primaryimage\"},\"thumbnailUrl\":\"https:\/\/valderrobres-candida.com\/cat\/wp-content\/uploads\/sites\/4\/foto-llibreria-serret-.jpg\",\"articleSection\":[\"Blog\",\"Not\u00edcias\"],\"inLanguage\":\"ca\",\"potentialAction\":[{\"@type\":\"CommentAction\",\"name\":\"Comment\",\"target\":[\"https:\/\/valderrobres-candida.com\/cat\/blog\/2017\/09\/29\/notepuedesperder-la-libreria-serret\/#respond\"]}]},{\"@type\":\"WebPage\",\"@id\":\"https:\/\/valderrobres-candida.com\/cat\/blog\/2017\/09\/29\/notepuedesperder-la-libreria-serret\/\",\"url\":\"https:\/\/valderrobres-candida.com\/cat\/blog\/2017\/09\/29\/notepuedesperder-la-libreria-serret\/\",\"name\":\"#NoTePuedesPerder: La librer\u00eda Serret - Valderrobres Candida CAT\",\"isPartOf\":{\"@id\":\"https:\/\/valderrobres-candida.com\/cat\/#website\"},\"primaryImageOfPage\":{\"@id\":\"https:\/\/valderrobres-candida.com\/cat\/blog\/2017\/09\/29\/notepuedesperder-la-libreria-serret\/#primaryimage\"},\"image\":{\"@id\":\"https:\/\/valderrobres-candida.com\/cat\/blog\/2017\/09\/29\/notepuedesperder-la-libreria-serret\/#primaryimage\"},\"thumbnailUrl\":\"https:\/\/valderrobres-candida.com\/cat\/wp-content\/uploads\/sites\/4\/foto-llibreria-serret-.jpg\",\"datePublished\":\"2017-09-29T09:01:38+00:00\",\"dateModified\":\"2017-09-29T09:12:16+00:00\",\"author\":{\"@id\":\"https:\/\/valderrobres-candida.com\/cat\/#\/schema\/person\/592724f30d9f633dc775fbe3b215b45e\"},\"breadcrumb\":{\"@id\":\"https:\/\/valderrobres-candida.com\/cat\/blog\/2017\/09\/29\/notepuedesperder-la-libreria-serret\/#breadcrumb\"},\"inLanguage\":\"ca\",\"potentialAction\":[{\"@type\":\"ReadAction\",\"target\":[\"https:\/\/valderrobres-candida.com\/cat\/blog\/2017\/09\/29\/notepuedesperder-la-libreria-serret\/\"]}]},{\"@type\":\"ImageObject\",\"inLanguage\":\"ca\",\"@id\":\"https:\/\/valderrobres-candida.com\/cat\/blog\/2017\/09\/29\/notepuedesperder-la-libreria-serret\/#primaryimage\",\"url\":\"https:\/\/valderrobres-candida.com\/cat\/wp-content\/uploads\/sites\/4\/foto-llibreria-serret-.jpg\",\"contentUrl\":\"https:\/\/valderrobres-candida.com\/cat\/wp-content\/uploads\/sites\/4\/foto-llibreria-serret-.jpg\",\"width\":2389,\"height\":1377},{\"@type\":\"BreadcrumbList\",\"@id\":\"https:\/\/valderrobres-candida.com\/cat\/blog\/2017\/09\/29\/notepuedesperder-la-libreria-serret\/#breadcrumb\",\"itemListElement\":[{\"@type\":\"ListItem\",\"position\":1,\"name\":\"Portada\",\"item\":\"https:\/\/valderrobres-candida.com\/cat\/\"},{\"@type\":\"ListItem\",\"position\":2,\"name\":\"#NoTePuedesPerder: La librer\u00eda Serret\"}]},{\"@type\":\"WebSite\",\"@id\":\"https:\/\/valderrobres-candida.com\/cat\/#website\",\"url\":\"https:\/\/valderrobres-candida.com\/cat\/\",\"name\":\"Valderrobres Candida CAT\",\"description\":\"\",\"potentialAction\":[{\"@type\":\"SearchAction\",\"target\":{\"@type\":\"EntryPoint\",\"urlTemplate\":\"https:\/\/valderrobres-candida.com\/cat\/?s={search_term_string}\"},\"query-input\":{\"@type\":\"PropertyValueSpecification\",\"valueRequired\":true,\"valueName\":\"search_term_string\"}}],\"inLanguage\":\"ca\"},{\"@type\":\"Person\",\"@id\":\"https:\/\/valderrobres-candida.com\/cat\/#\/schema\/person\/592724f30d9f633dc775fbe3b215b45e\",\"name\":\"admin\",\"image\":{\"@type\":\"ImageObject\",\"inLanguage\":\"ca\",\"@id\":\"https:\/\/valderrobres-candida.com\/cat\/#\/schema\/person\/image\/\",\"url\":\"https:\/\/secure.gravatar.com\/avatar\/6593ee61f0881136cad83437ff20a0e7a7e66b6fb8ebe95c1f89f896a627e56a?s=96&d=mm&r=g\",\"contentUrl\":\"https:\/\/secure.gravatar.com\/avatar\/6593ee61f0881136cad83437ff20a0e7a7e66b6fb8ebe95c1f89f896a627e56a?s=96&d=mm&r=g\",\"caption\":\"admin\"},\"url\":\"https:\/\/valderrobres-candida.com\/cat\/blog\/author\/admin\/\"}]}<\/script>\n<!-- \/ Yoast SEO plugin. -->","yoast_head_json":{"title":"#NoTePuedesPerder: La librer\u00eda Serret - Valderrobres Candida CAT","robots":{"index":"index","follow":"follow","max-snippet":"max-snippet:-1","max-image-preview":"max-image-preview:large","max-video-preview":"max-video-preview:-1"},"canonical":"https:\/\/valderrobres-candida.com\/cat\/blog\/2017\/09\/29\/notepuedesperder-la-libreria-serret\/","og_locale":"ca_ES","og_type":"article","og_title":"#NoTePuedesPerder: La librer\u00eda Serret - Valderrobres Candida CAT","og_description":"La librer\u00eda Serret de Valderrobres es, en la actualidad, un referente cultural y literario de la comarca del Matarra\u00f1a y del Bajo Arag\u00f3n, y su influencia llega hasta buena parte de las Tierras de El Ebro, en la provincia de Tarragona. Octavio Serret, su propietario y fundador, ha invertido muchas horas de esfuerzo para hacer","og_url":"https:\/\/valderrobres-candida.com\/cat\/blog\/2017\/09\/29\/notepuedesperder-la-libreria-serret\/","og_site_name":"Valderrobres Candida CAT","article_published_time":"2017-09-29T09:01:38+00:00","article_modified_time":"2017-09-29T09:12:16+00:00","og_image":[{"width":2389,"height":1377,"url":"https:\/\/valderrobres-candida.com\/cat\/wp-content\/uploads\/sites\/4\/foto-llibreria-serret-.jpg","type":"image\/jpeg"}],"author":"admin","twitter_card":"summary_large_image","twitter_misc":{"Escrit per":"admin","Temps estimat de lectura":"1 minut"},"schema":{"@context":"https:\/\/schema.org","@graph":[{"@type":"Article","@id":"https:\/\/valderrobres-candida.com\/cat\/blog\/2017\/09\/29\/notepuedesperder-la-libreria-serret\/#article","isPartOf":{"@id":"https:\/\/valderrobres-candida.com\/cat\/blog\/2017\/09\/29\/notepuedesperder-la-libreria-serret\/"},"author":{"name":"admin","@id":"https:\/\/valderrobres-candida.com\/cat\/#\/schema\/person\/592724f30d9f633dc775fbe3b215b45e"},"headline":"#NoTePuedesPerder: La librer\u00eda Serret","datePublished":"2017-09-29T09:01:38+00:00","dateModified":"2017-09-29T09:12:16+00:00","mainEntityOfPage":{"@id":"https:\/\/valderrobres-candida.com\/cat\/blog\/2017\/09\/29\/notepuedesperder-la-libreria-serret\/"},"wordCount":119,"commentCount":0,"image":{"@id":"https:\/\/valderrobres-candida.com\/cat\/blog\/2017\/09\/29\/notepuedesperder-la-libreria-serret\/#primaryimage"},"thumbnailUrl":"https:\/\/valderrobres-candida.com\/cat\/wp-content\/uploads\/sites\/4\/foto-llibreria-serret-.jpg","articleSection":["Blog","Not\u00edcias"],"inLanguage":"ca","potentialAction":[{"@type":"CommentAction","name":"Comment","target":["https:\/\/valderrobres-candida.com\/cat\/blog\/2017\/09\/29\/notepuedesperder-la-libreria-serret\/#respond"]}]},{"@type":"WebPage","@id":"https:\/\/valderrobres-candida.com\/cat\/blog\/2017\/09\/29\/notepuedesperder-la-libreria-serret\/","url":"https:\/\/valderrobres-candida.com\/cat\/blog\/2017\/09\/29\/notepuedesperder-la-libreria-serret\/","name":"#NoTePuedesPerder: La librer\u00eda Serret - Valderrobres Candida CAT","isPartOf":{"@id":"https:\/\/valderrobres-candida.com\/cat\/#website"},"primaryImageOfPage":{"@id":"https:\/\/valderrobres-candida.com\/cat\/blog\/2017\/09\/29\/notepuedesperder-la-libreria-serret\/#primaryimage"},"image":{"@id":"https:\/\/valderrobres-candida.com\/cat\/blog\/2017\/09\/29\/notepuedesperder-la-libreria-serret\/#primaryimage"},"thumbnailUrl":"https:\/\/valderrobres-candida.com\/cat\/wp-content\/uploads\/sites\/4\/foto-llibreria-serret-.jpg","datePublished":"2017-09-29T09:01:38+00:00","dateModified":"2017-09-29T09:12:16+00:00","author":{"@id":"https:\/\/valderrobres-candida.com\/cat\/#\/schema\/person\/592724f30d9f633dc775fbe3b215b45e"},"breadcrumb":{"@id":"https:\/\/valderrobres-candida.com\/cat\/blog\/2017\/09\/29\/notepuedesperder-la-libreria-serret\/#breadcrumb"},"inLanguage":"ca","potentialAction":[{"@type":"ReadAction","target":["https:\/\/valderrobres-candida.com\/cat\/blog\/2017\/09\/29\/notepuedesperder-la-libreria-serret\/"]}]},{"@type":"ImageObject","inLanguage":"ca","@id":"https:\/\/valderrobres-candida.com\/cat\/blog\/2017\/09\/29\/notepuedesperder-la-libreria-serret\/#primaryimage","url":"https:\/\/valderrobres-candida.com\/cat\/wp-content\/uploads\/sites\/4\/foto-llibreria-serret-.jpg","contentUrl":"https:\/\/valderrobres-candida.com\/cat\/wp-content\/uploads\/sites\/4\/foto-llibreria-serret-.jpg","width":2389,"height":1377},{"@type":"BreadcrumbList","@id":"https:\/\/valderrobres-candida.com\/cat\/blog\/2017\/09\/29\/notepuedesperder-la-libreria-serret\/#breadcrumb","itemListElement":[{"@type":"ListItem","position":1,"name":"Portada","item":"https:\/\/valderrobres-candida.com\/cat\/"},{"@type":"ListItem","position":2,"name":"#NoTePuedesPerder: La librer\u00eda Serret"}]},{"@type":"WebSite","@id":"https:\/\/valderrobres-candida.com\/cat\/#website","url":"https:\/\/valderrobres-candida.com\/cat\/","name":"Valderrobres Candida CAT","description":"","potentialAction":[{"@type":"SearchAction","target":{"@type":"EntryPoint","urlTemplate":"https:\/\/valderrobres-candida.com\/cat\/?s={search_term_string}"},"query-input":{"@type":"PropertyValueSpecification","valueRequired":true,"valueName":"search_term_string"}}],"inLanguage":"ca"},{"@type":"Person","@id":"https:\/\/valderrobres-candida.com\/cat\/#\/schema\/person\/592724f30d9f633dc775fbe3b215b45e","name":"admin","image":{"@type":"ImageObject","inLanguage":"ca","@id":"https:\/\/valderrobres-candida.com\/cat\/#\/schema\/person\/image\/","url":"https:\/\/secure.gravatar.com\/avatar\/6593ee61f0881136cad83437ff20a0e7a7e66b6fb8ebe95c1f89f896a627e56a?s=96&d=mm&r=g","contentUrl":"https:\/\/secure.gravatar.com\/avatar\/6593ee61f0881136cad83437ff20a0e7a7e66b6fb8ebe95c1f89f896a627e56a?s=96&d=mm&r=g","caption":"admin"},"url":"https:\/\/valderrobres-candida.com\/cat\/blog\/author\/admin\/"}]}},"_links":{"self":[{"href":"https:\/\/valderrobres-candida.com\/cat\/wp-json\/wp\/v2\/posts\/1118","targetHints":{"allow":["GET"]}}],"collection":[{"href":"https:\/\/valderrobres-candida.com\/cat\/wp-json\/wp\/v2\/posts"}],"about":[{"href":"https:\/\/valderrobres-candida.com\/cat\/wp-json\/wp\/v2\/types\/post"}],"author":[{"embeddable":true,"href":"https:\/\/valderrobres-candida.com\/cat\/wp-json\/wp\/v2\/users\/1"}],"replies":[{"embeddable":true,"href":"https:\/\/valderrobres-candida.com\/cat\/wp-json\/wp\/v2\/comments?post=1118"}],"version-history":[{"count":1,"href":"https:\/\/valderrobres-candida.com\/cat\/wp-json\/wp\/v2\/posts\/1118\/revisions"}],"predecessor-version":[{"id":1119,"href":"https:\/\/valderrobres-candida.com\/cat\/wp-json\/wp\/v2\/posts\/1118\/revisions\/1119"}],"wp:featuredmedia":[{"embeddable":true,"href":"https:\/\/valderrobres-candida.com\/cat\/wp-json\/wp\/v2\/media\/1120"}],"wp:attachment":[{"href":"https:\/\/valderrobres-candida.com\/cat\/wp-json\/wp\/v2\/media?parent=1118"}],"wp:term":[{"taxonomy":"category","embeddable":true,"href":"https:\/\/valderrobres-candida.com\/cat\/wp-json\/wp\/v2\/categories?post=1118"},{"taxonomy":"post_tag","embeddable":true,"href":"https:\/\/valderrobres-candida.com\/cat\/wp-json\/wp\/v2\/tags?post=1118"}],"curies":[{"name":"wp","href":"https:\/\/api.w.org\/{rel}","templated":true}]}}