{"id":1181,"date":"2018-02-26T08:43:38","date_gmt":"2018-02-26T08:43:38","guid":{"rendered":"http:\/\/valderrobres-candida.com\/?p=1181"},"modified":"2018-02-26T08:43:38","modified_gmt":"2018-02-26T08:43:38","slug":"notepuedesperder-parque-natural-els-ports","status":"publish","type":"post","link":"https:\/\/valderrobres-candida.com\/cat\/blog\/2018\/02\/26\/notepuedesperder-parque-natural-els-ports\/","title":{"rendered":"#NoTePuedesPerder | Parque Natural Els Ports"},"content":{"rendered":"<p>En el a\u00f1o 2001 la Generalitat de Catalunya declar\u00f3 el <b>macizo de Els Ports<\/b> Parque Natural, a\u00f1adi\u00e9ndole la <b>Reserva Natural Parcial de les Fagedes dels Ports<\/b>(Reserva Natural Parcial de los Hayedos de Els Ports), muy interesante por la escasa presencia de la haya en el sur de Europa.<\/p>\n<p>Desde la perspectiva de la biodiversidad, el Parque acoge m\u00e1s de mil especies bot\u00e1nicas. Adem\u00e1s, se ha convertido en la reserva de <b>cabra hisp\u00e1nica<\/b> m\u00e1s importante del Estado.<\/p>\n<p>El visitante encontrar\u00e1 <b>dos climas<\/b> claramente diferenciados: en la vertiente sureste el paisaje es t\u00edpicamente mediterr\u00e1neo, pero en la parte occidental la temperatura se vuelve m\u00e1s fr\u00eda y con m\u00e1s precipitaciones en las cotas que superan los mil metros de altitud. El punto m\u00e1s alto es el monte <b>Caro<\/b> (1.447 metros), desde donde se pueden ver los <a href=\"http:\/\/www.catalunya.com\/-3-1-9\" target=\"_blank\">Pirineos<\/a> y las islas Baleares si el d\u00eda es claro.<\/p>\n<p>En el macizo abundan las cuevas, las pozas y las simas. Un ejemplo son las erosiones que provoca el <b>r\u00edo Matarranya<\/b> a su paso por la monta\u00f1a, que causan unas formas espectaculares.<\/p>\n<p>Este regalo de la naturaleza propicia la pr\u00e1ctica del <b>senderismo<\/b> y la <b>espeleolog\u00eda<\/b>. En este sentido, en el parque se pueden hacer muchas rutas en <b>bicicleta de monta\u00f1a<\/b> o a pie, de todos los niveles y dificultades.<\/p>\n<div class=\"block\"><span class=\"subtitle\">Superficie<\/span> <span class=\"value\">38354<\/span><\/div>\n<div class=\"block\"><span class=\"subtitle\">Municipios que comprende<\/span> <span class=\"value\">Arnes; Horta de Sant Joan; Prat de Comte; Alfara de Carles; Pa\u00fcls; Roquetes; Tortosa; Mas de Barberans; S\u00e9nia, la.<\/span><\/div>\n<div class=\"block\"><span class=\"subtitle\">Titularidad<\/span> <span class=\"value\">P\u00fablica<\/span><\/div>\n<div class=\"block\"><span class=\"subtitle\">Desde<\/span> <span class=\"value\">2001<\/span><\/div>\n<div class=\"block\"><\/div>\n<div class=\"block\">v\u00eda catalunya.com<\/div>\n","protected":false},"excerpt":{"rendered":"<p>En el a\u00f1o 2001 la Generalitat de Catalunya declar\u00f3 el macizo de Els Ports Parque Natural, a\u00f1adi\u00e9ndole la Reserva Natural Parcial de les Fagedes dels Ports(Reserva Natural Parcial de los Hayedos de Els Ports), muy interesante por la escasa presencia de la haya en el sur de Europa. Desde la perspectiva de la biodiversidad, el<\/p>\n","protected":false},"author":1,"featured_media":1182,"comment_status":"open","ping_status":"open","sticky":false,"template":"","format":"standard","meta":{"footnotes":""},"categories":[150,18],"tags":[],"class_list":["post-1181","post","type-post","status-publish","format-standard","has-post-thumbnail","hentry","category-blog","category-noticias"],"yoast_head":"<!-- This site is optimized with the Yoast SEO plugin v26.7 - https:\/\/yoast.com\/wordpress\/plugins\/seo\/ -->\n<title>#NoTePuedesPerder | Parque Natural Els Ports - Valderrobres Candida CAT<\/title>\n<meta name=\"robots\" content=\"index, follow, max-snippet:-1, max-image-preview:large, max-video-preview:-1\" \/>\n<link rel=\"canonical\" href=\"https:\/\/valderrobres-candida.com\/cat\/blog\/2018\/02\/26\/notepuedesperder-parque-natural-els-ports\/\" \/>\n<meta property=\"og:locale\" content=\"ca_ES\" \/>\n<meta property=\"og:type\" content=\"article\" \/>\n<meta property=\"og:title\" content=\"#NoTePuedesPerder | Parque Natural Els Ports - Valderrobres Candida CAT\" \/>\n<meta property=\"og:description\" content=\"En el a\u00f1o 2001 la Generalitat de Catalunya declar\u00f3 el macizo de Els Ports Parque Natural, a\u00f1adi\u00e9ndole la Reserva Natural Parcial de les Fagedes dels Ports(Reserva Natural Parcial de los Hayedos de Els Ports), muy interesante por la escasa presencia de la haya en el sur de Europa. Desde la perspectiva de la biodiversidad, el\" \/>\n<meta property=\"og:url\" content=\"https:\/\/valderrobres-candida.com\/cat\/blog\/2018\/02\/26\/notepuedesperder-parque-natural-els-ports\/\" \/>\n<meta property=\"og:site_name\" content=\"Valderrobres Candida CAT\" \/>\n<meta property=\"article:published_time\" content=\"2018-02-26T08:43:38+00:00\" \/>\n<meta property=\"og:image\" content=\"https:\/\/valderrobres-candida.com\/cat\/wp-content\/uploads\/sites\/4\/Els_Ports1.jpg\" \/>\n\t<meta property=\"og:image:width\" content=\"1200\" \/>\n\t<meta property=\"og:image:height\" content=\"900\" \/>\n\t<meta property=\"og:image:type\" content=\"image\/jpeg\" \/>\n<meta name=\"author\" content=\"admin\" \/>\n<meta name=\"twitter:card\" content=\"summary_large_image\" \/>\n<meta name=\"twitter:label1\" content=\"Escrit per\" \/>\n\t<meta name=\"twitter:data1\" content=\"admin\" \/>\n\t<meta name=\"twitter:label2\" content=\"Temps estimat de lectura\" \/>\n\t<meta name=\"twitter:data2\" content=\"1 minut\" \/>\n<script type=\"application\/ld+json\" class=\"yoast-schema-graph\">{\"@context\":\"https:\/\/schema.org\",\"@graph\":[{\"@type\":\"Article\",\"@id\":\"https:\/\/valderrobres-candida.com\/cat\/blog\/2018\/02\/26\/notepuedesperder-parque-natural-els-ports\/#article\",\"isPartOf\":{\"@id\":\"https:\/\/valderrobres-candida.com\/cat\/blog\/2018\/02\/26\/notepuedesperder-parque-natural-els-ports\/\"},\"author\":{\"name\":\"admin\",\"@id\":\"https:\/\/valderrobres-candida.com\/cat\/#\/schema\/person\/592724f30d9f633dc775fbe3b215b45e\"},\"headline\":\"#NoTePuedesPerder | Parque Natural Els Ports\",\"datePublished\":\"2018-02-26T08:43:38+00:00\",\"mainEntityOfPage\":{\"@id\":\"https:\/\/valderrobres-candida.com\/cat\/blog\/2018\/02\/26\/notepuedesperder-parque-natural-els-ports\/\"},\"wordCount\":269,\"commentCount\":0,\"image\":{\"@id\":\"https:\/\/valderrobres-candida.com\/cat\/blog\/2018\/02\/26\/notepuedesperder-parque-natural-els-ports\/#primaryimage\"},\"thumbnailUrl\":\"https:\/\/valderrobres-candida.com\/cat\/wp-content\/uploads\/sites\/4\/Els_Ports1.jpg\",\"articleSection\":[\"Blog\",\"Not\u00edcias\"],\"inLanguage\":\"ca\",\"potentialAction\":[{\"@type\":\"CommentAction\",\"name\":\"Comment\",\"target\":[\"https:\/\/valderrobres-candida.com\/cat\/blog\/2018\/02\/26\/notepuedesperder-parque-natural-els-ports\/#respond\"]}]},{\"@type\":\"WebPage\",\"@id\":\"https:\/\/valderrobres-candida.com\/cat\/blog\/2018\/02\/26\/notepuedesperder-parque-natural-els-ports\/\",\"url\":\"https:\/\/valderrobres-candida.com\/cat\/blog\/2018\/02\/26\/notepuedesperder-parque-natural-els-ports\/\",\"name\":\"#NoTePuedesPerder | Parque Natural Els Ports - Valderrobres Candida CAT\",\"isPartOf\":{\"@id\":\"https:\/\/valderrobres-candida.com\/cat\/#website\"},\"primaryImageOfPage\":{\"@id\":\"https:\/\/valderrobres-candida.com\/cat\/blog\/2018\/02\/26\/notepuedesperder-parque-natural-els-ports\/#primaryimage\"},\"image\":{\"@id\":\"https:\/\/valderrobres-candida.com\/cat\/blog\/2018\/02\/26\/notepuedesperder-parque-natural-els-ports\/#primaryimage\"},\"thumbnailUrl\":\"https:\/\/valderrobres-candida.com\/cat\/wp-content\/uploads\/sites\/4\/Els_Ports1.jpg\",\"datePublished\":\"2018-02-26T08:43:38+00:00\",\"author\":{\"@id\":\"https:\/\/valderrobres-candida.com\/cat\/#\/schema\/person\/592724f30d9f633dc775fbe3b215b45e\"},\"breadcrumb\":{\"@id\":\"https:\/\/valderrobres-candida.com\/cat\/blog\/2018\/02\/26\/notepuedesperder-parque-natural-els-ports\/#breadcrumb\"},\"inLanguage\":\"ca\",\"potentialAction\":[{\"@type\":\"ReadAction\",\"target\":[\"https:\/\/valderrobres-candida.com\/cat\/blog\/2018\/02\/26\/notepuedesperder-parque-natural-els-ports\/\"]}]},{\"@type\":\"ImageObject\",\"inLanguage\":\"ca\",\"@id\":\"https:\/\/valderrobres-candida.com\/cat\/blog\/2018\/02\/26\/notepuedesperder-parque-natural-els-ports\/#primaryimage\",\"url\":\"https:\/\/valderrobres-candida.com\/cat\/wp-content\/uploads\/sites\/4\/Els_Ports1.jpg\",\"contentUrl\":\"https:\/\/valderrobres-candida.com\/cat\/wp-content\/uploads\/sites\/4\/Els_Ports1.jpg\",\"width\":1200,\"height\":900},{\"@type\":\"BreadcrumbList\",\"@id\":\"https:\/\/valderrobres-candida.com\/cat\/blog\/2018\/02\/26\/notepuedesperder-parque-natural-els-ports\/#breadcrumb\",\"itemListElement\":[{\"@type\":\"ListItem\",\"position\":1,\"name\":\"Portada\",\"item\":\"https:\/\/valderrobres-candida.com\/cat\/\"},{\"@type\":\"ListItem\",\"position\":2,\"name\":\"#NoTePuedesPerder | Parque Natural Els Ports\"}]},{\"@type\":\"WebSite\",\"@id\":\"https:\/\/valderrobres-candida.com\/cat\/#website\",\"url\":\"https:\/\/valderrobres-candida.com\/cat\/\",\"name\":\"Valderrobres Candida CAT\",\"description\":\"\",\"potentialAction\":[{\"@type\":\"SearchAction\",\"target\":{\"@type\":\"EntryPoint\",\"urlTemplate\":\"https:\/\/valderrobres-candida.com\/cat\/?s={search_term_string}\"},\"query-input\":{\"@type\":\"PropertyValueSpecification\",\"valueRequired\":true,\"valueName\":\"search_term_string\"}}],\"inLanguage\":\"ca\"},{\"@type\":\"Person\",\"@id\":\"https:\/\/valderrobres-candida.com\/cat\/#\/schema\/person\/592724f30d9f633dc775fbe3b215b45e\",\"name\":\"admin\",\"image\":{\"@type\":\"ImageObject\",\"inLanguage\":\"ca\",\"@id\":\"https:\/\/valderrobres-candida.com\/cat\/#\/schema\/person\/image\/\",\"url\":\"https:\/\/secure.gravatar.com\/avatar\/6593ee61f0881136cad83437ff20a0e7a7e66b6fb8ebe95c1f89f896a627e56a?s=96&d=mm&r=g\",\"contentUrl\":\"https:\/\/secure.gravatar.com\/avatar\/6593ee61f0881136cad83437ff20a0e7a7e66b6fb8ebe95c1f89f896a627e56a?s=96&d=mm&r=g\",\"caption\":\"admin\"},\"url\":\"https:\/\/valderrobres-candida.com\/cat\/blog\/author\/admin\/\"}]}<\/script>\n<!-- \/ Yoast SEO plugin. -->","yoast_head_json":{"title":"#NoTePuedesPerder | Parque Natural Els Ports - Valderrobres Candida CAT","robots":{"index":"index","follow":"follow","max-snippet":"max-snippet:-1","max-image-preview":"max-image-preview:large","max-video-preview":"max-video-preview:-1"},"canonical":"https:\/\/valderrobres-candida.com\/cat\/blog\/2018\/02\/26\/notepuedesperder-parque-natural-els-ports\/","og_locale":"ca_ES","og_type":"article","og_title":"#NoTePuedesPerder | Parque Natural Els Ports - Valderrobres Candida CAT","og_description":"En el a\u00f1o 2001 la Generalitat de Catalunya declar\u00f3 el macizo de Els Ports Parque Natural, a\u00f1adi\u00e9ndole la Reserva Natural Parcial de les Fagedes dels Ports(Reserva Natural Parcial de los Hayedos de Els Ports), muy interesante por la escasa presencia de la haya en el sur de Europa. Desde la perspectiva de la biodiversidad, el","og_url":"https:\/\/valderrobres-candida.com\/cat\/blog\/2018\/02\/26\/notepuedesperder-parque-natural-els-ports\/","og_site_name":"Valderrobres Candida CAT","article_published_time":"2018-02-26T08:43:38+00:00","og_image":[{"width":1200,"height":900,"url":"https:\/\/valderrobres-candida.com\/cat\/wp-content\/uploads\/sites\/4\/Els_Ports1.jpg","type":"image\/jpeg"}],"author":"admin","twitter_card":"summary_large_image","twitter_misc":{"Escrit per":"admin","Temps estimat de lectura":"1 minut"},"schema":{"@context":"https:\/\/schema.org","@graph":[{"@type":"Article","@id":"https:\/\/valderrobres-candida.com\/cat\/blog\/2018\/02\/26\/notepuedesperder-parque-natural-els-ports\/#article","isPartOf":{"@id":"https:\/\/valderrobres-candida.com\/cat\/blog\/2018\/02\/26\/notepuedesperder-parque-natural-els-ports\/"},"author":{"name":"admin","@id":"https:\/\/valderrobres-candida.com\/cat\/#\/schema\/person\/592724f30d9f633dc775fbe3b215b45e"},"headline":"#NoTePuedesPerder | Parque Natural Els Ports","datePublished":"2018-02-26T08:43:38+00:00","mainEntityOfPage":{"@id":"https:\/\/valderrobres-candida.com\/cat\/blog\/2018\/02\/26\/notepuedesperder-parque-natural-els-ports\/"},"wordCount":269,"commentCount":0,"image":{"@id":"https:\/\/valderrobres-candida.com\/cat\/blog\/2018\/02\/26\/notepuedesperder-parque-natural-els-ports\/#primaryimage"},"thumbnailUrl":"https:\/\/valderrobres-candida.com\/cat\/wp-content\/uploads\/sites\/4\/Els_Ports1.jpg","articleSection":["Blog","Not\u00edcias"],"inLanguage":"ca","potentialAction":[{"@type":"CommentAction","name":"Comment","target":["https:\/\/valderrobres-candida.com\/cat\/blog\/2018\/02\/26\/notepuedesperder-parque-natural-els-ports\/#respond"]}]},{"@type":"WebPage","@id":"https:\/\/valderrobres-candida.com\/cat\/blog\/2018\/02\/26\/notepuedesperder-parque-natural-els-ports\/","url":"https:\/\/valderrobres-candida.com\/cat\/blog\/2018\/02\/26\/notepuedesperder-parque-natural-els-ports\/","name":"#NoTePuedesPerder | Parque Natural Els Ports - Valderrobres Candida CAT","isPartOf":{"@id":"https:\/\/valderrobres-candida.com\/cat\/#website"},"primaryImageOfPage":{"@id":"https:\/\/valderrobres-candida.com\/cat\/blog\/2018\/02\/26\/notepuedesperder-parque-natural-els-ports\/#primaryimage"},"image":{"@id":"https:\/\/valderrobres-candida.com\/cat\/blog\/2018\/02\/26\/notepuedesperder-parque-natural-els-ports\/#primaryimage"},"thumbnailUrl":"https:\/\/valderrobres-candida.com\/cat\/wp-content\/uploads\/sites\/4\/Els_Ports1.jpg","datePublished":"2018-02-26T08:43:38+00:00","author":{"@id":"https:\/\/valderrobres-candida.com\/cat\/#\/schema\/person\/592724f30d9f633dc775fbe3b215b45e"},"breadcrumb":{"@id":"https:\/\/valderrobres-candida.com\/cat\/blog\/2018\/02\/26\/notepuedesperder-parque-natural-els-ports\/#breadcrumb"},"inLanguage":"ca","potentialAction":[{"@type":"ReadAction","target":["https:\/\/valderrobres-candida.com\/cat\/blog\/2018\/02\/26\/notepuedesperder-parque-natural-els-ports\/"]}]},{"@type":"ImageObject","inLanguage":"ca","@id":"https:\/\/valderrobres-candida.com\/cat\/blog\/2018\/02\/26\/notepuedesperder-parque-natural-els-ports\/#primaryimage","url":"https:\/\/valderrobres-candida.com\/cat\/wp-content\/uploads\/sites\/4\/Els_Ports1.jpg","contentUrl":"https:\/\/valderrobres-candida.com\/cat\/wp-content\/uploads\/sites\/4\/Els_Ports1.jpg","width":1200,"height":900},{"@type":"BreadcrumbList","@id":"https:\/\/valderrobres-candida.com\/cat\/blog\/2018\/02\/26\/notepuedesperder-parque-natural-els-ports\/#breadcrumb","itemListElement":[{"@type":"ListItem","position":1,"name":"Portada","item":"https:\/\/valderrobres-candida.com\/cat\/"},{"@type":"ListItem","position":2,"name":"#NoTePuedesPerder | Parque Natural Els Ports"}]},{"@type":"WebSite","@id":"https:\/\/valderrobres-candida.com\/cat\/#website","url":"https:\/\/valderrobres-candida.com\/cat\/","name":"Valderrobres Candida CAT","description":"","potentialAction":[{"@type":"SearchAction","target":{"@type":"EntryPoint","urlTemplate":"https:\/\/valderrobres-candida.com\/cat\/?s={search_term_string}"},"query-input":{"@type":"PropertyValueSpecification","valueRequired":true,"valueName":"search_term_string"}}],"inLanguage":"ca"},{"@type":"Person","@id":"https:\/\/valderrobres-candida.com\/cat\/#\/schema\/person\/592724f30d9f633dc775fbe3b215b45e","name":"admin","image":{"@type":"ImageObject","inLanguage":"ca","@id":"https:\/\/valderrobres-candida.com\/cat\/#\/schema\/person\/image\/","url":"https:\/\/secure.gravatar.com\/avatar\/6593ee61f0881136cad83437ff20a0e7a7e66b6fb8ebe95c1f89f896a627e56a?s=96&d=mm&r=g","contentUrl":"https:\/\/secure.gravatar.com\/avatar\/6593ee61f0881136cad83437ff20a0e7a7e66b6fb8ebe95c1f89f896a627e56a?s=96&d=mm&r=g","caption":"admin"},"url":"https:\/\/valderrobres-candida.com\/cat\/blog\/author\/admin\/"}]}},"_links":{"self":[{"href":"https:\/\/valderrobres-candida.com\/cat\/wp-json\/wp\/v2\/posts\/1181","targetHints":{"allow":["GET"]}}],"collection":[{"href":"https:\/\/valderrobres-candida.com\/cat\/wp-json\/wp\/v2\/posts"}],"about":[{"href":"https:\/\/valderrobres-candida.com\/cat\/wp-json\/wp\/v2\/types\/post"}],"author":[{"embeddable":true,"href":"https:\/\/valderrobres-candida.com\/cat\/wp-json\/wp\/v2\/users\/1"}],"replies":[{"embeddable":true,"href":"https:\/\/valderrobres-candida.com\/cat\/wp-json\/wp\/v2\/comments?post=1181"}],"version-history":[{"count":1,"href":"https:\/\/valderrobres-candida.com\/cat\/wp-json\/wp\/v2\/posts\/1181\/revisions"}],"predecessor-version":[{"id":1183,"href":"https:\/\/valderrobres-candida.com\/cat\/wp-json\/wp\/v2\/posts\/1181\/revisions\/1183"}],"wp:featuredmedia":[{"embeddable":true,"href":"https:\/\/valderrobres-candida.com\/cat\/wp-json\/wp\/v2\/media\/1182"}],"wp:attachment":[{"href":"https:\/\/valderrobres-candida.com\/cat\/wp-json\/wp\/v2\/media?parent=1181"}],"wp:term":[{"taxonomy":"category","embeddable":true,"href":"https:\/\/valderrobres-candida.com\/cat\/wp-json\/wp\/v2\/categories?post=1181"},{"taxonomy":"post_tag","embeddable":true,"href":"https:\/\/valderrobres-candida.com\/cat\/wp-json\/wp\/v2\/tags?post=1181"}],"curies":[{"name":"wp","href":"https:\/\/api.w.org\/{rel}","templated":true}]}}