{"id":1187,"date":"2018-03-12T09:30:18","date_gmt":"2018-03-12T09:30:18","guid":{"rendered":"http:\/\/valderrobres-candida.com\/?p=1187"},"modified":"2018-03-12T09:55:03","modified_gmt":"2018-03-12T09:55:03","slug":"notepuedesperder-la-semana-santa","status":"publish","type":"post","link":"https:\/\/valderrobres-candida.com\/cat\/blog\/2018\/03\/12\/notepuedesperder-la-semana-santa\/","title":{"rendered":"#NoTePuedesPerder | La Semana Santa"},"content":{"rendered":"<div class=\"enigma_header_breadcrum_title\">\n<div class=\"container\">\n<div class=\"row\">\n<div class=\"col-md-12\">\n<p>Declarada <strong>Fiesta de Inter\u00e9s Tur\u00edstico de Arag\u00f3n<\/strong>, la Semana Santa de Valderrobres propiamente dicha tiene su inicio el Mi\u00e9rcoles Santo, con la <strong>Procesi\u00f3n del V\u00eda Crucis<\/strong>, que consta de catorce estaciones y recorre el casco antiguo de la localidad.<\/p>\n<\/div>\n<\/div>\n<\/div>\n<\/div>\n<div class=\"container\">\n<div class=\"row enigma_blog_wrapper\">\n<div class=\"col-md-12\">\n<div class=\"enigma_blog_full\">\n<div class=\"enigma_blog_post_content\">\n<p>La <strong>Procesi\u00f3n del Silencio<\/strong> sale el Jueves Santo. Recorre el casco antiguo para llevar los pasos hasta la Capilla de las Hermanas, donde descansar\u00e1n hasta la procesi\u00f3n del d\u00eda siguiente.<\/p>\n<p>El Viernes Santo se celebra dos actos muy importantes:<\/p>\n<ul>\n<li title=\"\" data-original-title=\"\">La <strong>Rompida de la Hora<\/strong>, a las doce de la ma\u00f1ana en la Plaza de Espa\u00f1a, d\u00f3nde todos los tambores tocan al un\u00edsono, conmemorando as\u00ed la muerte de Jes\u00fas en la cruz y c\u00f3mo la tierra tembl\u00f3.<\/li>\n<li title=\"\" data-original-title=\"\">La <strong>Procesi\u00f3n del Santo Entierro<\/strong>, encabezada por la Cruz Procesial y seguida por los pasos: la Oraci\u00f3n del Huerto de los Olivos, el Cristo Crucificado, la Soledad de la Virgen y el Santo Sepulcro.<\/li>\n<\/ul>\n<p>Previamente a estos actos, el <strong>Domingo de Ramos<\/strong>, adem\u00e1s de los actos oficiales, en Valderrobres se celebra la <strong>Exaltaci\u00f3n Local de Tambores, Cornetas y Bombos<\/strong>, donde intervienen la banda de cornetas, timbales y varios grupos de tambores y cofrad\u00edas.<\/p>\n<p>via valderrobres.es<\/p>\n<\/div>\n<\/div>\n<\/div>\n<\/div>\n<\/div>\n","protected":false},"excerpt":{"rendered":"<p>Declarada Fiesta de Inter\u00e9s Tur\u00edstico de Arag\u00f3n, la Semana Santa de Valderrobres propiamente dicha tiene su inicio el Mi\u00e9rcoles Santo, con la Procesi\u00f3n del V\u00eda Crucis, que consta de catorce estaciones y recorre el casco antiguo de la localidad. La Procesi\u00f3n del Silencio sale el Jueves Santo. Recorre el casco antiguo para llevar los pasos<\/p>\n","protected":false},"author":1,"featured_media":1189,"comment_status":"open","ping_status":"open","sticky":false,"template":"","format":"standard","meta":{"footnotes":""},"categories":[150,18],"tags":[],"class_list":["post-1187","post","type-post","status-publish","format-standard","has-post-thumbnail","hentry","category-blog","category-noticias"],"yoast_head":"<!-- This site is optimized with the Yoast SEO plugin v26.7 - https:\/\/yoast.com\/wordpress\/plugins\/seo\/ -->\n<title>#NoTePuedesPerder | La Semana Santa - Valderrobres Candida CAT<\/title>\n<meta name=\"robots\" content=\"index, follow, max-snippet:-1, max-image-preview:large, max-video-preview:-1\" \/>\n<link rel=\"canonical\" href=\"https:\/\/valderrobres-candida.com\/cat\/blog\/2018\/03\/12\/notepuedesperder-la-semana-santa\/\" \/>\n<meta property=\"og:locale\" content=\"ca_ES\" \/>\n<meta property=\"og:type\" content=\"article\" \/>\n<meta property=\"og:title\" content=\"#NoTePuedesPerder | La Semana Santa - Valderrobres Candida CAT\" \/>\n<meta property=\"og:description\" content=\"Declarada Fiesta de Inter\u00e9s Tur\u00edstico de Arag\u00f3n, la Semana Santa de Valderrobres propiamente dicha tiene su inicio el Mi\u00e9rcoles Santo, con la Procesi\u00f3n del V\u00eda Crucis, que consta de catorce estaciones y recorre el casco antiguo de la localidad. La Procesi\u00f3n del Silencio sale el Jueves Santo. Recorre el casco antiguo para llevar los pasos\" \/>\n<meta property=\"og:url\" content=\"https:\/\/valderrobres-candida.com\/cat\/blog\/2018\/03\/12\/notepuedesperder-la-semana-santa\/\" \/>\n<meta property=\"og:site_name\" content=\"Valderrobres Candida CAT\" \/>\n<meta property=\"article:published_time\" content=\"2018-03-12T09:30:18+00:00\" \/>\n<meta property=\"article:modified_time\" content=\"2018-03-12T09:55:03+00:00\" \/>\n<meta property=\"og:image\" content=\"https:\/\/valderrobres-candida.com\/cat\/wp-content\/uploads\/sites\/4\/Cartel_Semana_Santa_2006.0.jpg\" \/>\n\t<meta property=\"og:image:width\" content=\"821\" \/>\n\t<meta property=\"og:image:height\" content=\"1024\" \/>\n\t<meta property=\"og:image:type\" content=\"image\/jpeg\" \/>\n<meta name=\"author\" content=\"admin\" \/>\n<meta name=\"twitter:card\" content=\"summary_large_image\" \/>\n<meta name=\"twitter:label1\" content=\"Escrit per\" \/>\n\t<meta name=\"twitter:data1\" content=\"admin\" \/>\n\t<meta name=\"twitter:label2\" content=\"Temps estimat de lectura\" \/>\n\t<meta name=\"twitter:data2\" content=\"1 minut\" \/>\n<script type=\"application\/ld+json\" class=\"yoast-schema-graph\">{\"@context\":\"https:\/\/schema.org\",\"@graph\":[{\"@type\":\"Article\",\"@id\":\"https:\/\/valderrobres-candida.com\/cat\/blog\/2018\/03\/12\/notepuedesperder-la-semana-santa\/#article\",\"isPartOf\":{\"@id\":\"https:\/\/valderrobres-candida.com\/cat\/blog\/2018\/03\/12\/notepuedesperder-la-semana-santa\/\"},\"author\":{\"name\":\"admin\",\"@id\":\"https:\/\/valderrobres-candida.com\/cat\/#\/schema\/person\/592724f30d9f633dc775fbe3b215b45e\"},\"headline\":\"#NoTePuedesPerder | La Semana Santa\",\"datePublished\":\"2018-03-12T09:30:18+00:00\",\"dateModified\":\"2018-03-12T09:55:03+00:00\",\"mainEntityOfPage\":{\"@id\":\"https:\/\/valderrobres-candida.com\/cat\/blog\/2018\/03\/12\/notepuedesperder-la-semana-santa\/\"},\"wordCount\":216,\"commentCount\":0,\"image\":{\"@id\":\"https:\/\/valderrobres-candida.com\/cat\/blog\/2018\/03\/12\/notepuedesperder-la-semana-santa\/#primaryimage\"},\"thumbnailUrl\":\"https:\/\/valderrobres-candida.com\/cat\/wp-content\/uploads\/sites\/4\/Cartel_Semana_Santa_2006.0.jpg\",\"articleSection\":[\"Blog\",\"Not\u00edcias\"],\"inLanguage\":\"ca\",\"potentialAction\":[{\"@type\":\"CommentAction\",\"name\":\"Comment\",\"target\":[\"https:\/\/valderrobres-candida.com\/cat\/blog\/2018\/03\/12\/notepuedesperder-la-semana-santa\/#respond\"]}]},{\"@type\":\"WebPage\",\"@id\":\"https:\/\/valderrobres-candida.com\/cat\/blog\/2018\/03\/12\/notepuedesperder-la-semana-santa\/\",\"url\":\"https:\/\/valderrobres-candida.com\/cat\/blog\/2018\/03\/12\/notepuedesperder-la-semana-santa\/\",\"name\":\"#NoTePuedesPerder | La Semana Santa - Valderrobres Candida CAT\",\"isPartOf\":{\"@id\":\"https:\/\/valderrobres-candida.com\/cat\/#website\"},\"primaryImageOfPage\":{\"@id\":\"https:\/\/valderrobres-candida.com\/cat\/blog\/2018\/03\/12\/notepuedesperder-la-semana-santa\/#primaryimage\"},\"image\":{\"@id\":\"https:\/\/valderrobres-candida.com\/cat\/blog\/2018\/03\/12\/notepuedesperder-la-semana-santa\/#primaryimage\"},\"thumbnailUrl\":\"https:\/\/valderrobres-candida.com\/cat\/wp-content\/uploads\/sites\/4\/Cartel_Semana_Santa_2006.0.jpg\",\"datePublished\":\"2018-03-12T09:30:18+00:00\",\"dateModified\":\"2018-03-12T09:55:03+00:00\",\"author\":{\"@id\":\"https:\/\/valderrobres-candida.com\/cat\/#\/schema\/person\/592724f30d9f633dc775fbe3b215b45e\"},\"breadcrumb\":{\"@id\":\"https:\/\/valderrobres-candida.com\/cat\/blog\/2018\/03\/12\/notepuedesperder-la-semana-santa\/#breadcrumb\"},\"inLanguage\":\"ca\",\"potentialAction\":[{\"@type\":\"ReadAction\",\"target\":[\"https:\/\/valderrobres-candida.com\/cat\/blog\/2018\/03\/12\/notepuedesperder-la-semana-santa\/\"]}]},{\"@type\":\"ImageObject\",\"inLanguage\":\"ca\",\"@id\":\"https:\/\/valderrobres-candida.com\/cat\/blog\/2018\/03\/12\/notepuedesperder-la-semana-santa\/#primaryimage\",\"url\":\"https:\/\/valderrobres-candida.com\/cat\/wp-content\/uploads\/sites\/4\/Cartel_Semana_Santa_2006.0.jpg\",\"contentUrl\":\"https:\/\/valderrobres-candida.com\/cat\/wp-content\/uploads\/sites\/4\/Cartel_Semana_Santa_2006.0.jpg\",\"width\":821,\"height\":1024},{\"@type\":\"BreadcrumbList\",\"@id\":\"https:\/\/valderrobres-candida.com\/cat\/blog\/2018\/03\/12\/notepuedesperder-la-semana-santa\/#breadcrumb\",\"itemListElement\":[{\"@type\":\"ListItem\",\"position\":1,\"name\":\"Portada\",\"item\":\"https:\/\/valderrobres-candida.com\/cat\/\"},{\"@type\":\"ListItem\",\"position\":2,\"name\":\"#NoTePuedesPerder | La Semana Santa\"}]},{\"@type\":\"WebSite\",\"@id\":\"https:\/\/valderrobres-candida.com\/cat\/#website\",\"url\":\"https:\/\/valderrobres-candida.com\/cat\/\",\"name\":\"Valderrobres Candida CAT\",\"description\":\"\",\"potentialAction\":[{\"@type\":\"SearchAction\",\"target\":{\"@type\":\"EntryPoint\",\"urlTemplate\":\"https:\/\/valderrobres-candida.com\/cat\/?s={search_term_string}\"},\"query-input\":{\"@type\":\"PropertyValueSpecification\",\"valueRequired\":true,\"valueName\":\"search_term_string\"}}],\"inLanguage\":\"ca\"},{\"@type\":\"Person\",\"@id\":\"https:\/\/valderrobres-candida.com\/cat\/#\/schema\/person\/592724f30d9f633dc775fbe3b215b45e\",\"name\":\"admin\",\"image\":{\"@type\":\"ImageObject\",\"inLanguage\":\"ca\",\"@id\":\"https:\/\/valderrobres-candida.com\/cat\/#\/schema\/person\/image\/\",\"url\":\"https:\/\/secure.gravatar.com\/avatar\/6593ee61f0881136cad83437ff20a0e7a7e66b6fb8ebe95c1f89f896a627e56a?s=96&d=mm&r=g\",\"contentUrl\":\"https:\/\/secure.gravatar.com\/avatar\/6593ee61f0881136cad83437ff20a0e7a7e66b6fb8ebe95c1f89f896a627e56a?s=96&d=mm&r=g\",\"caption\":\"admin\"},\"url\":\"https:\/\/valderrobres-candida.com\/cat\/blog\/author\/admin\/\"}]}<\/script>\n<!-- \/ Yoast SEO plugin. -->","yoast_head_json":{"title":"#NoTePuedesPerder | La Semana Santa - Valderrobres Candida CAT","robots":{"index":"index","follow":"follow","max-snippet":"max-snippet:-1","max-image-preview":"max-image-preview:large","max-video-preview":"max-video-preview:-1"},"canonical":"https:\/\/valderrobres-candida.com\/cat\/blog\/2018\/03\/12\/notepuedesperder-la-semana-santa\/","og_locale":"ca_ES","og_type":"article","og_title":"#NoTePuedesPerder | La Semana Santa - Valderrobres Candida CAT","og_description":"Declarada Fiesta de Inter\u00e9s Tur\u00edstico de Arag\u00f3n, la Semana Santa de Valderrobres propiamente dicha tiene su inicio el Mi\u00e9rcoles Santo, con la Procesi\u00f3n del V\u00eda Crucis, que consta de catorce estaciones y recorre el casco antiguo de la localidad. La Procesi\u00f3n del Silencio sale el Jueves Santo. Recorre el casco antiguo para llevar los pasos","og_url":"https:\/\/valderrobres-candida.com\/cat\/blog\/2018\/03\/12\/notepuedesperder-la-semana-santa\/","og_site_name":"Valderrobres Candida CAT","article_published_time":"2018-03-12T09:30:18+00:00","article_modified_time":"2018-03-12T09:55:03+00:00","og_image":[{"width":821,"height":1024,"url":"https:\/\/valderrobres-candida.com\/cat\/wp-content\/uploads\/sites\/4\/Cartel_Semana_Santa_2006.0.jpg","type":"image\/jpeg"}],"author":"admin","twitter_card":"summary_large_image","twitter_misc":{"Escrit per":"admin","Temps estimat de lectura":"1 minut"},"schema":{"@context":"https:\/\/schema.org","@graph":[{"@type":"Article","@id":"https:\/\/valderrobres-candida.com\/cat\/blog\/2018\/03\/12\/notepuedesperder-la-semana-santa\/#article","isPartOf":{"@id":"https:\/\/valderrobres-candida.com\/cat\/blog\/2018\/03\/12\/notepuedesperder-la-semana-santa\/"},"author":{"name":"admin","@id":"https:\/\/valderrobres-candida.com\/cat\/#\/schema\/person\/592724f30d9f633dc775fbe3b215b45e"},"headline":"#NoTePuedesPerder | La Semana Santa","datePublished":"2018-03-12T09:30:18+00:00","dateModified":"2018-03-12T09:55:03+00:00","mainEntityOfPage":{"@id":"https:\/\/valderrobres-candida.com\/cat\/blog\/2018\/03\/12\/notepuedesperder-la-semana-santa\/"},"wordCount":216,"commentCount":0,"image":{"@id":"https:\/\/valderrobres-candida.com\/cat\/blog\/2018\/03\/12\/notepuedesperder-la-semana-santa\/#primaryimage"},"thumbnailUrl":"https:\/\/valderrobres-candida.com\/cat\/wp-content\/uploads\/sites\/4\/Cartel_Semana_Santa_2006.0.jpg","articleSection":["Blog","Not\u00edcias"],"inLanguage":"ca","potentialAction":[{"@type":"CommentAction","name":"Comment","target":["https:\/\/valderrobres-candida.com\/cat\/blog\/2018\/03\/12\/notepuedesperder-la-semana-santa\/#respond"]}]},{"@type":"WebPage","@id":"https:\/\/valderrobres-candida.com\/cat\/blog\/2018\/03\/12\/notepuedesperder-la-semana-santa\/","url":"https:\/\/valderrobres-candida.com\/cat\/blog\/2018\/03\/12\/notepuedesperder-la-semana-santa\/","name":"#NoTePuedesPerder | La Semana Santa - Valderrobres Candida CAT","isPartOf":{"@id":"https:\/\/valderrobres-candida.com\/cat\/#website"},"primaryImageOfPage":{"@id":"https:\/\/valderrobres-candida.com\/cat\/blog\/2018\/03\/12\/notepuedesperder-la-semana-santa\/#primaryimage"},"image":{"@id":"https:\/\/valderrobres-candida.com\/cat\/blog\/2018\/03\/12\/notepuedesperder-la-semana-santa\/#primaryimage"},"thumbnailUrl":"https:\/\/valderrobres-candida.com\/cat\/wp-content\/uploads\/sites\/4\/Cartel_Semana_Santa_2006.0.jpg","datePublished":"2018-03-12T09:30:18+00:00","dateModified":"2018-03-12T09:55:03+00:00","author":{"@id":"https:\/\/valderrobres-candida.com\/cat\/#\/schema\/person\/592724f30d9f633dc775fbe3b215b45e"},"breadcrumb":{"@id":"https:\/\/valderrobres-candida.com\/cat\/blog\/2018\/03\/12\/notepuedesperder-la-semana-santa\/#breadcrumb"},"inLanguage":"ca","potentialAction":[{"@type":"ReadAction","target":["https:\/\/valderrobres-candida.com\/cat\/blog\/2018\/03\/12\/notepuedesperder-la-semana-santa\/"]}]},{"@type":"ImageObject","inLanguage":"ca","@id":"https:\/\/valderrobres-candida.com\/cat\/blog\/2018\/03\/12\/notepuedesperder-la-semana-santa\/#primaryimage","url":"https:\/\/valderrobres-candida.com\/cat\/wp-content\/uploads\/sites\/4\/Cartel_Semana_Santa_2006.0.jpg","contentUrl":"https:\/\/valderrobres-candida.com\/cat\/wp-content\/uploads\/sites\/4\/Cartel_Semana_Santa_2006.0.jpg","width":821,"height":1024},{"@type":"BreadcrumbList","@id":"https:\/\/valderrobres-candida.com\/cat\/blog\/2018\/03\/12\/notepuedesperder-la-semana-santa\/#breadcrumb","itemListElement":[{"@type":"ListItem","position":1,"name":"Portada","item":"https:\/\/valderrobres-candida.com\/cat\/"},{"@type":"ListItem","position":2,"name":"#NoTePuedesPerder | La Semana Santa"}]},{"@type":"WebSite","@id":"https:\/\/valderrobres-candida.com\/cat\/#website","url":"https:\/\/valderrobres-candida.com\/cat\/","name":"Valderrobres Candida CAT","description":"","potentialAction":[{"@type":"SearchAction","target":{"@type":"EntryPoint","urlTemplate":"https:\/\/valderrobres-candida.com\/cat\/?s={search_term_string}"},"query-input":{"@type":"PropertyValueSpecification","valueRequired":true,"valueName":"search_term_string"}}],"inLanguage":"ca"},{"@type":"Person","@id":"https:\/\/valderrobres-candida.com\/cat\/#\/schema\/person\/592724f30d9f633dc775fbe3b215b45e","name":"admin","image":{"@type":"ImageObject","inLanguage":"ca","@id":"https:\/\/valderrobres-candida.com\/cat\/#\/schema\/person\/image\/","url":"https:\/\/secure.gravatar.com\/avatar\/6593ee61f0881136cad83437ff20a0e7a7e66b6fb8ebe95c1f89f896a627e56a?s=96&d=mm&r=g","contentUrl":"https:\/\/secure.gravatar.com\/avatar\/6593ee61f0881136cad83437ff20a0e7a7e66b6fb8ebe95c1f89f896a627e56a?s=96&d=mm&r=g","caption":"admin"},"url":"https:\/\/valderrobres-candida.com\/cat\/blog\/author\/admin\/"}]}},"_links":{"self":[{"href":"https:\/\/valderrobres-candida.com\/cat\/wp-json\/wp\/v2\/posts\/1187","targetHints":{"allow":["GET"]}}],"collection":[{"href":"https:\/\/valderrobres-candida.com\/cat\/wp-json\/wp\/v2\/posts"}],"about":[{"href":"https:\/\/valderrobres-candida.com\/cat\/wp-json\/wp\/v2\/types\/post"}],"author":[{"embeddable":true,"href":"https:\/\/valderrobres-candida.com\/cat\/wp-json\/wp\/v2\/users\/1"}],"replies":[{"embeddable":true,"href":"https:\/\/valderrobres-candida.com\/cat\/wp-json\/wp\/v2\/comments?post=1187"}],"version-history":[{"count":1,"href":"https:\/\/valderrobres-candida.com\/cat\/wp-json\/wp\/v2\/posts\/1187\/revisions"}],"predecessor-version":[{"id":1188,"href":"https:\/\/valderrobres-candida.com\/cat\/wp-json\/wp\/v2\/posts\/1187\/revisions\/1188"}],"wp:featuredmedia":[{"embeddable":true,"href":"https:\/\/valderrobres-candida.com\/cat\/wp-json\/wp\/v2\/media\/1189"}],"wp:attachment":[{"href":"https:\/\/valderrobres-candida.com\/cat\/wp-json\/wp\/v2\/media?parent=1187"}],"wp:term":[{"taxonomy":"category","embeddable":true,"href":"https:\/\/valderrobres-candida.com\/cat\/wp-json\/wp\/v2\/categories?post=1187"},{"taxonomy":"post_tag","embeddable":true,"href":"https:\/\/valderrobres-candida.com\/cat\/wp-json\/wp\/v2\/tags?post=1187"}],"curies":[{"name":"wp","href":"https:\/\/api.w.org\/{rel}","templated":true}]}}