{"id":1190,"date":"2018-03-20T08:38:03","date_gmt":"2018-03-20T08:38:03","guid":{"rendered":"http:\/\/valderrobres-candida.com\/?p=1190"},"modified":"2018-03-20T08:45:44","modified_gmt":"2018-03-20T08:45:44","slug":"notepuedesperder-las-cofradias","status":"publish","type":"post","link":"https:\/\/valderrobres-candida.com\/cat\/blog\/2018\/03\/20\/notepuedesperder-las-cofradias\/","title":{"rendered":"#NoTePuedesPerder | Las cofrad\u00edas"},"content":{"rendered":"<p>Y seguimos con el especial de <strong>Semana Santa<\/strong> que tenemos preparado para ti. Si est\u00e1s pensando en venir a visitar este maravilloso pueblo durante las fechas se\u00f1aladas, d\u00e9janos que te expliquemos qu\u00e9 y c\u00f3mo son las cofrad\u00edas m\u00e1s populares de <strong>Valderrobres<\/strong>. Adem\u00e1s, podr\u00e1s conocer profundamente la historia de la Semana Santa en este rinc\u00f3n tan precioso del Matarra\u00f1a.<\/p>\n<p>En Valderrobres existen dos <strong>cofrad\u00edas<\/strong>, una masculina y una femenina, que se remontan al a\u00f1o 1954.\u00a0 La <strong>cofrad\u00eda del Santo Entierro<\/strong> es la cofrad\u00eda de los hombres y la cofrad\u00eda de la Virgen de la Soledad la de las mujeres.<\/p>\n<p>Las cofrad\u00edas se formaron para ayudar al p\u00e1rroco con la organizaci\u00f3n de los actos de Semana Santa y, se encargan actualmente de la organizaci\u00f3n de las procesiones y el cuidado de los pasos. La banda de cornetas de Valderrobres se creo en el a\u00f1o 1985.<\/p>\n<p>Y volvamos a repasar las procesiones que se realizan en Valderrobres:<\/p>\n<p>El <strong>Domingo de Ramos<\/strong> se realiza una bendici\u00f3n de los ramos y una procesi\u00f3n hasta la Iglesia Parroquial de Valderrobres.<\/p>\n<p>El <strong>Mi\u00e9rcoles Santo<\/strong> se celebra la procesi\u00f3n del V\u00eda Crucis que consta de catorce estaciones y recorre el casco antiguo de la localidad. En la procesi\u00f3n participan tambi\u00e9n bombos, tambores y una corneta.<\/p>\n<p>La procesi\u00f3n del <strong>Silencio sale el Jueves Santo<\/strong>. La procesi\u00f3n recorre el casco antiguo para llevar los pasos hasta la Capilla de las Hermanas donde descansaran hasta la procesi\u00f3n del d\u00eda siguiente.<\/p>\n<p>El <strong>Viernes Santo<\/strong> es el d\u00eda m\u00e1s importante de la Semana Santa. En Valderrobres se celebran dos procesiones o actos el d\u00eda de Viernes Santo, la Rompida de la Hora y el Santo Entierro.<\/p>\n<p>La <strong>Rompida de la Hora<\/strong> se realiza a las doce de la ma\u00f1ana en la plaza de la localidad en la que todos los tambores esperan a que se cumplan las doce para comenzar a tocar al un\u00edsono. Este d\u00eda se conmemora la muerte de Jes\u00fas en la cruz y como la tierra tembl\u00f3. Se contin\u00faa tocando hasta la procesi\u00f3n del Santo Entierro por la noche.<\/p>\n<p>La procesi\u00f3n del <strong>Santo Entierro<\/strong> es una de las m\u00e1s multitudinarias de la Semana Santa de Valderrobres. En esta procesi\u00f3n se saca la cruz procesional de la parroquia que encabeza la celebraci\u00f3n.<\/p>\n<p>Detr\u00e1s de la cruz de la parroquia vienen los pasos en este orden. Primero el de la <strong>Oraci\u00f3n del Huerto de los Olivos<\/strong>, perteneciente a la hermandad del Santo Sepulcro. Tradicionalmente este paso lo sacaban los quintos de la localidad, actualmente se le han colocado ruedas.<\/p>\n<p>El siguiente paso es el del <strong>Cristo Crucificado<\/strong> que es porteado por cuatro personas al ritmo de los tambores.<\/p>\n<p>El tercero de los pasos es el de la <strong>Soledad de la Virgen<\/strong>, en este paso aparece la Virgen cubierta con una t\u00fanica de terciopelo y un manto, ambos bordados en oro. El paso es llevado entre cuatro personas.<\/p>\n<p>El \u00faltimo de los pasos es el del Santo Sepulcro, adquirido en el a\u00f1o 1955 en Valencia. Su compra se coste\u00f3 entre los vecinos de Valderrobres. El paso es porteado por 24 personas que se relevan hasta seis veces durante la procesi\u00f3n.<\/p>\n<p>Y as\u00ed es c\u00f3mo se vive la Semana Santa. Siempre, al un\u00edsono se grita con voz aclarada: \u00a1Viva la Semana Santa!<\/p>\n","protected":false},"excerpt":{"rendered":"<p>Y seguimos con el especial de Semana Santa que tenemos preparado para ti. Si est\u00e1s pensando en venir a visitar este maravilloso pueblo durante las fechas se\u00f1aladas, d\u00e9janos que te expliquemos qu\u00e9 y c\u00f3mo son las cofrad\u00edas m\u00e1s populares de Valderrobres. Adem\u00e1s, podr\u00e1s conocer profundamente la historia de la Semana Santa en este rinc\u00f3n tan<\/p>\n","protected":false},"author":1,"featured_media":1192,"comment_status":"open","ping_status":"open","sticky":false,"template":"","format":"standard","meta":{"footnotes":""},"categories":[150,18],"tags":[],"class_list":["post-1190","post","type-post","status-publish","format-standard","has-post-thumbnail","hentry","category-blog","category-noticias"],"yoast_head":"<!-- This site is optimized with the Yoast SEO plugin v26.7 - https:\/\/yoast.com\/wordpress\/plugins\/seo\/ -->\n<title>#NoTePuedesPerder | Las cofrad\u00edas  - Valderrobres Candida CAT<\/title>\n<meta name=\"robots\" content=\"index, follow, max-snippet:-1, max-image-preview:large, max-video-preview:-1\" \/>\n<link rel=\"canonical\" href=\"https:\/\/valderrobres-candida.com\/cat\/blog\/2018\/03\/20\/notepuedesperder-las-cofradias\/\" \/>\n<meta property=\"og:locale\" content=\"ca_ES\" \/>\n<meta property=\"og:type\" content=\"article\" \/>\n<meta property=\"og:title\" content=\"#NoTePuedesPerder | Las cofrad\u00edas  - Valderrobres Candida CAT\" \/>\n<meta property=\"og:description\" content=\"Y seguimos con el especial de Semana Santa que tenemos preparado para ti. Si est\u00e1s pensando en venir a visitar este maravilloso pueblo durante las fechas se\u00f1aladas, d\u00e9janos que te expliquemos qu\u00e9 y c\u00f3mo son las cofrad\u00edas m\u00e1s populares de Valderrobres. Adem\u00e1s, podr\u00e1s conocer profundamente la historia de la Semana Santa en este rinc\u00f3n tan\" \/>\n<meta property=\"og:url\" content=\"https:\/\/valderrobres-candida.com\/cat\/blog\/2018\/03\/20\/notepuedesperder-las-cofradias\/\" \/>\n<meta property=\"og:site_name\" content=\"Valderrobres Candida CAT\" \/>\n<meta property=\"article:published_time\" content=\"2018-03-20T08:38:03+00:00\" \/>\n<meta property=\"article:modified_time\" content=\"2018-03-20T08:45:44+00:00\" \/>\n<meta property=\"og:image\" content=\"https:\/\/valderrobres-candida.com\/cat\/wp-content\/uploads\/sites\/4\/salida-tambores-valderrobres2.jpg\" \/>\n\t<meta property=\"og:image:width\" content=\"400\" \/>\n\t<meta property=\"og:image:height\" content=\"551\" \/>\n\t<meta property=\"og:image:type\" content=\"image\/jpeg\" \/>\n<meta name=\"author\" content=\"admin\" \/>\n<meta name=\"twitter:card\" content=\"summary_large_image\" \/>\n<meta name=\"twitter:label1\" content=\"Escrit per\" \/>\n\t<meta name=\"twitter:data1\" content=\"admin\" \/>\n\t<meta name=\"twitter:label2\" content=\"Temps estimat de lectura\" \/>\n\t<meta name=\"twitter:data2\" content=\"3 minuts\" \/>\n<script type=\"application\/ld+json\" class=\"yoast-schema-graph\">{\"@context\":\"https:\/\/schema.org\",\"@graph\":[{\"@type\":\"Article\",\"@id\":\"https:\/\/valderrobres-candida.com\/cat\/blog\/2018\/03\/20\/notepuedesperder-las-cofradias\/#article\",\"isPartOf\":{\"@id\":\"https:\/\/valderrobres-candida.com\/cat\/blog\/2018\/03\/20\/notepuedesperder-las-cofradias\/\"},\"author\":{\"name\":\"admin\",\"@id\":\"https:\/\/valderrobres-candida.com\/cat\/#\/schema\/person\/592724f30d9f633dc775fbe3b215b45e\"},\"headline\":\"#NoTePuedesPerder | Las cofrad\u00edas\",\"datePublished\":\"2018-03-20T08:38:03+00:00\",\"dateModified\":\"2018-03-20T08:45:44+00:00\",\"mainEntityOfPage\":{\"@id\":\"https:\/\/valderrobres-candida.com\/cat\/blog\/2018\/03\/20\/notepuedesperder-las-cofradias\/\"},\"wordCount\":589,\"commentCount\":0,\"image\":{\"@id\":\"https:\/\/valderrobres-candida.com\/cat\/blog\/2018\/03\/20\/notepuedesperder-las-cofradias\/#primaryimage\"},\"thumbnailUrl\":\"https:\/\/valderrobres-candida.com\/cat\/wp-content\/uploads\/sites\/4\/salida-tambores-valderrobres2.jpg\",\"articleSection\":[\"Blog\",\"Not\u00edcias\"],\"inLanguage\":\"ca\",\"potentialAction\":[{\"@type\":\"CommentAction\",\"name\":\"Comment\",\"target\":[\"https:\/\/valderrobres-candida.com\/cat\/blog\/2018\/03\/20\/notepuedesperder-las-cofradias\/#respond\"]}]},{\"@type\":\"WebPage\",\"@id\":\"https:\/\/valderrobres-candida.com\/cat\/blog\/2018\/03\/20\/notepuedesperder-las-cofradias\/\",\"url\":\"https:\/\/valderrobres-candida.com\/cat\/blog\/2018\/03\/20\/notepuedesperder-las-cofradias\/\",\"name\":\"#NoTePuedesPerder | Las cofrad\u00edas - Valderrobres Candida CAT\",\"isPartOf\":{\"@id\":\"https:\/\/valderrobres-candida.com\/cat\/#website\"},\"primaryImageOfPage\":{\"@id\":\"https:\/\/valderrobres-candida.com\/cat\/blog\/2018\/03\/20\/notepuedesperder-las-cofradias\/#primaryimage\"},\"image\":{\"@id\":\"https:\/\/valderrobres-candida.com\/cat\/blog\/2018\/03\/20\/notepuedesperder-las-cofradias\/#primaryimage\"},\"thumbnailUrl\":\"https:\/\/valderrobres-candida.com\/cat\/wp-content\/uploads\/sites\/4\/salida-tambores-valderrobres2.jpg\",\"datePublished\":\"2018-03-20T08:38:03+00:00\",\"dateModified\":\"2018-03-20T08:45:44+00:00\",\"author\":{\"@id\":\"https:\/\/valderrobres-candida.com\/cat\/#\/schema\/person\/592724f30d9f633dc775fbe3b215b45e\"},\"breadcrumb\":{\"@id\":\"https:\/\/valderrobres-candida.com\/cat\/blog\/2018\/03\/20\/notepuedesperder-las-cofradias\/#breadcrumb\"},\"inLanguage\":\"ca\",\"potentialAction\":[{\"@type\":\"ReadAction\",\"target\":[\"https:\/\/valderrobres-candida.com\/cat\/blog\/2018\/03\/20\/notepuedesperder-las-cofradias\/\"]}]},{\"@type\":\"ImageObject\",\"inLanguage\":\"ca\",\"@id\":\"https:\/\/valderrobres-candida.com\/cat\/blog\/2018\/03\/20\/notepuedesperder-las-cofradias\/#primaryimage\",\"url\":\"https:\/\/valderrobres-candida.com\/cat\/wp-content\/uploads\/sites\/4\/salida-tambores-valderrobres2.jpg\",\"contentUrl\":\"https:\/\/valderrobres-candida.com\/cat\/wp-content\/uploads\/sites\/4\/salida-tambores-valderrobres2.jpg\",\"width\":400,\"height\":551},{\"@type\":\"BreadcrumbList\",\"@id\":\"https:\/\/valderrobres-candida.com\/cat\/blog\/2018\/03\/20\/notepuedesperder-las-cofradias\/#breadcrumb\",\"itemListElement\":[{\"@type\":\"ListItem\",\"position\":1,\"name\":\"Portada\",\"item\":\"https:\/\/valderrobres-candida.com\/cat\/\"},{\"@type\":\"ListItem\",\"position\":2,\"name\":\"#NoTePuedesPerder | Las cofrad\u00edas\"}]},{\"@type\":\"WebSite\",\"@id\":\"https:\/\/valderrobres-candida.com\/cat\/#website\",\"url\":\"https:\/\/valderrobres-candida.com\/cat\/\",\"name\":\"Valderrobres Candida CAT\",\"description\":\"\",\"potentialAction\":[{\"@type\":\"SearchAction\",\"target\":{\"@type\":\"EntryPoint\",\"urlTemplate\":\"https:\/\/valderrobres-candida.com\/cat\/?s={search_term_string}\"},\"query-input\":{\"@type\":\"PropertyValueSpecification\",\"valueRequired\":true,\"valueName\":\"search_term_string\"}}],\"inLanguage\":\"ca\"},{\"@type\":\"Person\",\"@id\":\"https:\/\/valderrobres-candida.com\/cat\/#\/schema\/person\/592724f30d9f633dc775fbe3b215b45e\",\"name\":\"admin\",\"image\":{\"@type\":\"ImageObject\",\"inLanguage\":\"ca\",\"@id\":\"https:\/\/valderrobres-candida.com\/cat\/#\/schema\/person\/image\/\",\"url\":\"https:\/\/secure.gravatar.com\/avatar\/6593ee61f0881136cad83437ff20a0e7a7e66b6fb8ebe95c1f89f896a627e56a?s=96&d=mm&r=g\",\"contentUrl\":\"https:\/\/secure.gravatar.com\/avatar\/6593ee61f0881136cad83437ff20a0e7a7e66b6fb8ebe95c1f89f896a627e56a?s=96&d=mm&r=g\",\"caption\":\"admin\"},\"url\":\"https:\/\/valderrobres-candida.com\/cat\/blog\/author\/admin\/\"}]}<\/script>\n<!-- \/ Yoast SEO plugin. -->","yoast_head_json":{"title":"#NoTePuedesPerder | Las cofrad\u00edas  - Valderrobres Candida CAT","robots":{"index":"index","follow":"follow","max-snippet":"max-snippet:-1","max-image-preview":"max-image-preview:large","max-video-preview":"max-video-preview:-1"},"canonical":"https:\/\/valderrobres-candida.com\/cat\/blog\/2018\/03\/20\/notepuedesperder-las-cofradias\/","og_locale":"ca_ES","og_type":"article","og_title":"#NoTePuedesPerder | Las cofrad\u00edas  - Valderrobres Candida CAT","og_description":"Y seguimos con el especial de Semana Santa que tenemos preparado para ti. Si est\u00e1s pensando en venir a visitar este maravilloso pueblo durante las fechas se\u00f1aladas, d\u00e9janos que te expliquemos qu\u00e9 y c\u00f3mo son las cofrad\u00edas m\u00e1s populares de Valderrobres. Adem\u00e1s, podr\u00e1s conocer profundamente la historia de la Semana Santa en este rinc\u00f3n tan","og_url":"https:\/\/valderrobres-candida.com\/cat\/blog\/2018\/03\/20\/notepuedesperder-las-cofradias\/","og_site_name":"Valderrobres Candida CAT","article_published_time":"2018-03-20T08:38:03+00:00","article_modified_time":"2018-03-20T08:45:44+00:00","og_image":[{"width":400,"height":551,"url":"https:\/\/valderrobres-candida.com\/cat\/wp-content\/uploads\/sites\/4\/salida-tambores-valderrobres2.jpg","type":"image\/jpeg"}],"author":"admin","twitter_card":"summary_large_image","twitter_misc":{"Escrit per":"admin","Temps estimat de lectura":"3 minuts"},"schema":{"@context":"https:\/\/schema.org","@graph":[{"@type":"Article","@id":"https:\/\/valderrobres-candida.com\/cat\/blog\/2018\/03\/20\/notepuedesperder-las-cofradias\/#article","isPartOf":{"@id":"https:\/\/valderrobres-candida.com\/cat\/blog\/2018\/03\/20\/notepuedesperder-las-cofradias\/"},"author":{"name":"admin","@id":"https:\/\/valderrobres-candida.com\/cat\/#\/schema\/person\/592724f30d9f633dc775fbe3b215b45e"},"headline":"#NoTePuedesPerder | Las cofrad\u00edas","datePublished":"2018-03-20T08:38:03+00:00","dateModified":"2018-03-20T08:45:44+00:00","mainEntityOfPage":{"@id":"https:\/\/valderrobres-candida.com\/cat\/blog\/2018\/03\/20\/notepuedesperder-las-cofradias\/"},"wordCount":589,"commentCount":0,"image":{"@id":"https:\/\/valderrobres-candida.com\/cat\/blog\/2018\/03\/20\/notepuedesperder-las-cofradias\/#primaryimage"},"thumbnailUrl":"https:\/\/valderrobres-candida.com\/cat\/wp-content\/uploads\/sites\/4\/salida-tambores-valderrobres2.jpg","articleSection":["Blog","Not\u00edcias"],"inLanguage":"ca","potentialAction":[{"@type":"CommentAction","name":"Comment","target":["https:\/\/valderrobres-candida.com\/cat\/blog\/2018\/03\/20\/notepuedesperder-las-cofradias\/#respond"]}]},{"@type":"WebPage","@id":"https:\/\/valderrobres-candida.com\/cat\/blog\/2018\/03\/20\/notepuedesperder-las-cofradias\/","url":"https:\/\/valderrobres-candida.com\/cat\/blog\/2018\/03\/20\/notepuedesperder-las-cofradias\/","name":"#NoTePuedesPerder | Las cofrad\u00edas - Valderrobres Candida CAT","isPartOf":{"@id":"https:\/\/valderrobres-candida.com\/cat\/#website"},"primaryImageOfPage":{"@id":"https:\/\/valderrobres-candida.com\/cat\/blog\/2018\/03\/20\/notepuedesperder-las-cofradias\/#primaryimage"},"image":{"@id":"https:\/\/valderrobres-candida.com\/cat\/blog\/2018\/03\/20\/notepuedesperder-las-cofradias\/#primaryimage"},"thumbnailUrl":"https:\/\/valderrobres-candida.com\/cat\/wp-content\/uploads\/sites\/4\/salida-tambores-valderrobres2.jpg","datePublished":"2018-03-20T08:38:03+00:00","dateModified":"2018-03-20T08:45:44+00:00","author":{"@id":"https:\/\/valderrobres-candida.com\/cat\/#\/schema\/person\/592724f30d9f633dc775fbe3b215b45e"},"breadcrumb":{"@id":"https:\/\/valderrobres-candida.com\/cat\/blog\/2018\/03\/20\/notepuedesperder-las-cofradias\/#breadcrumb"},"inLanguage":"ca","potentialAction":[{"@type":"ReadAction","target":["https:\/\/valderrobres-candida.com\/cat\/blog\/2018\/03\/20\/notepuedesperder-las-cofradias\/"]}]},{"@type":"ImageObject","inLanguage":"ca","@id":"https:\/\/valderrobres-candida.com\/cat\/blog\/2018\/03\/20\/notepuedesperder-las-cofradias\/#primaryimage","url":"https:\/\/valderrobres-candida.com\/cat\/wp-content\/uploads\/sites\/4\/salida-tambores-valderrobres2.jpg","contentUrl":"https:\/\/valderrobres-candida.com\/cat\/wp-content\/uploads\/sites\/4\/salida-tambores-valderrobres2.jpg","width":400,"height":551},{"@type":"BreadcrumbList","@id":"https:\/\/valderrobres-candida.com\/cat\/blog\/2018\/03\/20\/notepuedesperder-las-cofradias\/#breadcrumb","itemListElement":[{"@type":"ListItem","position":1,"name":"Portada","item":"https:\/\/valderrobres-candida.com\/cat\/"},{"@type":"ListItem","position":2,"name":"#NoTePuedesPerder | Las cofrad\u00edas"}]},{"@type":"WebSite","@id":"https:\/\/valderrobres-candida.com\/cat\/#website","url":"https:\/\/valderrobres-candida.com\/cat\/","name":"Valderrobres Candida CAT","description":"","potentialAction":[{"@type":"SearchAction","target":{"@type":"EntryPoint","urlTemplate":"https:\/\/valderrobres-candida.com\/cat\/?s={search_term_string}"},"query-input":{"@type":"PropertyValueSpecification","valueRequired":true,"valueName":"search_term_string"}}],"inLanguage":"ca"},{"@type":"Person","@id":"https:\/\/valderrobres-candida.com\/cat\/#\/schema\/person\/592724f30d9f633dc775fbe3b215b45e","name":"admin","image":{"@type":"ImageObject","inLanguage":"ca","@id":"https:\/\/valderrobres-candida.com\/cat\/#\/schema\/person\/image\/","url":"https:\/\/secure.gravatar.com\/avatar\/6593ee61f0881136cad83437ff20a0e7a7e66b6fb8ebe95c1f89f896a627e56a?s=96&d=mm&r=g","contentUrl":"https:\/\/secure.gravatar.com\/avatar\/6593ee61f0881136cad83437ff20a0e7a7e66b6fb8ebe95c1f89f896a627e56a?s=96&d=mm&r=g","caption":"admin"},"url":"https:\/\/valderrobres-candida.com\/cat\/blog\/author\/admin\/"}]}},"_links":{"self":[{"href":"https:\/\/valderrobres-candida.com\/cat\/wp-json\/wp\/v2\/posts\/1190","targetHints":{"allow":["GET"]}}],"collection":[{"href":"https:\/\/valderrobres-candida.com\/cat\/wp-json\/wp\/v2\/posts"}],"about":[{"href":"https:\/\/valderrobres-candida.com\/cat\/wp-json\/wp\/v2\/types\/post"}],"author":[{"embeddable":true,"href":"https:\/\/valderrobres-candida.com\/cat\/wp-json\/wp\/v2\/users\/1"}],"replies":[{"embeddable":true,"href":"https:\/\/valderrobres-candida.com\/cat\/wp-json\/wp\/v2\/comments?post=1190"}],"version-history":[{"count":1,"href":"https:\/\/valderrobres-candida.com\/cat\/wp-json\/wp\/v2\/posts\/1190\/revisions"}],"predecessor-version":[{"id":1191,"href":"https:\/\/valderrobres-candida.com\/cat\/wp-json\/wp\/v2\/posts\/1190\/revisions\/1191"}],"wp:featuredmedia":[{"embeddable":true,"href":"https:\/\/valderrobres-candida.com\/cat\/wp-json\/wp\/v2\/media\/1192"}],"wp:attachment":[{"href":"https:\/\/valderrobres-candida.com\/cat\/wp-json\/wp\/v2\/media?parent=1190"}],"wp:term":[{"taxonomy":"category","embeddable":true,"href":"https:\/\/valderrobres-candida.com\/cat\/wp-json\/wp\/v2\/categories?post=1190"},{"taxonomy":"post_tag","embeddable":true,"href":"https:\/\/valderrobres-candida.com\/cat\/wp-json\/wp\/v2\/tags?post=1190"}],"curies":[{"name":"wp","href":"https:\/\/api.w.org\/{rel}","templated":true}]}}