{"id":1199,"date":"2018-04-03T09:20:29","date_gmt":"2018-04-03T09:20:29","guid":{"rendered":"http:\/\/valderrobres-candida.com\/?p=1199"},"modified":"2018-04-03T09:22:31","modified_gmt":"2018-04-03T09:22:31","slug":"notepuedesperder-exposicion-de-luis-granena","status":"publish","type":"post","link":"https:\/\/valderrobres-candida.com\/cat\/blog\/2018\/04\/03\/notepuedesperder-exposicion-de-luis-granena\/","title":{"rendered":"#NoTePuedesPerder | Exposici\u00f3n de Luis Gra\u00f1ena"},"content":{"rendered":"<p>Desde el pasado 24 de marzo, est\u00e1 expuesta las mejores obras del artista Luis Gra\u00f1ena en la sala Caballerizas del Castillo de <strong>Valderrobres<\/strong> que podr\u00e1 visitarse hasta el 15 de julio. <strong>Luis Gra\u00f1ena<\/strong> es un ilustrador freelance que reside en Valderrobres y que colabora en revistas y peri\u00f3dicos como New Yorker, Financial Times Weekend, Liberation, Tiempo, Vanity Fair o La Vanguardia. Esta exposici\u00f3n supone un acercamiento del autor al mundo de la pintura, como \u00e9l mismo dice \u201csin pretensiones\u201d. Este proceso se ha ido conformando poco a poco\u00a0a partir de im\u00e1genes que ha ido\u00a0encontrando en los \u00faltimos meses, que le han llamado la atenci\u00f3n y le han generado la necesidad de pintarlas.<\/p>\n","protected":false},"excerpt":{"rendered":"<p>Desde el pasado 24 de marzo, est\u00e1 expuesta las mejores obras del artista Luis Gra\u00f1ena en la sala Caballerizas del Castillo de Valderrobres que podr\u00e1 visitarse hasta el 15 de julio. Luis Gra\u00f1ena es un ilustrador freelance que reside en Valderrobres y que colabora en revistas y peri\u00f3dicos como New Yorker, Financial Times Weekend, Liberation,<\/p>\n","protected":false},"author":1,"featured_media":1200,"comment_status":"open","ping_status":"open","sticky":false,"template":"","format":"standard","meta":{"footnotes":""},"categories":[150,18],"tags":[],"class_list":["post-1199","post","type-post","status-publish","format-standard","has-post-thumbnail","hentry","category-blog","category-noticias"],"yoast_head":"<!-- This site is optimized with the Yoast SEO plugin v26.7 - https:\/\/yoast.com\/wordpress\/plugins\/seo\/ -->\n<title>#NoTePuedesPerder | Exposici\u00f3n de Luis Gra\u00f1ena - Valderrobres Candida CAT<\/title>\n<meta name=\"robots\" content=\"index, follow, max-snippet:-1, max-image-preview:large, max-video-preview:-1\" \/>\n<link rel=\"canonical\" href=\"https:\/\/valderrobres-candida.com\/cat\/blog\/2018\/04\/03\/notepuedesperder-exposicion-de-luis-granena\/\" \/>\n<meta property=\"og:locale\" content=\"ca_ES\" \/>\n<meta property=\"og:type\" content=\"article\" \/>\n<meta property=\"og:title\" content=\"#NoTePuedesPerder | Exposici\u00f3n de Luis Gra\u00f1ena - Valderrobres Candida CAT\" \/>\n<meta property=\"og:description\" content=\"Desde el pasado 24 de marzo, est\u00e1 expuesta las mejores obras del artista Luis Gra\u00f1ena en la sala Caballerizas del Castillo de Valderrobres que podr\u00e1 visitarse hasta el 15 de julio. Luis Gra\u00f1ena es un ilustrador freelance que reside en Valderrobres y que colabora en revistas y peri\u00f3dicos como New Yorker, Financial Times Weekend, Liberation,\" \/>\n<meta property=\"og:url\" content=\"https:\/\/valderrobres-candida.com\/cat\/blog\/2018\/04\/03\/notepuedesperder-exposicion-de-luis-granena\/\" \/>\n<meta property=\"og:site_name\" content=\"Valderrobres Candida CAT\" \/>\n<meta property=\"article:published_time\" content=\"2018-04-03T09:20:29+00:00\" \/>\n<meta property=\"article:modified_time\" content=\"2018-04-03T09:22:31+00:00\" \/>\n<meta property=\"og:image\" content=\"https:\/\/valderrobres-candida.com\/cat\/wp-content\/uploads\/sites\/4\/P1060328JPG28009242_cdeada6a.jpg\" \/>\n\t<meta property=\"og:image:width\" content=\"980\" \/>\n\t<meta property=\"og:image:height\" content=\"1069\" \/>\n\t<meta property=\"og:image:type\" content=\"image\/jpeg\" \/>\n<meta name=\"author\" content=\"admin\" \/>\n<meta name=\"twitter:card\" content=\"summary_large_image\" \/>\n<meta name=\"twitter:label1\" content=\"Escrit per\" \/>\n\t<meta name=\"twitter:data1\" content=\"admin\" \/>\n\t<meta name=\"twitter:label2\" content=\"Temps estimat de lectura\" \/>\n\t<meta name=\"twitter:data2\" content=\"1 minut\" \/>\n<script type=\"application\/ld+json\" class=\"yoast-schema-graph\">{\"@context\":\"https:\/\/schema.org\",\"@graph\":[{\"@type\":\"Article\",\"@id\":\"https:\/\/valderrobres-candida.com\/cat\/blog\/2018\/04\/03\/notepuedesperder-exposicion-de-luis-granena\/#article\",\"isPartOf\":{\"@id\":\"https:\/\/valderrobres-candida.com\/cat\/blog\/2018\/04\/03\/notepuedesperder-exposicion-de-luis-granena\/\"},\"author\":{\"name\":\"admin\",\"@id\":\"https:\/\/valderrobres-candida.com\/cat\/#\/schema\/person\/592724f30d9f633dc775fbe3b215b45e\"},\"headline\":\"#NoTePuedesPerder | Exposici\u00f3n de Luis Gra\u00f1ena\",\"datePublished\":\"2018-04-03T09:20:29+00:00\",\"dateModified\":\"2018-04-03T09:22:31+00:00\",\"mainEntityOfPage\":{\"@id\":\"https:\/\/valderrobres-candida.com\/cat\/blog\/2018\/04\/03\/notepuedesperder-exposicion-de-luis-granena\/\"},\"wordCount\":125,\"commentCount\":0,\"image\":{\"@id\":\"https:\/\/valderrobres-candida.com\/cat\/blog\/2018\/04\/03\/notepuedesperder-exposicion-de-luis-granena\/#primaryimage\"},\"thumbnailUrl\":\"https:\/\/valderrobres-candida.com\/cat\/wp-content\/uploads\/sites\/4\/P1060328JPG28009242_cdeada6a.jpg\",\"articleSection\":[\"Blog\",\"Not\u00edcias\"],\"inLanguage\":\"ca\",\"potentialAction\":[{\"@type\":\"CommentAction\",\"name\":\"Comment\",\"target\":[\"https:\/\/valderrobres-candida.com\/cat\/blog\/2018\/04\/03\/notepuedesperder-exposicion-de-luis-granena\/#respond\"]}]},{\"@type\":\"WebPage\",\"@id\":\"https:\/\/valderrobres-candida.com\/cat\/blog\/2018\/04\/03\/notepuedesperder-exposicion-de-luis-granena\/\",\"url\":\"https:\/\/valderrobres-candida.com\/cat\/blog\/2018\/04\/03\/notepuedesperder-exposicion-de-luis-granena\/\",\"name\":\"#NoTePuedesPerder | Exposici\u00f3n de Luis Gra\u00f1ena - Valderrobres Candida CAT\",\"isPartOf\":{\"@id\":\"https:\/\/valderrobres-candida.com\/cat\/#website\"},\"primaryImageOfPage\":{\"@id\":\"https:\/\/valderrobres-candida.com\/cat\/blog\/2018\/04\/03\/notepuedesperder-exposicion-de-luis-granena\/#primaryimage\"},\"image\":{\"@id\":\"https:\/\/valderrobres-candida.com\/cat\/blog\/2018\/04\/03\/notepuedesperder-exposicion-de-luis-granena\/#primaryimage\"},\"thumbnailUrl\":\"https:\/\/valderrobres-candida.com\/cat\/wp-content\/uploads\/sites\/4\/P1060328JPG28009242_cdeada6a.jpg\",\"datePublished\":\"2018-04-03T09:20:29+00:00\",\"dateModified\":\"2018-04-03T09:22:31+00:00\",\"author\":{\"@id\":\"https:\/\/valderrobres-candida.com\/cat\/#\/schema\/person\/592724f30d9f633dc775fbe3b215b45e\"},\"breadcrumb\":{\"@id\":\"https:\/\/valderrobres-candida.com\/cat\/blog\/2018\/04\/03\/notepuedesperder-exposicion-de-luis-granena\/#breadcrumb\"},\"inLanguage\":\"ca\",\"potentialAction\":[{\"@type\":\"ReadAction\",\"target\":[\"https:\/\/valderrobres-candida.com\/cat\/blog\/2018\/04\/03\/notepuedesperder-exposicion-de-luis-granena\/\"]}]},{\"@type\":\"ImageObject\",\"inLanguage\":\"ca\",\"@id\":\"https:\/\/valderrobres-candida.com\/cat\/blog\/2018\/04\/03\/notepuedesperder-exposicion-de-luis-granena\/#primaryimage\",\"url\":\"https:\/\/valderrobres-candida.com\/cat\/wp-content\/uploads\/sites\/4\/P1060328JPG28009242_cdeada6a.jpg\",\"contentUrl\":\"https:\/\/valderrobres-candida.com\/cat\/wp-content\/uploads\/sites\/4\/P1060328JPG28009242_cdeada6a.jpg\",\"width\":980,\"height\":1069},{\"@type\":\"BreadcrumbList\",\"@id\":\"https:\/\/valderrobres-candida.com\/cat\/blog\/2018\/04\/03\/notepuedesperder-exposicion-de-luis-granena\/#breadcrumb\",\"itemListElement\":[{\"@type\":\"ListItem\",\"position\":1,\"name\":\"Portada\",\"item\":\"https:\/\/valderrobres-candida.com\/cat\/\"},{\"@type\":\"ListItem\",\"position\":2,\"name\":\"#NoTePuedesPerder | Exposici\u00f3n de Luis Gra\u00f1ena\"}]},{\"@type\":\"WebSite\",\"@id\":\"https:\/\/valderrobres-candida.com\/cat\/#website\",\"url\":\"https:\/\/valderrobres-candida.com\/cat\/\",\"name\":\"Valderrobres Candida CAT\",\"description\":\"\",\"potentialAction\":[{\"@type\":\"SearchAction\",\"target\":{\"@type\":\"EntryPoint\",\"urlTemplate\":\"https:\/\/valderrobres-candida.com\/cat\/?s={search_term_string}\"},\"query-input\":{\"@type\":\"PropertyValueSpecification\",\"valueRequired\":true,\"valueName\":\"search_term_string\"}}],\"inLanguage\":\"ca\"},{\"@type\":\"Person\",\"@id\":\"https:\/\/valderrobres-candida.com\/cat\/#\/schema\/person\/592724f30d9f633dc775fbe3b215b45e\",\"name\":\"admin\",\"image\":{\"@type\":\"ImageObject\",\"inLanguage\":\"ca\",\"@id\":\"https:\/\/valderrobres-candida.com\/cat\/#\/schema\/person\/image\/\",\"url\":\"https:\/\/secure.gravatar.com\/avatar\/6593ee61f0881136cad83437ff20a0e7a7e66b6fb8ebe95c1f89f896a627e56a?s=96&d=mm&r=g\",\"contentUrl\":\"https:\/\/secure.gravatar.com\/avatar\/6593ee61f0881136cad83437ff20a0e7a7e66b6fb8ebe95c1f89f896a627e56a?s=96&d=mm&r=g\",\"caption\":\"admin\"},\"url\":\"https:\/\/valderrobres-candida.com\/cat\/blog\/author\/admin\/\"}]}<\/script>\n<!-- \/ Yoast SEO plugin. -->","yoast_head_json":{"title":"#NoTePuedesPerder | Exposici\u00f3n de Luis Gra\u00f1ena - Valderrobres Candida CAT","robots":{"index":"index","follow":"follow","max-snippet":"max-snippet:-1","max-image-preview":"max-image-preview:large","max-video-preview":"max-video-preview:-1"},"canonical":"https:\/\/valderrobres-candida.com\/cat\/blog\/2018\/04\/03\/notepuedesperder-exposicion-de-luis-granena\/","og_locale":"ca_ES","og_type":"article","og_title":"#NoTePuedesPerder | Exposici\u00f3n de Luis Gra\u00f1ena - Valderrobres Candida CAT","og_description":"Desde el pasado 24 de marzo, est\u00e1 expuesta las mejores obras del artista Luis Gra\u00f1ena en la sala Caballerizas del Castillo de Valderrobres que podr\u00e1 visitarse hasta el 15 de julio. Luis Gra\u00f1ena es un ilustrador freelance que reside en Valderrobres y que colabora en revistas y peri\u00f3dicos como New Yorker, Financial Times Weekend, Liberation,","og_url":"https:\/\/valderrobres-candida.com\/cat\/blog\/2018\/04\/03\/notepuedesperder-exposicion-de-luis-granena\/","og_site_name":"Valderrobres Candida CAT","article_published_time":"2018-04-03T09:20:29+00:00","article_modified_time":"2018-04-03T09:22:31+00:00","og_image":[{"width":980,"height":1069,"url":"https:\/\/valderrobres-candida.com\/cat\/wp-content\/uploads\/sites\/4\/P1060328JPG28009242_cdeada6a.jpg","type":"image\/jpeg"}],"author":"admin","twitter_card":"summary_large_image","twitter_misc":{"Escrit per":"admin","Temps estimat de lectura":"1 minut"},"schema":{"@context":"https:\/\/schema.org","@graph":[{"@type":"Article","@id":"https:\/\/valderrobres-candida.com\/cat\/blog\/2018\/04\/03\/notepuedesperder-exposicion-de-luis-granena\/#article","isPartOf":{"@id":"https:\/\/valderrobres-candida.com\/cat\/blog\/2018\/04\/03\/notepuedesperder-exposicion-de-luis-granena\/"},"author":{"name":"admin","@id":"https:\/\/valderrobres-candida.com\/cat\/#\/schema\/person\/592724f30d9f633dc775fbe3b215b45e"},"headline":"#NoTePuedesPerder | Exposici\u00f3n de Luis Gra\u00f1ena","datePublished":"2018-04-03T09:20:29+00:00","dateModified":"2018-04-03T09:22:31+00:00","mainEntityOfPage":{"@id":"https:\/\/valderrobres-candida.com\/cat\/blog\/2018\/04\/03\/notepuedesperder-exposicion-de-luis-granena\/"},"wordCount":125,"commentCount":0,"image":{"@id":"https:\/\/valderrobres-candida.com\/cat\/blog\/2018\/04\/03\/notepuedesperder-exposicion-de-luis-granena\/#primaryimage"},"thumbnailUrl":"https:\/\/valderrobres-candida.com\/cat\/wp-content\/uploads\/sites\/4\/P1060328JPG28009242_cdeada6a.jpg","articleSection":["Blog","Not\u00edcias"],"inLanguage":"ca","potentialAction":[{"@type":"CommentAction","name":"Comment","target":["https:\/\/valderrobres-candida.com\/cat\/blog\/2018\/04\/03\/notepuedesperder-exposicion-de-luis-granena\/#respond"]}]},{"@type":"WebPage","@id":"https:\/\/valderrobres-candida.com\/cat\/blog\/2018\/04\/03\/notepuedesperder-exposicion-de-luis-granena\/","url":"https:\/\/valderrobres-candida.com\/cat\/blog\/2018\/04\/03\/notepuedesperder-exposicion-de-luis-granena\/","name":"#NoTePuedesPerder | Exposici\u00f3n de Luis Gra\u00f1ena - Valderrobres Candida CAT","isPartOf":{"@id":"https:\/\/valderrobres-candida.com\/cat\/#website"},"primaryImageOfPage":{"@id":"https:\/\/valderrobres-candida.com\/cat\/blog\/2018\/04\/03\/notepuedesperder-exposicion-de-luis-granena\/#primaryimage"},"image":{"@id":"https:\/\/valderrobres-candida.com\/cat\/blog\/2018\/04\/03\/notepuedesperder-exposicion-de-luis-granena\/#primaryimage"},"thumbnailUrl":"https:\/\/valderrobres-candida.com\/cat\/wp-content\/uploads\/sites\/4\/P1060328JPG28009242_cdeada6a.jpg","datePublished":"2018-04-03T09:20:29+00:00","dateModified":"2018-04-03T09:22:31+00:00","author":{"@id":"https:\/\/valderrobres-candida.com\/cat\/#\/schema\/person\/592724f30d9f633dc775fbe3b215b45e"},"breadcrumb":{"@id":"https:\/\/valderrobres-candida.com\/cat\/blog\/2018\/04\/03\/notepuedesperder-exposicion-de-luis-granena\/#breadcrumb"},"inLanguage":"ca","potentialAction":[{"@type":"ReadAction","target":["https:\/\/valderrobres-candida.com\/cat\/blog\/2018\/04\/03\/notepuedesperder-exposicion-de-luis-granena\/"]}]},{"@type":"ImageObject","inLanguage":"ca","@id":"https:\/\/valderrobres-candida.com\/cat\/blog\/2018\/04\/03\/notepuedesperder-exposicion-de-luis-granena\/#primaryimage","url":"https:\/\/valderrobres-candida.com\/cat\/wp-content\/uploads\/sites\/4\/P1060328JPG28009242_cdeada6a.jpg","contentUrl":"https:\/\/valderrobres-candida.com\/cat\/wp-content\/uploads\/sites\/4\/P1060328JPG28009242_cdeada6a.jpg","width":980,"height":1069},{"@type":"BreadcrumbList","@id":"https:\/\/valderrobres-candida.com\/cat\/blog\/2018\/04\/03\/notepuedesperder-exposicion-de-luis-granena\/#breadcrumb","itemListElement":[{"@type":"ListItem","position":1,"name":"Portada","item":"https:\/\/valderrobres-candida.com\/cat\/"},{"@type":"ListItem","position":2,"name":"#NoTePuedesPerder | Exposici\u00f3n de Luis Gra\u00f1ena"}]},{"@type":"WebSite","@id":"https:\/\/valderrobres-candida.com\/cat\/#website","url":"https:\/\/valderrobres-candida.com\/cat\/","name":"Valderrobres Candida CAT","description":"","potentialAction":[{"@type":"SearchAction","target":{"@type":"EntryPoint","urlTemplate":"https:\/\/valderrobres-candida.com\/cat\/?s={search_term_string}"},"query-input":{"@type":"PropertyValueSpecification","valueRequired":true,"valueName":"search_term_string"}}],"inLanguage":"ca"},{"@type":"Person","@id":"https:\/\/valderrobres-candida.com\/cat\/#\/schema\/person\/592724f30d9f633dc775fbe3b215b45e","name":"admin","image":{"@type":"ImageObject","inLanguage":"ca","@id":"https:\/\/valderrobres-candida.com\/cat\/#\/schema\/person\/image\/","url":"https:\/\/secure.gravatar.com\/avatar\/6593ee61f0881136cad83437ff20a0e7a7e66b6fb8ebe95c1f89f896a627e56a?s=96&d=mm&r=g","contentUrl":"https:\/\/secure.gravatar.com\/avatar\/6593ee61f0881136cad83437ff20a0e7a7e66b6fb8ebe95c1f89f896a627e56a?s=96&d=mm&r=g","caption":"admin"},"url":"https:\/\/valderrobres-candida.com\/cat\/blog\/author\/admin\/"}]}},"_links":{"self":[{"href":"https:\/\/valderrobres-candida.com\/cat\/wp-json\/wp\/v2\/posts\/1199","targetHints":{"allow":["GET"]}}],"collection":[{"href":"https:\/\/valderrobres-candida.com\/cat\/wp-json\/wp\/v2\/posts"}],"about":[{"href":"https:\/\/valderrobres-candida.com\/cat\/wp-json\/wp\/v2\/types\/post"}],"author":[{"embeddable":true,"href":"https:\/\/valderrobres-candida.com\/cat\/wp-json\/wp\/v2\/users\/1"}],"replies":[{"embeddable":true,"href":"https:\/\/valderrobres-candida.com\/cat\/wp-json\/wp\/v2\/comments?post=1199"}],"version-history":[{"count":1,"href":"https:\/\/valderrobres-candida.com\/cat\/wp-json\/wp\/v2\/posts\/1199\/revisions"}],"predecessor-version":[{"id":1201,"href":"https:\/\/valderrobres-candida.com\/cat\/wp-json\/wp\/v2\/posts\/1199\/revisions\/1201"}],"wp:featuredmedia":[{"embeddable":true,"href":"https:\/\/valderrobres-candida.com\/cat\/wp-json\/wp\/v2\/media\/1200"}],"wp:attachment":[{"href":"https:\/\/valderrobres-candida.com\/cat\/wp-json\/wp\/v2\/media?parent=1199"}],"wp:term":[{"taxonomy":"category","embeddable":true,"href":"https:\/\/valderrobres-candida.com\/cat\/wp-json\/wp\/v2\/categories?post=1199"},{"taxonomy":"post_tag","embeddable":true,"href":"https:\/\/valderrobres-candida.com\/cat\/wp-json\/wp\/v2\/tags?post=1199"}],"curies":[{"name":"wp","href":"https:\/\/api.w.org\/{rel}","templated":true}]}}