{"id":1208,"date":"2018-04-25T07:45:36","date_gmt":"2018-04-25T07:45:36","guid":{"rendered":"http:\/\/valderrobres-candida.com\/?p=1208"},"modified":"2018-04-25T07:45:36","modified_gmt":"2018-04-25T07:45:36","slug":"notepuedesperder-feria-ganadera-y-comercial","status":"publish","type":"post","link":"https:\/\/valderrobres-candida.com\/cat\/blog\/2018\/04\/25\/notepuedesperder-feria-ganadera-y-comercial\/","title":{"rendered":"#NoTePuedesPerder | Feria ganadera y comercial"},"content":{"rendered":"<p>RECINTO GANADERO<\/p>\n<p>Carpa de exposici\u00f3n de <strong>animales<\/strong>, con presencia de ganado ovino, equino y caprino en la calle Arzobispo Fern\u00e1ndez Heredia.<\/p>\n<p>Junto a todo el recinto, se puede visitar el <strong>campo de actividades ganaderas\u00a0<\/strong>d\u00f3nde se realizar\u00e1 la exhibici\u00f3n de perros de ganado.<\/p>\n<p>M\u00c1S INFORMACI\u00d3N:\u00a0<a href=\"http:\/\/www.valderrobres.es\/wp-content\/uploads\/sites\/27\/2018\/04\/TripticoferiamayoValderrobres_caraB.jpg\">FERIA GANADERA Y COMERCIAL<\/a><\/p>\n<p>&nbsp;<\/p>\n","protected":false},"excerpt":{"rendered":"<p>RECINTO GANADERO Carpa de exposici\u00f3n de animales, con presencia de ganado ovino, equino y caprino en la calle Arzobispo Fern\u00e1ndez Heredia. Junto a todo el recinto, se puede visitar el campo de actividades ganaderas\u00a0d\u00f3nde se realizar\u00e1 la exhibici\u00f3n de perros de ganado. M\u00c1S INFORMACI\u00d3N:\u00a0FERIA GANADERA Y COMERCIAL &nbsp;<\/p>\n","protected":false},"author":1,"featured_media":0,"comment_status":"open","ping_status":"open","sticky":false,"template":"","format":"standard","meta":{"footnotes":""},"categories":[150,18],"tags":[],"class_list":["post-1208","post","type-post","status-publish","format-standard","hentry","category-blog","category-noticias"],"yoast_head":"<!-- This site is optimized with the Yoast SEO plugin v26.7 - https:\/\/yoast.com\/wordpress\/plugins\/seo\/ -->\n<title>#NoTePuedesPerder | Feria ganadera y comercial - Valderrobres Candida CAT<\/title>\n<meta name=\"robots\" content=\"index, follow, max-snippet:-1, max-image-preview:large, max-video-preview:-1\" \/>\n<link rel=\"canonical\" href=\"https:\/\/valderrobres-candida.com\/cat\/blog\/2018\/04\/25\/notepuedesperder-feria-ganadera-y-comercial\/\" \/>\n<meta property=\"og:locale\" content=\"ca_ES\" \/>\n<meta property=\"og:type\" content=\"article\" \/>\n<meta property=\"og:title\" content=\"#NoTePuedesPerder | Feria ganadera y comercial - Valderrobres Candida CAT\" \/>\n<meta property=\"og:description\" content=\"RECINTO GANADERO Carpa de exposici\u00f3n de animales, con presencia de ganado ovino, equino y caprino en la calle Arzobispo Fern\u00e1ndez Heredia. Junto a todo el recinto, se puede visitar el campo de actividades ganaderas\u00a0d\u00f3nde se realizar\u00e1 la exhibici\u00f3n de perros de ganado. M\u00c1S INFORMACI\u00d3N:\u00a0FERIA GANADERA Y COMERCIAL &nbsp;\" \/>\n<meta property=\"og:url\" content=\"https:\/\/valderrobres-candida.com\/cat\/blog\/2018\/04\/25\/notepuedesperder-feria-ganadera-y-comercial\/\" \/>\n<meta property=\"og:site_name\" content=\"Valderrobres Candida CAT\" \/>\n<meta property=\"article:published_time\" content=\"2018-04-25T07:45:36+00:00\" \/>\n<meta name=\"author\" content=\"admin\" \/>\n<meta name=\"twitter:card\" content=\"summary_large_image\" \/>\n<meta name=\"twitter:label1\" content=\"Escrit per\" \/>\n\t<meta name=\"twitter:data1\" content=\"admin\" \/>\n<script type=\"application\/ld+json\" class=\"yoast-schema-graph\">{\"@context\":\"https:\/\/schema.org\",\"@graph\":[{\"@type\":\"Article\",\"@id\":\"https:\/\/valderrobres-candida.com\/cat\/blog\/2018\/04\/25\/notepuedesperder-feria-ganadera-y-comercial\/#article\",\"isPartOf\":{\"@id\":\"https:\/\/valderrobres-candida.com\/cat\/blog\/2018\/04\/25\/notepuedesperder-feria-ganadera-y-comercial\/\"},\"author\":{\"name\":\"admin\",\"@id\":\"https:\/\/valderrobres-candida.com\/cat\/#\/schema\/person\/592724f30d9f633dc775fbe3b215b45e\"},\"headline\":\"#NoTePuedesPerder | Feria ganadera y comercial\",\"datePublished\":\"2018-04-25T07:45:36+00:00\",\"mainEntityOfPage\":{\"@id\":\"https:\/\/valderrobres-candida.com\/cat\/blog\/2018\/04\/25\/notepuedesperder-feria-ganadera-y-comercial\/\"},\"wordCount\":61,\"commentCount\":0,\"articleSection\":[\"Blog\",\"Not\u00edcias\"],\"inLanguage\":\"ca\",\"potentialAction\":[{\"@type\":\"CommentAction\",\"name\":\"Comment\",\"target\":[\"https:\/\/valderrobres-candida.com\/cat\/blog\/2018\/04\/25\/notepuedesperder-feria-ganadera-y-comercial\/#respond\"]}]},{\"@type\":\"WebPage\",\"@id\":\"https:\/\/valderrobres-candida.com\/cat\/blog\/2018\/04\/25\/notepuedesperder-feria-ganadera-y-comercial\/\",\"url\":\"https:\/\/valderrobres-candida.com\/cat\/blog\/2018\/04\/25\/notepuedesperder-feria-ganadera-y-comercial\/\",\"name\":\"#NoTePuedesPerder | Feria ganadera y comercial - Valderrobres Candida CAT\",\"isPartOf\":{\"@id\":\"https:\/\/valderrobres-candida.com\/cat\/#website\"},\"datePublished\":\"2018-04-25T07:45:36+00:00\",\"author\":{\"@id\":\"https:\/\/valderrobres-candida.com\/cat\/#\/schema\/person\/592724f30d9f633dc775fbe3b215b45e\"},\"breadcrumb\":{\"@id\":\"https:\/\/valderrobres-candida.com\/cat\/blog\/2018\/04\/25\/notepuedesperder-feria-ganadera-y-comercial\/#breadcrumb\"},\"inLanguage\":\"ca\",\"potentialAction\":[{\"@type\":\"ReadAction\",\"target\":[\"https:\/\/valderrobres-candida.com\/cat\/blog\/2018\/04\/25\/notepuedesperder-feria-ganadera-y-comercial\/\"]}]},{\"@type\":\"BreadcrumbList\",\"@id\":\"https:\/\/valderrobres-candida.com\/cat\/blog\/2018\/04\/25\/notepuedesperder-feria-ganadera-y-comercial\/#breadcrumb\",\"itemListElement\":[{\"@type\":\"ListItem\",\"position\":1,\"name\":\"Portada\",\"item\":\"https:\/\/valderrobres-candida.com\/cat\/\"},{\"@type\":\"ListItem\",\"position\":2,\"name\":\"#NoTePuedesPerder | Feria ganadera y comercial\"}]},{\"@type\":\"WebSite\",\"@id\":\"https:\/\/valderrobres-candida.com\/cat\/#website\",\"url\":\"https:\/\/valderrobres-candida.com\/cat\/\",\"name\":\"Valderrobres Candida CAT\",\"description\":\"\",\"potentialAction\":[{\"@type\":\"SearchAction\",\"target\":{\"@type\":\"EntryPoint\",\"urlTemplate\":\"https:\/\/valderrobres-candida.com\/cat\/?s={search_term_string}\"},\"query-input\":{\"@type\":\"PropertyValueSpecification\",\"valueRequired\":true,\"valueName\":\"search_term_string\"}}],\"inLanguage\":\"ca\"},{\"@type\":\"Person\",\"@id\":\"https:\/\/valderrobres-candida.com\/cat\/#\/schema\/person\/592724f30d9f633dc775fbe3b215b45e\",\"name\":\"admin\",\"image\":{\"@type\":\"ImageObject\",\"inLanguage\":\"ca\",\"@id\":\"https:\/\/valderrobres-candida.com\/cat\/#\/schema\/person\/image\/\",\"url\":\"https:\/\/secure.gravatar.com\/avatar\/6593ee61f0881136cad83437ff20a0e7a7e66b6fb8ebe95c1f89f896a627e56a?s=96&d=mm&r=g\",\"contentUrl\":\"https:\/\/secure.gravatar.com\/avatar\/6593ee61f0881136cad83437ff20a0e7a7e66b6fb8ebe95c1f89f896a627e56a?s=96&d=mm&r=g\",\"caption\":\"admin\"},\"url\":\"https:\/\/valderrobres-candida.com\/cat\/blog\/author\/admin\/\"}]}<\/script>\n<!-- \/ Yoast SEO plugin. -->","yoast_head_json":{"title":"#NoTePuedesPerder | Feria ganadera y comercial - Valderrobres Candida CAT","robots":{"index":"index","follow":"follow","max-snippet":"max-snippet:-1","max-image-preview":"max-image-preview:large","max-video-preview":"max-video-preview:-1"},"canonical":"https:\/\/valderrobres-candida.com\/cat\/blog\/2018\/04\/25\/notepuedesperder-feria-ganadera-y-comercial\/","og_locale":"ca_ES","og_type":"article","og_title":"#NoTePuedesPerder | Feria ganadera y comercial - Valderrobres Candida CAT","og_description":"RECINTO GANADERO Carpa de exposici\u00f3n de animales, con presencia de ganado ovino, equino y caprino en la calle Arzobispo Fern\u00e1ndez Heredia. Junto a todo el recinto, se puede visitar el campo de actividades ganaderas\u00a0d\u00f3nde se realizar\u00e1 la exhibici\u00f3n de perros de ganado. M\u00c1S INFORMACI\u00d3N:\u00a0FERIA GANADERA Y COMERCIAL &nbsp;","og_url":"https:\/\/valderrobres-candida.com\/cat\/blog\/2018\/04\/25\/notepuedesperder-feria-ganadera-y-comercial\/","og_site_name":"Valderrobres Candida CAT","article_published_time":"2018-04-25T07:45:36+00:00","author":"admin","twitter_card":"summary_large_image","twitter_misc":{"Escrit per":"admin"},"schema":{"@context":"https:\/\/schema.org","@graph":[{"@type":"Article","@id":"https:\/\/valderrobres-candida.com\/cat\/blog\/2018\/04\/25\/notepuedesperder-feria-ganadera-y-comercial\/#article","isPartOf":{"@id":"https:\/\/valderrobres-candida.com\/cat\/blog\/2018\/04\/25\/notepuedesperder-feria-ganadera-y-comercial\/"},"author":{"name":"admin","@id":"https:\/\/valderrobres-candida.com\/cat\/#\/schema\/person\/592724f30d9f633dc775fbe3b215b45e"},"headline":"#NoTePuedesPerder | Feria ganadera y comercial","datePublished":"2018-04-25T07:45:36+00:00","mainEntityOfPage":{"@id":"https:\/\/valderrobres-candida.com\/cat\/blog\/2018\/04\/25\/notepuedesperder-feria-ganadera-y-comercial\/"},"wordCount":61,"commentCount":0,"articleSection":["Blog","Not\u00edcias"],"inLanguage":"ca","potentialAction":[{"@type":"CommentAction","name":"Comment","target":["https:\/\/valderrobres-candida.com\/cat\/blog\/2018\/04\/25\/notepuedesperder-feria-ganadera-y-comercial\/#respond"]}]},{"@type":"WebPage","@id":"https:\/\/valderrobres-candida.com\/cat\/blog\/2018\/04\/25\/notepuedesperder-feria-ganadera-y-comercial\/","url":"https:\/\/valderrobres-candida.com\/cat\/blog\/2018\/04\/25\/notepuedesperder-feria-ganadera-y-comercial\/","name":"#NoTePuedesPerder | Feria ganadera y comercial - Valderrobres Candida CAT","isPartOf":{"@id":"https:\/\/valderrobres-candida.com\/cat\/#website"},"datePublished":"2018-04-25T07:45:36+00:00","author":{"@id":"https:\/\/valderrobres-candida.com\/cat\/#\/schema\/person\/592724f30d9f633dc775fbe3b215b45e"},"breadcrumb":{"@id":"https:\/\/valderrobres-candida.com\/cat\/blog\/2018\/04\/25\/notepuedesperder-feria-ganadera-y-comercial\/#breadcrumb"},"inLanguage":"ca","potentialAction":[{"@type":"ReadAction","target":["https:\/\/valderrobres-candida.com\/cat\/blog\/2018\/04\/25\/notepuedesperder-feria-ganadera-y-comercial\/"]}]},{"@type":"BreadcrumbList","@id":"https:\/\/valderrobres-candida.com\/cat\/blog\/2018\/04\/25\/notepuedesperder-feria-ganadera-y-comercial\/#breadcrumb","itemListElement":[{"@type":"ListItem","position":1,"name":"Portada","item":"https:\/\/valderrobres-candida.com\/cat\/"},{"@type":"ListItem","position":2,"name":"#NoTePuedesPerder | Feria ganadera y comercial"}]},{"@type":"WebSite","@id":"https:\/\/valderrobres-candida.com\/cat\/#website","url":"https:\/\/valderrobres-candida.com\/cat\/","name":"Valderrobres Candida CAT","description":"","potentialAction":[{"@type":"SearchAction","target":{"@type":"EntryPoint","urlTemplate":"https:\/\/valderrobres-candida.com\/cat\/?s={search_term_string}"},"query-input":{"@type":"PropertyValueSpecification","valueRequired":true,"valueName":"search_term_string"}}],"inLanguage":"ca"},{"@type":"Person","@id":"https:\/\/valderrobres-candida.com\/cat\/#\/schema\/person\/592724f30d9f633dc775fbe3b215b45e","name":"admin","image":{"@type":"ImageObject","inLanguage":"ca","@id":"https:\/\/valderrobres-candida.com\/cat\/#\/schema\/person\/image\/","url":"https:\/\/secure.gravatar.com\/avatar\/6593ee61f0881136cad83437ff20a0e7a7e66b6fb8ebe95c1f89f896a627e56a?s=96&d=mm&r=g","contentUrl":"https:\/\/secure.gravatar.com\/avatar\/6593ee61f0881136cad83437ff20a0e7a7e66b6fb8ebe95c1f89f896a627e56a?s=96&d=mm&r=g","caption":"admin"},"url":"https:\/\/valderrobres-candida.com\/cat\/blog\/author\/admin\/"}]}},"_links":{"self":[{"href":"https:\/\/valderrobres-candida.com\/cat\/wp-json\/wp\/v2\/posts\/1208","targetHints":{"allow":["GET"]}}],"collection":[{"href":"https:\/\/valderrobres-candida.com\/cat\/wp-json\/wp\/v2\/posts"}],"about":[{"href":"https:\/\/valderrobres-candida.com\/cat\/wp-json\/wp\/v2\/types\/post"}],"author":[{"embeddable":true,"href":"https:\/\/valderrobres-candida.com\/cat\/wp-json\/wp\/v2\/users\/1"}],"replies":[{"embeddable":true,"href":"https:\/\/valderrobres-candida.com\/cat\/wp-json\/wp\/v2\/comments?post=1208"}],"version-history":[{"count":1,"href":"https:\/\/valderrobres-candida.com\/cat\/wp-json\/wp\/v2\/posts\/1208\/revisions"}],"predecessor-version":[{"id":1209,"href":"https:\/\/valderrobres-candida.com\/cat\/wp-json\/wp\/v2\/posts\/1208\/revisions\/1209"}],"wp:attachment":[{"href":"https:\/\/valderrobres-candida.com\/cat\/wp-json\/wp\/v2\/media?parent=1208"}],"wp:term":[{"taxonomy":"category","embeddable":true,"href":"https:\/\/valderrobres-candida.com\/cat\/wp-json\/wp\/v2\/categories?post=1208"},{"taxonomy":"post_tag","embeddable":true,"href":"https:\/\/valderrobres-candida.com\/cat\/wp-json\/wp\/v2\/tags?post=1208"}],"curies":[{"name":"wp","href":"https:\/\/api.w.org\/{rel}","templated":true}]}}