{"id":1210,"date":"2018-05-04T09:45:44","date_gmt":"2018-05-04T09:45:44","guid":{"rendered":"http:\/\/valderrobres-candida.com\/?p=1210"},"modified":"2018-05-04T09:49:47","modified_gmt":"2018-05-04T09:49:47","slug":"notepuedesperder-observacion-de-la-cabra-montesa","status":"publish","type":"post","link":"https:\/\/valderrobres-candida.com\/cat\/blog\/2018\/05\/04\/notepuedesperder-observacion-de-la-cabra-montesa\/","title":{"rendered":"#NoTePuedesPerder | Observaci\u00f3n de la cabra montesa"},"content":{"rendered":"<div class=\"titol\"><strong>OBSERVACI\u00d3N DE CABRA MONTESA<\/strong><\/div>\n<div class=\"desc\">\u00bfQuieres vivir una experiencia \u00fanica observando y fotografiando la cabra montesa en los Puertos de Beceite?<\/div>\n<div class=\"desc\">\n<p><strong>Incluye<\/strong>:\u00a0Ruta en veh\u00edculo 4&#215;4, seguros, un gu\u00eda de naturaleza, material \u00f3ptico (prism\u00e1ticos y telescopio terrestre), uso de libros de identificaci\u00f3n de aves y plantas.<\/p>\n<p><strong>Per\u00edodo<\/strong>:\u00a0de Diciembre a Mayo.<\/p>\n<p>M\u00e1s informaci\u00f3n:\u00a0<a href=\"http:\/\/www.turismomatarra\u00f1a.es\/prod.asp?id=442&amp;i=es\">http:\/\/www.turismomatarra\u00f1a.es\/prod.asp?id=442&amp;i=es<\/a><\/p>\n<p>&nbsp;<\/p>\n<\/div>\n","protected":false},"excerpt":{"rendered":"<p>OBSERVACI\u00d3N DE CABRA MONTESA \u00bfQuieres vivir una experiencia \u00fanica observando y fotografiando la cabra montesa en los Puertos de Beceite? Incluye:\u00a0Ruta en veh\u00edculo 4&#215;4, seguros, un gu\u00eda de naturaleza, material \u00f3ptico (prism\u00e1ticos y telescopio terrestre), uso de libros de identificaci\u00f3n de aves y plantas. Per\u00edodo:\u00a0de Diciembre a Mayo. M\u00e1s informaci\u00f3n:\u00a0http:\/\/www.turismomatarra\u00f1a.es\/prod.asp?id=442&amp;i=es &nbsp;<\/p>\n","protected":false},"author":1,"featured_media":1212,"comment_status":"open","ping_status":"open","sticky":false,"template":"","format":"standard","meta":{"footnotes":""},"categories":[150,18],"tags":[],"class_list":["post-1210","post","type-post","status-publish","format-standard","has-post-thumbnail","hentry","category-blog","category-noticias"],"yoast_head":"<!-- This site is optimized with the Yoast SEO plugin v26.7 - https:\/\/yoast.com\/wordpress\/plugins\/seo\/ -->\n<title>#NoTePuedesPerder | Observaci\u00f3n de la cabra montesa - Valderrobres Candida CAT<\/title>\n<meta name=\"robots\" content=\"index, follow, max-snippet:-1, max-image-preview:large, max-video-preview:-1\" \/>\n<link rel=\"canonical\" href=\"https:\/\/valderrobres-candida.com\/cat\/blog\/2018\/05\/04\/notepuedesperder-observacion-de-la-cabra-montesa\/\" \/>\n<meta property=\"og:locale\" content=\"ca_ES\" \/>\n<meta property=\"og:type\" content=\"article\" \/>\n<meta property=\"og:title\" content=\"#NoTePuedesPerder | Observaci\u00f3n de la cabra montesa - Valderrobres Candida CAT\" \/>\n<meta property=\"og:description\" content=\"OBSERVACI\u00d3N DE CABRA MONTESA \u00bfQuieres vivir una experiencia \u00fanica observando y fotografiando la cabra montesa en los Puertos de Beceite? Incluye:\u00a0Ruta en veh\u00edculo 4&#215;4, seguros, un gu\u00eda de naturaleza, material \u00f3ptico (prism\u00e1ticos y telescopio terrestre), uso de libros de identificaci\u00f3n de aves y plantas. Per\u00edodo:\u00a0de Diciembre a Mayo. M\u00e1s informaci\u00f3n:\u00a0http:\/\/www.turismomatarra\u00f1a.es\/prod.asp?id=442&amp;i=es &nbsp;\" \/>\n<meta property=\"og:url\" content=\"https:\/\/valderrobres-candida.com\/cat\/blog\/2018\/05\/04\/notepuedesperder-observacion-de-la-cabra-montesa\/\" \/>\n<meta property=\"og:site_name\" content=\"Valderrobres Candida CAT\" \/>\n<meta property=\"article:published_time\" content=\"2018-05-04T09:45:44+00:00\" \/>\n<meta property=\"article:modified_time\" content=\"2018-05-04T09:49:47+00:00\" \/>\n<meta property=\"og:image\" content=\"https:\/\/valderrobres-candida.com\/cat\/wp-content\/uploads\/sites\/4\/14978004951258.jpg\" \/>\n\t<meta property=\"og:image:width\" content=\"660\" \/>\n\t<meta property=\"og:image:height\" content=\"426\" \/>\n\t<meta property=\"og:image:type\" content=\"image\/jpeg\" \/>\n<meta name=\"author\" content=\"admin\" \/>\n<meta name=\"twitter:card\" content=\"summary_large_image\" \/>\n<meta name=\"twitter:label1\" content=\"Escrit per\" \/>\n\t<meta name=\"twitter:data1\" content=\"admin\" \/>\n<script type=\"application\/ld+json\" class=\"yoast-schema-graph\">{\"@context\":\"https:\/\/schema.org\",\"@graph\":[{\"@type\":\"Article\",\"@id\":\"https:\/\/valderrobres-candida.com\/cat\/blog\/2018\/05\/04\/notepuedesperder-observacion-de-la-cabra-montesa\/#article\",\"isPartOf\":{\"@id\":\"https:\/\/valderrobres-candida.com\/cat\/blog\/2018\/05\/04\/notepuedesperder-observacion-de-la-cabra-montesa\/\"},\"author\":{\"name\":\"admin\",\"@id\":\"https:\/\/valderrobres-candida.com\/cat\/#\/schema\/person\/592724f30d9f633dc775fbe3b215b45e\"},\"headline\":\"#NoTePuedesPerder | Observaci\u00f3n de la cabra montesa\",\"datePublished\":\"2018-05-04T09:45:44+00:00\",\"dateModified\":\"2018-05-04T09:49:47+00:00\",\"mainEntityOfPage\":{\"@id\":\"https:\/\/valderrobres-candida.com\/cat\/blog\/2018\/05\/04\/notepuedesperder-observacion-de-la-cabra-montesa\/\"},\"wordCount\":79,\"commentCount\":0,\"image\":{\"@id\":\"https:\/\/valderrobres-candida.com\/cat\/blog\/2018\/05\/04\/notepuedesperder-observacion-de-la-cabra-montesa\/#primaryimage\"},\"thumbnailUrl\":\"https:\/\/valderrobres-candida.com\/cat\/wp-content\/uploads\/sites\/4\/14978004951258.jpg\",\"articleSection\":[\"Blog\",\"Not\u00edcias\"],\"inLanguage\":\"ca\",\"potentialAction\":[{\"@type\":\"CommentAction\",\"name\":\"Comment\",\"target\":[\"https:\/\/valderrobres-candida.com\/cat\/blog\/2018\/05\/04\/notepuedesperder-observacion-de-la-cabra-montesa\/#respond\"]}]},{\"@type\":\"WebPage\",\"@id\":\"https:\/\/valderrobres-candida.com\/cat\/blog\/2018\/05\/04\/notepuedesperder-observacion-de-la-cabra-montesa\/\",\"url\":\"https:\/\/valderrobres-candida.com\/cat\/blog\/2018\/05\/04\/notepuedesperder-observacion-de-la-cabra-montesa\/\",\"name\":\"#NoTePuedesPerder | Observaci\u00f3n de la cabra montesa - Valderrobres Candida CAT\",\"isPartOf\":{\"@id\":\"https:\/\/valderrobres-candida.com\/cat\/#website\"},\"primaryImageOfPage\":{\"@id\":\"https:\/\/valderrobres-candida.com\/cat\/blog\/2018\/05\/04\/notepuedesperder-observacion-de-la-cabra-montesa\/#primaryimage\"},\"image\":{\"@id\":\"https:\/\/valderrobres-candida.com\/cat\/blog\/2018\/05\/04\/notepuedesperder-observacion-de-la-cabra-montesa\/#primaryimage\"},\"thumbnailUrl\":\"https:\/\/valderrobres-candida.com\/cat\/wp-content\/uploads\/sites\/4\/14978004951258.jpg\",\"datePublished\":\"2018-05-04T09:45:44+00:00\",\"dateModified\":\"2018-05-04T09:49:47+00:00\",\"author\":{\"@id\":\"https:\/\/valderrobres-candida.com\/cat\/#\/schema\/person\/592724f30d9f633dc775fbe3b215b45e\"},\"breadcrumb\":{\"@id\":\"https:\/\/valderrobres-candida.com\/cat\/blog\/2018\/05\/04\/notepuedesperder-observacion-de-la-cabra-montesa\/#breadcrumb\"},\"inLanguage\":\"ca\",\"potentialAction\":[{\"@type\":\"ReadAction\",\"target\":[\"https:\/\/valderrobres-candida.com\/cat\/blog\/2018\/05\/04\/notepuedesperder-observacion-de-la-cabra-montesa\/\"]}]},{\"@type\":\"ImageObject\",\"inLanguage\":\"ca\",\"@id\":\"https:\/\/valderrobres-candida.com\/cat\/blog\/2018\/05\/04\/notepuedesperder-observacion-de-la-cabra-montesa\/#primaryimage\",\"url\":\"https:\/\/valderrobres-candida.com\/cat\/wp-content\/uploads\/sites\/4\/14978004951258.jpg\",\"contentUrl\":\"https:\/\/valderrobres-candida.com\/cat\/wp-content\/uploads\/sites\/4\/14978004951258.jpg\",\"width\":660,\"height\":426},{\"@type\":\"BreadcrumbList\",\"@id\":\"https:\/\/valderrobres-candida.com\/cat\/blog\/2018\/05\/04\/notepuedesperder-observacion-de-la-cabra-montesa\/#breadcrumb\",\"itemListElement\":[{\"@type\":\"ListItem\",\"position\":1,\"name\":\"Portada\",\"item\":\"https:\/\/valderrobres-candida.com\/cat\/\"},{\"@type\":\"ListItem\",\"position\":2,\"name\":\"#NoTePuedesPerder | Observaci\u00f3n de la cabra montesa\"}]},{\"@type\":\"WebSite\",\"@id\":\"https:\/\/valderrobres-candida.com\/cat\/#website\",\"url\":\"https:\/\/valderrobres-candida.com\/cat\/\",\"name\":\"Valderrobres Candida CAT\",\"description\":\"\",\"potentialAction\":[{\"@type\":\"SearchAction\",\"target\":{\"@type\":\"EntryPoint\",\"urlTemplate\":\"https:\/\/valderrobres-candida.com\/cat\/?s={search_term_string}\"},\"query-input\":{\"@type\":\"PropertyValueSpecification\",\"valueRequired\":true,\"valueName\":\"search_term_string\"}}],\"inLanguage\":\"ca\"},{\"@type\":\"Person\",\"@id\":\"https:\/\/valderrobres-candida.com\/cat\/#\/schema\/person\/592724f30d9f633dc775fbe3b215b45e\",\"name\":\"admin\",\"image\":{\"@type\":\"ImageObject\",\"inLanguage\":\"ca\",\"@id\":\"https:\/\/valderrobres-candida.com\/cat\/#\/schema\/person\/image\/\",\"url\":\"https:\/\/secure.gravatar.com\/avatar\/6593ee61f0881136cad83437ff20a0e7a7e66b6fb8ebe95c1f89f896a627e56a?s=96&d=mm&r=g\",\"contentUrl\":\"https:\/\/secure.gravatar.com\/avatar\/6593ee61f0881136cad83437ff20a0e7a7e66b6fb8ebe95c1f89f896a627e56a?s=96&d=mm&r=g\",\"caption\":\"admin\"},\"url\":\"https:\/\/valderrobres-candida.com\/cat\/blog\/author\/admin\/\"}]}<\/script>\n<!-- \/ Yoast SEO plugin. -->","yoast_head_json":{"title":"#NoTePuedesPerder | Observaci\u00f3n de la cabra montesa - Valderrobres Candida CAT","robots":{"index":"index","follow":"follow","max-snippet":"max-snippet:-1","max-image-preview":"max-image-preview:large","max-video-preview":"max-video-preview:-1"},"canonical":"https:\/\/valderrobres-candida.com\/cat\/blog\/2018\/05\/04\/notepuedesperder-observacion-de-la-cabra-montesa\/","og_locale":"ca_ES","og_type":"article","og_title":"#NoTePuedesPerder | Observaci\u00f3n de la cabra montesa - Valderrobres Candida CAT","og_description":"OBSERVACI\u00d3N DE CABRA MONTESA \u00bfQuieres vivir una experiencia \u00fanica observando y fotografiando la cabra montesa en los Puertos de Beceite? Incluye:\u00a0Ruta en veh\u00edculo 4&#215;4, seguros, un gu\u00eda de naturaleza, material \u00f3ptico (prism\u00e1ticos y telescopio terrestre), uso de libros de identificaci\u00f3n de aves y plantas. Per\u00edodo:\u00a0de Diciembre a Mayo. M\u00e1s informaci\u00f3n:\u00a0http:\/\/www.turismomatarra\u00f1a.es\/prod.asp?id=442&amp;i=es &nbsp;","og_url":"https:\/\/valderrobres-candida.com\/cat\/blog\/2018\/05\/04\/notepuedesperder-observacion-de-la-cabra-montesa\/","og_site_name":"Valderrobres Candida CAT","article_published_time":"2018-05-04T09:45:44+00:00","article_modified_time":"2018-05-04T09:49:47+00:00","og_image":[{"width":660,"height":426,"url":"https:\/\/valderrobres-candida.com\/cat\/wp-content\/uploads\/sites\/4\/14978004951258.jpg","type":"image\/jpeg"}],"author":"admin","twitter_card":"summary_large_image","twitter_misc":{"Escrit per":"admin"},"schema":{"@context":"https:\/\/schema.org","@graph":[{"@type":"Article","@id":"https:\/\/valderrobres-candida.com\/cat\/blog\/2018\/05\/04\/notepuedesperder-observacion-de-la-cabra-montesa\/#article","isPartOf":{"@id":"https:\/\/valderrobres-candida.com\/cat\/blog\/2018\/05\/04\/notepuedesperder-observacion-de-la-cabra-montesa\/"},"author":{"name":"admin","@id":"https:\/\/valderrobres-candida.com\/cat\/#\/schema\/person\/592724f30d9f633dc775fbe3b215b45e"},"headline":"#NoTePuedesPerder | Observaci\u00f3n de la cabra montesa","datePublished":"2018-05-04T09:45:44+00:00","dateModified":"2018-05-04T09:49:47+00:00","mainEntityOfPage":{"@id":"https:\/\/valderrobres-candida.com\/cat\/blog\/2018\/05\/04\/notepuedesperder-observacion-de-la-cabra-montesa\/"},"wordCount":79,"commentCount":0,"image":{"@id":"https:\/\/valderrobres-candida.com\/cat\/blog\/2018\/05\/04\/notepuedesperder-observacion-de-la-cabra-montesa\/#primaryimage"},"thumbnailUrl":"https:\/\/valderrobres-candida.com\/cat\/wp-content\/uploads\/sites\/4\/14978004951258.jpg","articleSection":["Blog","Not\u00edcias"],"inLanguage":"ca","potentialAction":[{"@type":"CommentAction","name":"Comment","target":["https:\/\/valderrobres-candida.com\/cat\/blog\/2018\/05\/04\/notepuedesperder-observacion-de-la-cabra-montesa\/#respond"]}]},{"@type":"WebPage","@id":"https:\/\/valderrobres-candida.com\/cat\/blog\/2018\/05\/04\/notepuedesperder-observacion-de-la-cabra-montesa\/","url":"https:\/\/valderrobres-candida.com\/cat\/blog\/2018\/05\/04\/notepuedesperder-observacion-de-la-cabra-montesa\/","name":"#NoTePuedesPerder | Observaci\u00f3n de la cabra montesa - Valderrobres Candida CAT","isPartOf":{"@id":"https:\/\/valderrobres-candida.com\/cat\/#website"},"primaryImageOfPage":{"@id":"https:\/\/valderrobres-candida.com\/cat\/blog\/2018\/05\/04\/notepuedesperder-observacion-de-la-cabra-montesa\/#primaryimage"},"image":{"@id":"https:\/\/valderrobres-candida.com\/cat\/blog\/2018\/05\/04\/notepuedesperder-observacion-de-la-cabra-montesa\/#primaryimage"},"thumbnailUrl":"https:\/\/valderrobres-candida.com\/cat\/wp-content\/uploads\/sites\/4\/14978004951258.jpg","datePublished":"2018-05-04T09:45:44+00:00","dateModified":"2018-05-04T09:49:47+00:00","author":{"@id":"https:\/\/valderrobres-candida.com\/cat\/#\/schema\/person\/592724f30d9f633dc775fbe3b215b45e"},"breadcrumb":{"@id":"https:\/\/valderrobres-candida.com\/cat\/blog\/2018\/05\/04\/notepuedesperder-observacion-de-la-cabra-montesa\/#breadcrumb"},"inLanguage":"ca","potentialAction":[{"@type":"ReadAction","target":["https:\/\/valderrobres-candida.com\/cat\/blog\/2018\/05\/04\/notepuedesperder-observacion-de-la-cabra-montesa\/"]}]},{"@type":"ImageObject","inLanguage":"ca","@id":"https:\/\/valderrobres-candida.com\/cat\/blog\/2018\/05\/04\/notepuedesperder-observacion-de-la-cabra-montesa\/#primaryimage","url":"https:\/\/valderrobres-candida.com\/cat\/wp-content\/uploads\/sites\/4\/14978004951258.jpg","contentUrl":"https:\/\/valderrobres-candida.com\/cat\/wp-content\/uploads\/sites\/4\/14978004951258.jpg","width":660,"height":426},{"@type":"BreadcrumbList","@id":"https:\/\/valderrobres-candida.com\/cat\/blog\/2018\/05\/04\/notepuedesperder-observacion-de-la-cabra-montesa\/#breadcrumb","itemListElement":[{"@type":"ListItem","position":1,"name":"Portada","item":"https:\/\/valderrobres-candida.com\/cat\/"},{"@type":"ListItem","position":2,"name":"#NoTePuedesPerder | Observaci\u00f3n de la cabra montesa"}]},{"@type":"WebSite","@id":"https:\/\/valderrobres-candida.com\/cat\/#website","url":"https:\/\/valderrobres-candida.com\/cat\/","name":"Valderrobres Candida CAT","description":"","potentialAction":[{"@type":"SearchAction","target":{"@type":"EntryPoint","urlTemplate":"https:\/\/valderrobres-candida.com\/cat\/?s={search_term_string}"},"query-input":{"@type":"PropertyValueSpecification","valueRequired":true,"valueName":"search_term_string"}}],"inLanguage":"ca"},{"@type":"Person","@id":"https:\/\/valderrobres-candida.com\/cat\/#\/schema\/person\/592724f30d9f633dc775fbe3b215b45e","name":"admin","image":{"@type":"ImageObject","inLanguage":"ca","@id":"https:\/\/valderrobres-candida.com\/cat\/#\/schema\/person\/image\/","url":"https:\/\/secure.gravatar.com\/avatar\/6593ee61f0881136cad83437ff20a0e7a7e66b6fb8ebe95c1f89f896a627e56a?s=96&d=mm&r=g","contentUrl":"https:\/\/secure.gravatar.com\/avatar\/6593ee61f0881136cad83437ff20a0e7a7e66b6fb8ebe95c1f89f896a627e56a?s=96&d=mm&r=g","caption":"admin"},"url":"https:\/\/valderrobres-candida.com\/cat\/blog\/author\/admin\/"}]}},"_links":{"self":[{"href":"https:\/\/valderrobres-candida.com\/cat\/wp-json\/wp\/v2\/posts\/1210","targetHints":{"allow":["GET"]}}],"collection":[{"href":"https:\/\/valderrobres-candida.com\/cat\/wp-json\/wp\/v2\/posts"}],"about":[{"href":"https:\/\/valderrobres-candida.com\/cat\/wp-json\/wp\/v2\/types\/post"}],"author":[{"embeddable":true,"href":"https:\/\/valderrobres-candida.com\/cat\/wp-json\/wp\/v2\/users\/1"}],"replies":[{"embeddable":true,"href":"https:\/\/valderrobres-candida.com\/cat\/wp-json\/wp\/v2\/comments?post=1210"}],"version-history":[{"count":1,"href":"https:\/\/valderrobres-candida.com\/cat\/wp-json\/wp\/v2\/posts\/1210\/revisions"}],"predecessor-version":[{"id":1211,"href":"https:\/\/valderrobres-candida.com\/cat\/wp-json\/wp\/v2\/posts\/1210\/revisions\/1211"}],"wp:featuredmedia":[{"embeddable":true,"href":"https:\/\/valderrobres-candida.com\/cat\/wp-json\/wp\/v2\/media\/1212"}],"wp:attachment":[{"href":"https:\/\/valderrobres-candida.com\/cat\/wp-json\/wp\/v2\/media?parent=1210"}],"wp:term":[{"taxonomy":"category","embeddable":true,"href":"https:\/\/valderrobres-candida.com\/cat\/wp-json\/wp\/v2\/categories?post=1210"},{"taxonomy":"post_tag","embeddable":true,"href":"https:\/\/valderrobres-candida.com\/cat\/wp-json\/wp\/v2\/tags?post=1210"}],"curies":[{"name":"wp","href":"https:\/\/api.w.org\/{rel}","templated":true}]}}