{"id":1216,"date":"2018-05-22T08:31:16","date_gmt":"2018-05-22T08:31:16","guid":{"rendered":"http:\/\/valderrobres-candida.com\/?p=1216"},"modified":"2018-05-22T08:51:53","modified_gmt":"2018-05-22T08:51:53","slug":"1216","status":"publish","type":"post","link":"https:\/\/valderrobres-candida.com\/cat\/blog\/2018\/05\/22\/1216\/","title":{"rendered":"#NoTePuedesPerder | Festival Quema de Artistas"},"content":{"rendered":"<p>El festival Quema de Artistas celebra su 5\u00aa edici\u00f3n los d\u00edas 23 y 24 de junio en las localidades de <strong>Valderrobres<\/strong> y Beceite, con residencia de los artistas y fiesta fin de festival en Cretas, repartiendo as\u00ed su actividad por la Comarca. Arrancar\u00e1 el viernes por la noche con una <strong>ruta de tapas po\u00e9tica<\/strong> por Valderrobres, con la colaboraci\u00f3n de algunos de los hosteleros del municipio que servir\u00e1n diferentes elaboraciones gastron\u00f3micas mientras disfrutamos de peque\u00f1as actuaciones de m\u00fasica y poes\u00eda.<\/p>\n<p>Durante la jornada del s\u00e1bado se desarrollar\u00e1n diferentes actividades, comenzando con la <strong>Escuela de M\u00fasica de Valderrobres<\/strong> que ofrecer\u00e1 un peque\u00f1o concierto para abrir la <strong><em>Feria de poes\u00eda<\/em><\/strong>, que este a\u00f1o contar\u00e1 con m\u00e1s de 10 puestos ubicados en la lonja y calles aleda\u00f1as de Valderrobres. Adem\u00e1s, habr\u00e1 actividades paralelas que amenizar\u00e1n la feria tales como lecturas infantiles, improvisaci\u00f3n de poemas a m\u00e1quina por <em>Poemas al gusto<\/em> con Bea Royuela, concierto de romances po\u00e9ticos por <strong>Calila e Dimna<\/strong> (Ana C\u00f3zar y Elena Olmos), entre otras.<\/p>\n<p>Por la tarde, el ya tradicional &#8220;<strong>Altercado po\u00e9tico<\/strong>&#8221; traer\u00e1 a unos 40 poetas de todo el Estado que recitar\u00e1n en la Lonja del Ayuntamiento de Valderrobres, quedando el evento abierto a la participaci\u00f3n espont\u00e1nea. El festival contin\u00faa por la noche en Beceite, donde a partir de las 21h30 se podr\u00e1 disfrutar de las actuaciones en los jardines del Hotel Font del Pas de <strong>Pedro Guerra y el d\u00fao Mar\u00eda Arnal y Marcel Beg\u00e9s<\/strong> (entradas 10 euros). El festival cerrar\u00e1 con una fiesta en colaboraci\u00f3n con la asociaci\u00f3n cultural La Barraca en Cretas.<\/p>\n<p>Durante toda la jornada, los poemas de escolares participantes en el proyecto po\u00e9tico &#8220;Cerillas&#8221; se podr\u00e1n leer expuestos en la lonja, calles y Biblioteca P\u00fablica de Valderrobres. Adem\u00e1s, y con motivo del festival, desde el 1 de junio se ha podido visitar en la Antigua F\u00e1brica Noguera de Beceite la exposici\u00f3n Colecci\u00f3n de Asombros de Isidro Ferrer.<\/p>\n<p>Quema de Artistas es una inciviativa de la asociaci\u00f3n cultural El Patio de Atr\u00e1s en conjunto con Altercado Po\u00e9tico y Festivales del Matarranya.<\/p>\n<p>&nbsp;<\/p>\n<p>IMAGEN: Bajo Arag\u00f3n<\/p>\n<p>&nbsp;<\/p>\n<p>v\u00eda El Peri\u00f3dico de Arag\u00f3n<\/p>\n<p>&nbsp;<\/p>\n","protected":false},"excerpt":{"rendered":"<p>El festival Quema de Artistas celebra su 5\u00aa edici\u00f3n los d\u00edas 23 y 24 de junio en las localidades de Valderrobres y Beceite, con residencia de los artistas y fiesta fin de festival en Cretas, repartiendo as\u00ed su actividad por la Comarca. Arrancar\u00e1 el viernes por la noche con una ruta de tapas po\u00e9tica por<\/p>\n","protected":false},"author":1,"featured_media":1217,"comment_status":"open","ping_status":"open","sticky":false,"template":"","format":"standard","meta":{"footnotes":""},"categories":[150,18],"tags":[],"class_list":["post-1216","post","type-post","status-publish","format-standard","has-post-thumbnail","hentry","category-blog","category-noticias"],"yoast_head":"<!-- This site is optimized with the Yoast SEO plugin v26.7 - https:\/\/yoast.com\/wordpress\/plugins\/seo\/ -->\n<title>#NoTePuedesPerder | Festival Quema de Artistas - Valderrobres Candida CAT<\/title>\n<meta name=\"robots\" content=\"index, follow, max-snippet:-1, max-image-preview:large, max-video-preview:-1\" \/>\n<link rel=\"canonical\" href=\"https:\/\/valderrobres-candida.com\/cat\/blog\/2018\/05\/22\/1216\/\" \/>\n<meta property=\"og:locale\" content=\"ca_ES\" \/>\n<meta property=\"og:type\" content=\"article\" \/>\n<meta property=\"og:title\" content=\"#NoTePuedesPerder | Festival Quema de Artistas - Valderrobres Candida CAT\" \/>\n<meta property=\"og:description\" content=\"El festival Quema de Artistas celebra su 5\u00aa edici\u00f3n los d\u00edas 23 y 24 de junio en las localidades de Valderrobres y Beceite, con residencia de los artistas y fiesta fin de festival en Cretas, repartiendo as\u00ed su actividad por la Comarca. Arrancar\u00e1 el viernes por la noche con una ruta de tapas po\u00e9tica por\" \/>\n<meta property=\"og:url\" content=\"https:\/\/valderrobres-candida.com\/cat\/blog\/2018\/05\/22\/1216\/\" \/>\n<meta property=\"og:site_name\" content=\"Valderrobres Candida CAT\" \/>\n<meta property=\"article:published_time\" content=\"2018-05-22T08:31:16+00:00\" \/>\n<meta property=\"article:modified_time\" content=\"2018-05-22T08:51:53+00:00\" \/>\n<meta property=\"og:image\" content=\"https:\/\/valderrobres-candida.com\/cat\/wp-content\/uploads\/sites\/4\/quemartistas-1024x683.jpg\" \/>\n\t<meta property=\"og:image:width\" content=\"1024\" \/>\n\t<meta property=\"og:image:height\" content=\"683\" \/>\n\t<meta property=\"og:image:type\" content=\"image\/jpeg\" \/>\n<meta name=\"author\" content=\"admin\" \/>\n<meta name=\"twitter:card\" content=\"summary_large_image\" \/>\n<meta name=\"twitter:label1\" content=\"Escrit per\" \/>\n\t<meta name=\"twitter:data1\" content=\"admin\" \/>\n\t<meta name=\"twitter:label2\" content=\"Temps estimat de lectura\" \/>\n\t<meta name=\"twitter:data2\" content=\"2 minuts\" \/>\n<script type=\"application\/ld+json\" class=\"yoast-schema-graph\">{\"@context\":\"https:\/\/schema.org\",\"@graph\":[{\"@type\":\"Article\",\"@id\":\"https:\/\/valderrobres-candida.com\/cat\/blog\/2018\/05\/22\/1216\/#article\",\"isPartOf\":{\"@id\":\"https:\/\/valderrobres-candida.com\/cat\/blog\/2018\/05\/22\/1216\/\"},\"author\":{\"name\":\"admin\",\"@id\":\"https:\/\/valderrobres-candida.com\/cat\/#\/schema\/person\/592724f30d9f633dc775fbe3b215b45e\"},\"headline\":\"#NoTePuedesPerder | Festival Quema de Artistas\",\"datePublished\":\"2018-05-22T08:31:16+00:00\",\"dateModified\":\"2018-05-22T08:51:53+00:00\",\"mainEntityOfPage\":{\"@id\":\"https:\/\/valderrobres-candida.com\/cat\/blog\/2018\/05\/22\/1216\/\"},\"wordCount\":393,\"commentCount\":0,\"image\":{\"@id\":\"https:\/\/valderrobres-candida.com\/cat\/blog\/2018\/05\/22\/1216\/#primaryimage\"},\"thumbnailUrl\":\"https:\/\/valderrobres-candida.com\/cat\/wp-content\/uploads\/sites\/4\/quemartistas-1024x683.jpg\",\"articleSection\":[\"Blog\",\"Not\u00edcias\"],\"inLanguage\":\"ca\",\"potentialAction\":[{\"@type\":\"CommentAction\",\"name\":\"Comment\",\"target\":[\"https:\/\/valderrobres-candida.com\/cat\/blog\/2018\/05\/22\/1216\/#respond\"]}]},{\"@type\":\"WebPage\",\"@id\":\"https:\/\/valderrobres-candida.com\/cat\/blog\/2018\/05\/22\/1216\/\",\"url\":\"https:\/\/valderrobres-candida.com\/cat\/blog\/2018\/05\/22\/1216\/\",\"name\":\"#NoTePuedesPerder | Festival Quema de Artistas - Valderrobres Candida CAT\",\"isPartOf\":{\"@id\":\"https:\/\/valderrobres-candida.com\/cat\/#website\"},\"primaryImageOfPage\":{\"@id\":\"https:\/\/valderrobres-candida.com\/cat\/blog\/2018\/05\/22\/1216\/#primaryimage\"},\"image\":{\"@id\":\"https:\/\/valderrobres-candida.com\/cat\/blog\/2018\/05\/22\/1216\/#primaryimage\"},\"thumbnailUrl\":\"https:\/\/valderrobres-candida.com\/cat\/wp-content\/uploads\/sites\/4\/quemartistas-1024x683.jpg\",\"datePublished\":\"2018-05-22T08:31:16+00:00\",\"dateModified\":\"2018-05-22T08:51:53+00:00\",\"author\":{\"@id\":\"https:\/\/valderrobres-candida.com\/cat\/#\/schema\/person\/592724f30d9f633dc775fbe3b215b45e\"},\"breadcrumb\":{\"@id\":\"https:\/\/valderrobres-candida.com\/cat\/blog\/2018\/05\/22\/1216\/#breadcrumb\"},\"inLanguage\":\"ca\",\"potentialAction\":[{\"@type\":\"ReadAction\",\"target\":[\"https:\/\/valderrobres-candida.com\/cat\/blog\/2018\/05\/22\/1216\/\"]}]},{\"@type\":\"ImageObject\",\"inLanguage\":\"ca\",\"@id\":\"https:\/\/valderrobres-candida.com\/cat\/blog\/2018\/05\/22\/1216\/#primaryimage\",\"url\":\"https:\/\/valderrobres-candida.com\/cat\/wp-content\/uploads\/sites\/4\/quemartistas-1024x683.jpg\",\"contentUrl\":\"https:\/\/valderrobres-candida.com\/cat\/wp-content\/uploads\/sites\/4\/quemartistas-1024x683.jpg\",\"width\":1024,\"height\":683},{\"@type\":\"BreadcrumbList\",\"@id\":\"https:\/\/valderrobres-candida.com\/cat\/blog\/2018\/05\/22\/1216\/#breadcrumb\",\"itemListElement\":[{\"@type\":\"ListItem\",\"position\":1,\"name\":\"Portada\",\"item\":\"https:\/\/valderrobres-candida.com\/cat\/\"},{\"@type\":\"ListItem\",\"position\":2,\"name\":\"#NoTePuedesPerder | Festival Quema de Artistas\"}]},{\"@type\":\"WebSite\",\"@id\":\"https:\/\/valderrobres-candida.com\/cat\/#website\",\"url\":\"https:\/\/valderrobres-candida.com\/cat\/\",\"name\":\"Valderrobres Candida CAT\",\"description\":\"\",\"potentialAction\":[{\"@type\":\"SearchAction\",\"target\":{\"@type\":\"EntryPoint\",\"urlTemplate\":\"https:\/\/valderrobres-candida.com\/cat\/?s={search_term_string}\"},\"query-input\":{\"@type\":\"PropertyValueSpecification\",\"valueRequired\":true,\"valueName\":\"search_term_string\"}}],\"inLanguage\":\"ca\"},{\"@type\":\"Person\",\"@id\":\"https:\/\/valderrobres-candida.com\/cat\/#\/schema\/person\/592724f30d9f633dc775fbe3b215b45e\",\"name\":\"admin\",\"image\":{\"@type\":\"ImageObject\",\"inLanguage\":\"ca\",\"@id\":\"https:\/\/valderrobres-candida.com\/cat\/#\/schema\/person\/image\/\",\"url\":\"https:\/\/secure.gravatar.com\/avatar\/6593ee61f0881136cad83437ff20a0e7a7e66b6fb8ebe95c1f89f896a627e56a?s=96&d=mm&r=g\",\"contentUrl\":\"https:\/\/secure.gravatar.com\/avatar\/6593ee61f0881136cad83437ff20a0e7a7e66b6fb8ebe95c1f89f896a627e56a?s=96&d=mm&r=g\",\"caption\":\"admin\"},\"url\":\"https:\/\/valderrobres-candida.com\/cat\/blog\/author\/admin\/\"}]}<\/script>\n<!-- \/ Yoast SEO plugin. -->","yoast_head_json":{"title":"#NoTePuedesPerder | Festival Quema de Artistas - Valderrobres Candida CAT","robots":{"index":"index","follow":"follow","max-snippet":"max-snippet:-1","max-image-preview":"max-image-preview:large","max-video-preview":"max-video-preview:-1"},"canonical":"https:\/\/valderrobres-candida.com\/cat\/blog\/2018\/05\/22\/1216\/","og_locale":"ca_ES","og_type":"article","og_title":"#NoTePuedesPerder | Festival Quema de Artistas - Valderrobres Candida CAT","og_description":"El festival Quema de Artistas celebra su 5\u00aa edici\u00f3n los d\u00edas 23 y 24 de junio en las localidades de Valderrobres y Beceite, con residencia de los artistas y fiesta fin de festival en Cretas, repartiendo as\u00ed su actividad por la Comarca. Arrancar\u00e1 el viernes por la noche con una ruta de tapas po\u00e9tica por","og_url":"https:\/\/valderrobres-candida.com\/cat\/blog\/2018\/05\/22\/1216\/","og_site_name":"Valderrobres Candida CAT","article_published_time":"2018-05-22T08:31:16+00:00","article_modified_time":"2018-05-22T08:51:53+00:00","og_image":[{"width":1024,"height":683,"url":"https:\/\/valderrobres-candida.com\/cat\/wp-content\/uploads\/sites\/4\/quemartistas-1024x683.jpg","type":"image\/jpeg"}],"author":"admin","twitter_card":"summary_large_image","twitter_misc":{"Escrit per":"admin","Temps estimat de lectura":"2 minuts"},"schema":{"@context":"https:\/\/schema.org","@graph":[{"@type":"Article","@id":"https:\/\/valderrobres-candida.com\/cat\/blog\/2018\/05\/22\/1216\/#article","isPartOf":{"@id":"https:\/\/valderrobres-candida.com\/cat\/blog\/2018\/05\/22\/1216\/"},"author":{"name":"admin","@id":"https:\/\/valderrobres-candida.com\/cat\/#\/schema\/person\/592724f30d9f633dc775fbe3b215b45e"},"headline":"#NoTePuedesPerder | Festival Quema de Artistas","datePublished":"2018-05-22T08:31:16+00:00","dateModified":"2018-05-22T08:51:53+00:00","mainEntityOfPage":{"@id":"https:\/\/valderrobres-candida.com\/cat\/blog\/2018\/05\/22\/1216\/"},"wordCount":393,"commentCount":0,"image":{"@id":"https:\/\/valderrobres-candida.com\/cat\/blog\/2018\/05\/22\/1216\/#primaryimage"},"thumbnailUrl":"https:\/\/valderrobres-candida.com\/cat\/wp-content\/uploads\/sites\/4\/quemartistas-1024x683.jpg","articleSection":["Blog","Not\u00edcias"],"inLanguage":"ca","potentialAction":[{"@type":"CommentAction","name":"Comment","target":["https:\/\/valderrobres-candida.com\/cat\/blog\/2018\/05\/22\/1216\/#respond"]}]},{"@type":"WebPage","@id":"https:\/\/valderrobres-candida.com\/cat\/blog\/2018\/05\/22\/1216\/","url":"https:\/\/valderrobres-candida.com\/cat\/blog\/2018\/05\/22\/1216\/","name":"#NoTePuedesPerder | Festival Quema de Artistas - Valderrobres Candida CAT","isPartOf":{"@id":"https:\/\/valderrobres-candida.com\/cat\/#website"},"primaryImageOfPage":{"@id":"https:\/\/valderrobres-candida.com\/cat\/blog\/2018\/05\/22\/1216\/#primaryimage"},"image":{"@id":"https:\/\/valderrobres-candida.com\/cat\/blog\/2018\/05\/22\/1216\/#primaryimage"},"thumbnailUrl":"https:\/\/valderrobres-candida.com\/cat\/wp-content\/uploads\/sites\/4\/quemartistas-1024x683.jpg","datePublished":"2018-05-22T08:31:16+00:00","dateModified":"2018-05-22T08:51:53+00:00","author":{"@id":"https:\/\/valderrobres-candida.com\/cat\/#\/schema\/person\/592724f30d9f633dc775fbe3b215b45e"},"breadcrumb":{"@id":"https:\/\/valderrobres-candida.com\/cat\/blog\/2018\/05\/22\/1216\/#breadcrumb"},"inLanguage":"ca","potentialAction":[{"@type":"ReadAction","target":["https:\/\/valderrobres-candida.com\/cat\/blog\/2018\/05\/22\/1216\/"]}]},{"@type":"ImageObject","inLanguage":"ca","@id":"https:\/\/valderrobres-candida.com\/cat\/blog\/2018\/05\/22\/1216\/#primaryimage","url":"https:\/\/valderrobres-candida.com\/cat\/wp-content\/uploads\/sites\/4\/quemartistas-1024x683.jpg","contentUrl":"https:\/\/valderrobres-candida.com\/cat\/wp-content\/uploads\/sites\/4\/quemartistas-1024x683.jpg","width":1024,"height":683},{"@type":"BreadcrumbList","@id":"https:\/\/valderrobres-candida.com\/cat\/blog\/2018\/05\/22\/1216\/#breadcrumb","itemListElement":[{"@type":"ListItem","position":1,"name":"Portada","item":"https:\/\/valderrobres-candida.com\/cat\/"},{"@type":"ListItem","position":2,"name":"#NoTePuedesPerder | Festival Quema de Artistas"}]},{"@type":"WebSite","@id":"https:\/\/valderrobres-candida.com\/cat\/#website","url":"https:\/\/valderrobres-candida.com\/cat\/","name":"Valderrobres Candida CAT","description":"","potentialAction":[{"@type":"SearchAction","target":{"@type":"EntryPoint","urlTemplate":"https:\/\/valderrobres-candida.com\/cat\/?s={search_term_string}"},"query-input":{"@type":"PropertyValueSpecification","valueRequired":true,"valueName":"search_term_string"}}],"inLanguage":"ca"},{"@type":"Person","@id":"https:\/\/valderrobres-candida.com\/cat\/#\/schema\/person\/592724f30d9f633dc775fbe3b215b45e","name":"admin","image":{"@type":"ImageObject","inLanguage":"ca","@id":"https:\/\/valderrobres-candida.com\/cat\/#\/schema\/person\/image\/","url":"https:\/\/secure.gravatar.com\/avatar\/6593ee61f0881136cad83437ff20a0e7a7e66b6fb8ebe95c1f89f896a627e56a?s=96&d=mm&r=g","contentUrl":"https:\/\/secure.gravatar.com\/avatar\/6593ee61f0881136cad83437ff20a0e7a7e66b6fb8ebe95c1f89f896a627e56a?s=96&d=mm&r=g","caption":"admin"},"url":"https:\/\/valderrobres-candida.com\/cat\/blog\/author\/admin\/"}]}},"_links":{"self":[{"href":"https:\/\/valderrobres-candida.com\/cat\/wp-json\/wp\/v2\/posts\/1216","targetHints":{"allow":["GET"]}}],"collection":[{"href":"https:\/\/valderrobres-candida.com\/cat\/wp-json\/wp\/v2\/posts"}],"about":[{"href":"https:\/\/valderrobres-candida.com\/cat\/wp-json\/wp\/v2\/types\/post"}],"author":[{"embeddable":true,"href":"https:\/\/valderrobres-candida.com\/cat\/wp-json\/wp\/v2\/users\/1"}],"replies":[{"embeddable":true,"href":"https:\/\/valderrobres-candida.com\/cat\/wp-json\/wp\/v2\/comments?post=1216"}],"version-history":[{"count":3,"href":"https:\/\/valderrobres-candida.com\/cat\/wp-json\/wp\/v2\/posts\/1216\/revisions"}],"predecessor-version":[{"id":1220,"href":"https:\/\/valderrobres-candida.com\/cat\/wp-json\/wp\/v2\/posts\/1216\/revisions\/1220"}],"wp:featuredmedia":[{"embeddable":true,"href":"https:\/\/valderrobres-candida.com\/cat\/wp-json\/wp\/v2\/media\/1217"}],"wp:attachment":[{"href":"https:\/\/valderrobres-candida.com\/cat\/wp-json\/wp\/v2\/media?parent=1216"}],"wp:term":[{"taxonomy":"category","embeddable":true,"href":"https:\/\/valderrobres-candida.com\/cat\/wp-json\/wp\/v2\/categories?post=1216"},{"taxonomy":"post_tag","embeddable":true,"href":"https:\/\/valderrobres-candida.com\/cat\/wp-json\/wp\/v2\/tags?post=1216"}],"curies":[{"name":"wp","href":"https:\/\/api.w.org\/{rel}","templated":true}]}}