{"id":1224,"date":"2018-06-14T08:29:42","date_gmt":"2018-06-14T08:29:42","guid":{"rendered":"http:\/\/valderrobres-candida.com\/?p=1224"},"modified":"2018-06-14T08:29:42","modified_gmt":"2018-06-14T08:29:42","slug":"notepuedesperder-el-matarrana-la-toscana-aragonesa","status":"publish","type":"post","link":"https:\/\/valderrobres-candida.com\/cat\/blog\/2018\/06\/14\/notepuedesperder-el-matarrana-la-toscana-aragonesa\/","title":{"rendered":"#NoTePuedesPerder | El Matarra\u00f1a, la &#8220;Toscana&#8221; aragonesa"},"content":{"rendered":"<p>En este reportaje de la Televisi\u00f3n de Arag\u00f3n podr\u00e1s conocer al m\u00ednimo detalle el gran para\u00edso que encontramos en El Matarra\u00f1a. Lo han titulado c\u00f3mo la &#8220;Toscana&#8221; aragones. \u00bfQu\u00e9 opinas?<\/p>\n<p>Conoce los rincones m\u00e1s bonitos de Teruel.<\/p>\n<p><iframe loading=\"lazy\" title=\"El Matarra\u00f1a, la &quot;Toscana&quot; aragonesa\" width=\"640\" height=\"360\" src=\"https:\/\/www.youtube.com\/embed\/OhPwvuQe-W4?feature=oembed\" frameborder=\"0\" allow=\"accelerometer; autoplay; clipboard-write; encrypted-media; gyroscope; picture-in-picture; web-share\" referrerpolicy=\"strict-origin-when-cross-origin\" allowfullscreen><\/iframe><\/p>\n","protected":false},"excerpt":{"rendered":"<p>En este reportaje de la Televisi\u00f3n de Arag\u00f3n podr\u00e1s conocer al m\u00ednimo detalle el gran para\u00edso que encontramos en El Matarra\u00f1a. Lo han titulado c\u00f3mo la &#8220;Toscana&#8221; aragones. \u00bfQu\u00e9 opinas? Conoce los rincones m\u00e1s bonitos de Teruel.<\/p>\n","protected":false},"author":1,"featured_media":0,"comment_status":"open","ping_status":"open","sticky":false,"template":"","format":"standard","meta":{"footnotes":""},"categories":[150],"tags":[],"class_list":["post-1224","post","type-post","status-publish","format-standard","hentry","category-blog"],"yoast_head":"<!-- This site is optimized with the Yoast SEO plugin v26.7 - https:\/\/yoast.com\/wordpress\/plugins\/seo\/ -->\n<title>#NoTePuedesPerder | El Matarra\u00f1a, la &quot;Toscana&quot; aragonesa - Valderrobres Candida CAT<\/title>\n<meta name=\"robots\" content=\"index, follow, max-snippet:-1, max-image-preview:large, max-video-preview:-1\" \/>\n<link rel=\"canonical\" href=\"https:\/\/valderrobres-candida.com\/cat\/blog\/2018\/06\/14\/notepuedesperder-el-matarrana-la-toscana-aragonesa\/\" \/>\n<meta property=\"og:locale\" content=\"ca_ES\" \/>\n<meta property=\"og:type\" content=\"article\" \/>\n<meta property=\"og:title\" content=\"#NoTePuedesPerder | El Matarra\u00f1a, la &quot;Toscana&quot; aragonesa - Valderrobres Candida CAT\" \/>\n<meta property=\"og:description\" content=\"En este reportaje de la Televisi\u00f3n de Arag\u00f3n podr\u00e1s conocer al m\u00ednimo detalle el gran para\u00edso que encontramos en El Matarra\u00f1a. Lo han titulado c\u00f3mo la &#8220;Toscana&#8221; aragones. \u00bfQu\u00e9 opinas? Conoce los rincones m\u00e1s bonitos de Teruel.\" \/>\n<meta property=\"og:url\" content=\"https:\/\/valderrobres-candida.com\/cat\/blog\/2018\/06\/14\/notepuedesperder-el-matarrana-la-toscana-aragonesa\/\" \/>\n<meta property=\"og:site_name\" content=\"Valderrobres Candida CAT\" \/>\n<meta property=\"article:published_time\" content=\"2018-06-14T08:29:42+00:00\" \/>\n<meta name=\"author\" content=\"admin\" \/>\n<meta name=\"twitter:card\" content=\"summary_large_image\" \/>\n<meta name=\"twitter:label1\" content=\"Escrit per\" \/>\n\t<meta name=\"twitter:data1\" content=\"admin\" \/>\n<script type=\"application\/ld+json\" class=\"yoast-schema-graph\">{\"@context\":\"https:\/\/schema.org\",\"@graph\":[{\"@type\":\"Article\",\"@id\":\"https:\/\/valderrobres-candida.com\/cat\/blog\/2018\/06\/14\/notepuedesperder-el-matarrana-la-toscana-aragonesa\/#article\",\"isPartOf\":{\"@id\":\"https:\/\/valderrobres-candida.com\/cat\/blog\/2018\/06\/14\/notepuedesperder-el-matarrana-la-toscana-aragonesa\/\"},\"author\":{\"name\":\"admin\",\"@id\":\"https:\/\/valderrobres-candida.com\/cat\/#\/schema\/person\/592724f30d9f633dc775fbe3b215b45e\"},\"headline\":\"#NoTePuedesPerder | El Matarra\u00f1a, la &#8220;Toscana&#8221; aragonesa\",\"datePublished\":\"2018-06-14T08:29:42+00:00\",\"mainEntityOfPage\":{\"@id\":\"https:\/\/valderrobres-candida.com\/cat\/blog\/2018\/06\/14\/notepuedesperder-el-matarrana-la-toscana-aragonesa\/\"},\"wordCount\":59,\"commentCount\":0,\"articleSection\":[\"Blog\"],\"inLanguage\":\"ca\",\"potentialAction\":[{\"@type\":\"CommentAction\",\"name\":\"Comment\",\"target\":[\"https:\/\/valderrobres-candida.com\/cat\/blog\/2018\/06\/14\/notepuedesperder-el-matarrana-la-toscana-aragonesa\/#respond\"]}]},{\"@type\":\"WebPage\",\"@id\":\"https:\/\/valderrobres-candida.com\/cat\/blog\/2018\/06\/14\/notepuedesperder-el-matarrana-la-toscana-aragonesa\/\",\"url\":\"https:\/\/valderrobres-candida.com\/cat\/blog\/2018\/06\/14\/notepuedesperder-el-matarrana-la-toscana-aragonesa\/\",\"name\":\"#NoTePuedesPerder | El Matarra\u00f1a, la \\\"Toscana\\\" aragonesa - Valderrobres Candida CAT\",\"isPartOf\":{\"@id\":\"https:\/\/valderrobres-candida.com\/cat\/#website\"},\"datePublished\":\"2018-06-14T08:29:42+00:00\",\"author\":{\"@id\":\"https:\/\/valderrobres-candida.com\/cat\/#\/schema\/person\/592724f30d9f633dc775fbe3b215b45e\"},\"breadcrumb\":{\"@id\":\"https:\/\/valderrobres-candida.com\/cat\/blog\/2018\/06\/14\/notepuedesperder-el-matarrana-la-toscana-aragonesa\/#breadcrumb\"},\"inLanguage\":\"ca\",\"potentialAction\":[{\"@type\":\"ReadAction\",\"target\":[\"https:\/\/valderrobres-candida.com\/cat\/blog\/2018\/06\/14\/notepuedesperder-el-matarrana-la-toscana-aragonesa\/\"]}]},{\"@type\":\"BreadcrumbList\",\"@id\":\"https:\/\/valderrobres-candida.com\/cat\/blog\/2018\/06\/14\/notepuedesperder-el-matarrana-la-toscana-aragonesa\/#breadcrumb\",\"itemListElement\":[{\"@type\":\"ListItem\",\"position\":1,\"name\":\"Portada\",\"item\":\"https:\/\/valderrobres-candida.com\/cat\/\"},{\"@type\":\"ListItem\",\"position\":2,\"name\":\"#NoTePuedesPerder | El Matarra\u00f1a, la &#8220;Toscana&#8221; aragonesa\"}]},{\"@type\":\"WebSite\",\"@id\":\"https:\/\/valderrobres-candida.com\/cat\/#website\",\"url\":\"https:\/\/valderrobres-candida.com\/cat\/\",\"name\":\"Valderrobres Candida CAT\",\"description\":\"\",\"potentialAction\":[{\"@type\":\"SearchAction\",\"target\":{\"@type\":\"EntryPoint\",\"urlTemplate\":\"https:\/\/valderrobres-candida.com\/cat\/?s={search_term_string}\"},\"query-input\":{\"@type\":\"PropertyValueSpecification\",\"valueRequired\":true,\"valueName\":\"search_term_string\"}}],\"inLanguage\":\"ca\"},{\"@type\":\"Person\",\"@id\":\"https:\/\/valderrobres-candida.com\/cat\/#\/schema\/person\/592724f30d9f633dc775fbe3b215b45e\",\"name\":\"admin\",\"image\":{\"@type\":\"ImageObject\",\"inLanguage\":\"ca\",\"@id\":\"https:\/\/valderrobres-candida.com\/cat\/#\/schema\/person\/image\/\",\"url\":\"https:\/\/secure.gravatar.com\/avatar\/6593ee61f0881136cad83437ff20a0e7a7e66b6fb8ebe95c1f89f896a627e56a?s=96&d=mm&r=g\",\"contentUrl\":\"https:\/\/secure.gravatar.com\/avatar\/6593ee61f0881136cad83437ff20a0e7a7e66b6fb8ebe95c1f89f896a627e56a?s=96&d=mm&r=g\",\"caption\":\"admin\"},\"url\":\"https:\/\/valderrobres-candida.com\/cat\/blog\/author\/admin\/\"}]}<\/script>\n<!-- \/ Yoast SEO plugin. -->","yoast_head_json":{"title":"#NoTePuedesPerder | El Matarra\u00f1a, la \"Toscana\" aragonesa - Valderrobres Candida CAT","robots":{"index":"index","follow":"follow","max-snippet":"max-snippet:-1","max-image-preview":"max-image-preview:large","max-video-preview":"max-video-preview:-1"},"canonical":"https:\/\/valderrobres-candida.com\/cat\/blog\/2018\/06\/14\/notepuedesperder-el-matarrana-la-toscana-aragonesa\/","og_locale":"ca_ES","og_type":"article","og_title":"#NoTePuedesPerder | El Matarra\u00f1a, la \"Toscana\" aragonesa - Valderrobres Candida CAT","og_description":"En este reportaje de la Televisi\u00f3n de Arag\u00f3n podr\u00e1s conocer al m\u00ednimo detalle el gran para\u00edso que encontramos en El Matarra\u00f1a. Lo han titulado c\u00f3mo la &#8220;Toscana&#8221; aragones. \u00bfQu\u00e9 opinas? Conoce los rincones m\u00e1s bonitos de Teruel.","og_url":"https:\/\/valderrobres-candida.com\/cat\/blog\/2018\/06\/14\/notepuedesperder-el-matarrana-la-toscana-aragonesa\/","og_site_name":"Valderrobres Candida CAT","article_published_time":"2018-06-14T08:29:42+00:00","author":"admin","twitter_card":"summary_large_image","twitter_misc":{"Escrit per":"admin"},"schema":{"@context":"https:\/\/schema.org","@graph":[{"@type":"Article","@id":"https:\/\/valderrobres-candida.com\/cat\/blog\/2018\/06\/14\/notepuedesperder-el-matarrana-la-toscana-aragonesa\/#article","isPartOf":{"@id":"https:\/\/valderrobres-candida.com\/cat\/blog\/2018\/06\/14\/notepuedesperder-el-matarrana-la-toscana-aragonesa\/"},"author":{"name":"admin","@id":"https:\/\/valderrobres-candida.com\/cat\/#\/schema\/person\/592724f30d9f633dc775fbe3b215b45e"},"headline":"#NoTePuedesPerder | El Matarra\u00f1a, la &#8220;Toscana&#8221; aragonesa","datePublished":"2018-06-14T08:29:42+00:00","mainEntityOfPage":{"@id":"https:\/\/valderrobres-candida.com\/cat\/blog\/2018\/06\/14\/notepuedesperder-el-matarrana-la-toscana-aragonesa\/"},"wordCount":59,"commentCount":0,"articleSection":["Blog"],"inLanguage":"ca","potentialAction":[{"@type":"CommentAction","name":"Comment","target":["https:\/\/valderrobres-candida.com\/cat\/blog\/2018\/06\/14\/notepuedesperder-el-matarrana-la-toscana-aragonesa\/#respond"]}]},{"@type":"WebPage","@id":"https:\/\/valderrobres-candida.com\/cat\/blog\/2018\/06\/14\/notepuedesperder-el-matarrana-la-toscana-aragonesa\/","url":"https:\/\/valderrobres-candida.com\/cat\/blog\/2018\/06\/14\/notepuedesperder-el-matarrana-la-toscana-aragonesa\/","name":"#NoTePuedesPerder | El Matarra\u00f1a, la \"Toscana\" aragonesa - Valderrobres Candida CAT","isPartOf":{"@id":"https:\/\/valderrobres-candida.com\/cat\/#website"},"datePublished":"2018-06-14T08:29:42+00:00","author":{"@id":"https:\/\/valderrobres-candida.com\/cat\/#\/schema\/person\/592724f30d9f633dc775fbe3b215b45e"},"breadcrumb":{"@id":"https:\/\/valderrobres-candida.com\/cat\/blog\/2018\/06\/14\/notepuedesperder-el-matarrana-la-toscana-aragonesa\/#breadcrumb"},"inLanguage":"ca","potentialAction":[{"@type":"ReadAction","target":["https:\/\/valderrobres-candida.com\/cat\/blog\/2018\/06\/14\/notepuedesperder-el-matarrana-la-toscana-aragonesa\/"]}]},{"@type":"BreadcrumbList","@id":"https:\/\/valderrobres-candida.com\/cat\/blog\/2018\/06\/14\/notepuedesperder-el-matarrana-la-toscana-aragonesa\/#breadcrumb","itemListElement":[{"@type":"ListItem","position":1,"name":"Portada","item":"https:\/\/valderrobres-candida.com\/cat\/"},{"@type":"ListItem","position":2,"name":"#NoTePuedesPerder | El Matarra\u00f1a, la &#8220;Toscana&#8221; aragonesa"}]},{"@type":"WebSite","@id":"https:\/\/valderrobres-candida.com\/cat\/#website","url":"https:\/\/valderrobres-candida.com\/cat\/","name":"Valderrobres Candida CAT","description":"","potentialAction":[{"@type":"SearchAction","target":{"@type":"EntryPoint","urlTemplate":"https:\/\/valderrobres-candida.com\/cat\/?s={search_term_string}"},"query-input":{"@type":"PropertyValueSpecification","valueRequired":true,"valueName":"search_term_string"}}],"inLanguage":"ca"},{"@type":"Person","@id":"https:\/\/valderrobres-candida.com\/cat\/#\/schema\/person\/592724f30d9f633dc775fbe3b215b45e","name":"admin","image":{"@type":"ImageObject","inLanguage":"ca","@id":"https:\/\/valderrobres-candida.com\/cat\/#\/schema\/person\/image\/","url":"https:\/\/secure.gravatar.com\/avatar\/6593ee61f0881136cad83437ff20a0e7a7e66b6fb8ebe95c1f89f896a627e56a?s=96&d=mm&r=g","contentUrl":"https:\/\/secure.gravatar.com\/avatar\/6593ee61f0881136cad83437ff20a0e7a7e66b6fb8ebe95c1f89f896a627e56a?s=96&d=mm&r=g","caption":"admin"},"url":"https:\/\/valderrobres-candida.com\/cat\/blog\/author\/admin\/"}]}},"_links":{"self":[{"href":"https:\/\/valderrobres-candida.com\/cat\/wp-json\/wp\/v2\/posts\/1224","targetHints":{"allow":["GET"]}}],"collection":[{"href":"https:\/\/valderrobres-candida.com\/cat\/wp-json\/wp\/v2\/posts"}],"about":[{"href":"https:\/\/valderrobres-candida.com\/cat\/wp-json\/wp\/v2\/types\/post"}],"author":[{"embeddable":true,"href":"https:\/\/valderrobres-candida.com\/cat\/wp-json\/wp\/v2\/users\/1"}],"replies":[{"embeddable":true,"href":"https:\/\/valderrobres-candida.com\/cat\/wp-json\/wp\/v2\/comments?post=1224"}],"version-history":[{"count":1,"href":"https:\/\/valderrobres-candida.com\/cat\/wp-json\/wp\/v2\/posts\/1224\/revisions"}],"predecessor-version":[{"id":1225,"href":"https:\/\/valderrobres-candida.com\/cat\/wp-json\/wp\/v2\/posts\/1224\/revisions\/1225"}],"wp:attachment":[{"href":"https:\/\/valderrobres-candida.com\/cat\/wp-json\/wp\/v2\/media?parent=1224"}],"wp:term":[{"taxonomy":"category","embeddable":true,"href":"https:\/\/valderrobres-candida.com\/cat\/wp-json\/wp\/v2\/categories?post=1224"},{"taxonomy":"post_tag","embeddable":true,"href":"https:\/\/valderrobres-candida.com\/cat\/wp-json\/wp\/v2\/tags?post=1224"}],"curies":[{"name":"wp","href":"https:\/\/api.w.org\/{rel}","templated":true}]}}