{"id":1226,"date":"2018-06-21T13:46:00","date_gmt":"2018-06-21T13:46:00","guid":{"rendered":"http:\/\/valderrobres-candida.com\/?p=1226"},"modified":"2018-06-21T13:52:39","modified_gmt":"2018-06-21T13:52:39","slug":"notepuedesperder-la-verbena-de-san-juan","status":"publish","type":"post","link":"https:\/\/valderrobres-candida.com\/cat\/blog\/2018\/06\/21\/notepuedesperder-la-verbena-de-san-juan\/","title":{"rendered":"#NoTePuedesPerder | La verbena de San Juan"},"content":{"rendered":"<p>La noche del 23 de Junio se celebra la llegada del \u2018<strong>solsticio de verano\u2019<\/strong>\u00a0(hecho que transcurre exactamente un par de d\u00edas antes, entre el 20 y 22 de junio) y es popularmente conocida\u00a0como \u2018<em><strong>la noche m\u00e1s corta del a\u00f1o\u2019<\/strong><\/em>\u00a0(aunque en realidad no lo es, ya que \u00e9sta sucede el d\u00eda del solsticio o entrada de la <a href=\"https:\/\/blogs.20minutos.es\/yaestaellistoquetodolosabe\/por-que-llamamos-verano-al-verano\/\" target=\"_blank\">estaci\u00f3n de verano<\/a>), es la fiesta de <strong>San Juan Bautista<\/strong>.\u00a0Cabe destacar que realmente la festividad de <strong>San Juan<\/strong> es al d\u00eda siguiente, el 24 de junio pero esa noche es sumamente popular por celebrarse <a href=\"https:\/\/blogs.20minutos.es\/yaestaellistoquetodolosabe\/de-donde-surge-llamar-verbena-a-las-fiestas-populares\/\" target=\"_blank\">verbenas (fiestas populares)<\/a> en infinidad de lugares debido a que es el santo m\u00e1s celebrado en Europa y uno de los d\u00edas en que m\u00e1s onom\u00e1sticas se celebran por todo el mundo: Joan, Juan, Jean, John, Iv\u00e1n, Sean\u2026<\/p>\n<p>El solsticio de verano es una de las fechas m\u00e1s importantes para muchos pueblos desde tiempos remotos, especialmente por los pueblos del <a href=\"https:\/\/blogs.20minutos.es\/yaestaellistoquetodolosabe\/de-donde-surge-el-nombre-del-mar-mediterraneo\/\" target=\"_blank\">mar Mediterr\u00e1neo<\/a>.<\/p>\n<p>Las celebraciones de San Juan son de origen pagano y han heredado una serie de rituales, pr\u00e1cticas y costumbres que parecen estar basadas en celebraciones precristianas. Esa noche no s\u00f3lo se celebra en Espa\u00f1a, sino que por toda Europa tambi\u00e9n hay celebraciones que marcan la llegada del verano.<\/p>\n<p>En el continente americano (aunque en muchos pa\u00edses no coincida con el solsticio de verano sino con el del invierno) tambi\u00e9n son m\u00faltiples y populares las celebraciones que se realizan en una noche como esta. Por ejemplo en\u00a0 Brasil, donde las celebraciones en torno a San Juan son famosas en los estados de Bah\u00eda y Pernambuco.<\/p>\n<p>Desde la antiguedad, muchas han sido las personas que creen en el elemento m\u00e1gico de la noche,\u00a0 realizando\u00a0 rituales cuyas caracter\u00edsticas principales son el fuego, el agua, y las hogueras que se encienden esa noche, con la creencia que tales preservan de todo mal durante un a\u00f1o.<\/p>\n<p>La leyenda dice que las cenizas curan las enfermedades de la piel y que es conveniente saltar la hoguera un m\u00ednimo de tres veces para tener un buen a\u00f1o. Es una noche m\u00e1gica en la que todo puede suceder, cuando las hierbas tienen propiedades que todo lo curan o espantan malos esp\u00edritus, las mozas encuentran novio y el amor no tiene ataduras. Los tesoros escondidos brillan y pueden ser descubiertos, y quien coge la hierba llamada <strong>\u2018verbena\u2019\u00a0<\/strong>queda curado de todo mal. De aqu\u00ed viene que en castellano a la fiesta se le llame verbena.<br \/>\nSin embargo, el elemento principal es el fuego. Los ni\u00f1os y las ni\u00f1as recogen le\u00f1a y muebles viejos bastantes d\u00edas antes y los amontonan en un llano. La costumbre de encender fuegos parece que proviene de antiguos cultos paganos al sol , pero tambi\u00e9n est\u00e1 relacionada con la prevenci\u00f3n de epidemias por el poder antiinfeccioso y de alejar los malos esp\u00edritus que posee el fuego Las hogueras se hacen normalmente sin ninguna estructura. La verbena es la fiesta m\u00e1s generalizada, casi todo el mundo se re\u00fane para pasarla en grupo, hablar, cantar, bailar y re\u00edr. La noche de San Juan es uno de los momentos, junto con la Navidad, que m\u00e1s acerca a las personas, ya sea en un entorno familiar o en un grupo de amigos, pues se celebra algo en com\u00fan. San Juan se celebra en casi toda Espa\u00f1a, pero en algunas partes toma un significado especial:<\/p>\n<ul>\n<li>En Icod de los Vinos (Tenerife) se bajan enormes troncos de fuego desde lo alto del monte en la noche de San Juan.<\/li>\n<\/ul>\n<ul>\n<li>En San Pedro Manrique (Soria) tiene lugar \u201cel paso del fuego\u201d, donde los lugare\u00f1os cruzan descalzos las brasas de la hoguera con paso seguro, llevando muchas veces a otra persona a sus espaldas, sin sufrir da\u00f1o alguno. La gente del lugar dice que los forasteros se queman porque pisan muy flojo y los lugare\u00f1os pisan fuerte para detener la combusti\u00f3n.<\/li>\n<\/ul>\n<ul>\n<li>Las hogueras de San Juan (o Fogueres) en Alicante est\u00e1n realizadas art\u00edsticamente con madera y cart\u00f3n. Se colocan en las calles d\u00edas antes y se queman en una ceremonia que se conoce como la \u201cNit del Foc\u201d. Hay, adem\u00e1s, varias cabalgatas por la ciudad: \u201cla cabalgata del foc\u201d, que representa el culto al fuego a trav\u00e9s de varios per\u00edodos. El \u201ccoso infantil\u201d, en el que toman parte los ni\u00f1os vestidos con trajes de \u00e9poca y donde se celebra una batalla de flores, serpentinas y confeti y la cabalgata de las bandas de m\u00fasica contratadas por los diferentes distritos de la ciudad.<\/li>\n<li>En Menorca, San Juan tiene un car\u00e1cter muy especial ya que en la celebraci\u00f3n est\u00e1n representados varios estamentos: los campesinos, los casados, los solteros, los se\u00f1ores y la iglesia, con claras reminiscencias medievales. Los representantes van a caballo y tienen lugar los c\u00e9lebres \u201ccaracoleos\u201d, celebraci\u00f3n al son de la m\u00fasica popular con los caballos haciendo cabriolas, banderas ondeando y una popular batalla de avellanas. La bebida popular durante las fiestas de San Juan en la isla es la \u201cpomada\u201d, una mezcla explosiva de ginebra local y limonada.<\/li>\n<li>En Catalunya se celebra \u201cLa revetlla de Sant Joan\u201d con hogueras en las calles principales y con fiestas llamadas <strong>verbenas<\/strong> cuyo origen se debe a la recolecci\u00f3n de hierbas arom\u00e1ticas, la verbena, la valeriana y el tr\u00e9bole, que eran ben\u00e9ficas si se cortaban esa noche. Se lanzan fuegos artificiales y se come la famosa coca de pi\u00f1ones, crema \u00f3 frutas.<\/li>\n<li>En otras partes de Espa\u00f1a se come al amanecer chocolate con churros.<\/li>\n<\/ul>\n<p>Muchas y variadas son las celebraciones, costumbres y rituales de noche tan se\u00f1alada. Celtas e \u00edberos pensaban que las fuentes eran curativas, por lo que se cree que todas las aguas que se toman en la noche de San Juan son beneficiosas y algunas personas se ba\u00f1an desnudas de madrugada en el r\u00edo o el mar.<br \/>\n<strong>Lope de Vega<\/strong> es el autor que m\u00e1s obras ha situado en el d\u00eda de San Juan. Tambi\u00e9n <strong>Shakespeare<\/strong> tiene una muy famosa : <strong>\u201cEl Sue\u00f1o de una noche de Verano\u201d<\/strong>.<\/p>\n<p>&nbsp;<\/p>\n<p>&#8212; blog20minutos<\/p>\n","protected":false},"excerpt":{"rendered":"<p>La noche del 23 de Junio se celebra la llegada del \u2018solsticio de verano\u2019\u00a0(hecho que transcurre exactamente un par de d\u00edas antes, entre el 20 y 22 de junio) y es popularmente conocida\u00a0como \u2018la noche m\u00e1s corta del a\u00f1o\u2019\u00a0(aunque en realidad no lo es, ya que \u00e9sta sucede el d\u00eda del solsticio o entrada de<\/p>\n","protected":false},"author":1,"featured_media":1227,"comment_status":"open","ping_status":"open","sticky":false,"template":"","format":"standard","meta":{"footnotes":""},"categories":[150,18],"tags":[],"class_list":["post-1226","post","type-post","status-publish","format-standard","has-post-thumbnail","hentry","category-blog","category-noticias"],"yoast_head":"<!-- This site is optimized with the Yoast SEO plugin v26.7 - https:\/\/yoast.com\/wordpress\/plugins\/seo\/ -->\n<title>#NoTePuedesPerder | La verbena de San Juan - Valderrobres Candida CAT<\/title>\n<meta name=\"robots\" content=\"index, follow, max-snippet:-1, max-image-preview:large, max-video-preview:-1\" \/>\n<link rel=\"canonical\" href=\"https:\/\/valderrobres-candida.com\/cat\/blog\/2018\/06\/21\/notepuedesperder-la-verbena-de-san-juan\/\" \/>\n<meta property=\"og:locale\" content=\"ca_ES\" \/>\n<meta property=\"og:type\" content=\"article\" \/>\n<meta property=\"og:title\" content=\"#NoTePuedesPerder | La verbena de San Juan - Valderrobres Candida CAT\" \/>\n<meta property=\"og:description\" content=\"La noche del 23 de Junio se celebra la llegada del \u2018solsticio de verano\u2019\u00a0(hecho que transcurre exactamente un par de d\u00edas antes, entre el 20 y 22 de junio) y es popularmente conocida\u00a0como \u2018la noche m\u00e1s corta del a\u00f1o\u2019\u00a0(aunque en realidad no lo es, ya que \u00e9sta sucede el d\u00eda del solsticio o entrada de\" \/>\n<meta property=\"og:url\" content=\"https:\/\/valderrobres-candida.com\/cat\/blog\/2018\/06\/21\/notepuedesperder-la-verbena-de-san-juan\/\" \/>\n<meta property=\"og:site_name\" content=\"Valderrobres Candida CAT\" \/>\n<meta property=\"article:published_time\" content=\"2018-06-21T13:46:00+00:00\" \/>\n<meta property=\"article:modified_time\" content=\"2018-06-21T13:52:39+00:00\" \/>\n<meta property=\"og:image\" content=\"https:\/\/valderrobres-candida.com\/cat\/wp-content\/uploads\/sites\/4\/149695082592815374633698781782.jpg\" \/>\n\t<meta property=\"og:image:width\" content=\"1028\" \/>\n\t<meta property=\"og:image:height\" content=\"514\" \/>\n\t<meta property=\"og:image:type\" content=\"image\/jpeg\" \/>\n<meta name=\"author\" content=\"admin\" \/>\n<meta name=\"twitter:card\" content=\"summary_large_image\" \/>\n<meta name=\"twitter:label1\" content=\"Escrit per\" \/>\n\t<meta name=\"twitter:data1\" content=\"admin\" \/>\n\t<meta name=\"twitter:label2\" content=\"Temps estimat de lectura\" \/>\n\t<meta name=\"twitter:data2\" content=\"5 minuts\" \/>\n<script type=\"application\/ld+json\" class=\"yoast-schema-graph\">{\"@context\":\"https:\/\/schema.org\",\"@graph\":[{\"@type\":\"Article\",\"@id\":\"https:\/\/valderrobres-candida.com\/cat\/blog\/2018\/06\/21\/notepuedesperder-la-verbena-de-san-juan\/#article\",\"isPartOf\":{\"@id\":\"https:\/\/valderrobres-candida.com\/cat\/blog\/2018\/06\/21\/notepuedesperder-la-verbena-de-san-juan\/\"},\"author\":{\"name\":\"admin\",\"@id\":\"https:\/\/valderrobres-candida.com\/cat\/#\/schema\/person\/592724f30d9f633dc775fbe3b215b45e\"},\"headline\":\"#NoTePuedesPerder | La verbena de San Juan\",\"datePublished\":\"2018-06-21T13:46:00+00:00\",\"dateModified\":\"2018-06-21T13:52:39+00:00\",\"mainEntityOfPage\":{\"@id\":\"https:\/\/valderrobres-candida.com\/cat\/blog\/2018\/06\/21\/notepuedesperder-la-verbena-de-san-juan\/\"},\"wordCount\":1058,\"commentCount\":0,\"image\":{\"@id\":\"https:\/\/valderrobres-candida.com\/cat\/blog\/2018\/06\/21\/notepuedesperder-la-verbena-de-san-juan\/#primaryimage\"},\"thumbnailUrl\":\"https:\/\/valderrobres-candida.com\/cat\/wp-content\/uploads\/sites\/4\/149695082592815374633698781782.jpg\",\"articleSection\":[\"Blog\",\"Not\u00edcias\"],\"inLanguage\":\"ca\",\"potentialAction\":[{\"@type\":\"CommentAction\",\"name\":\"Comment\",\"target\":[\"https:\/\/valderrobres-candida.com\/cat\/blog\/2018\/06\/21\/notepuedesperder-la-verbena-de-san-juan\/#respond\"]}]},{\"@type\":\"WebPage\",\"@id\":\"https:\/\/valderrobres-candida.com\/cat\/blog\/2018\/06\/21\/notepuedesperder-la-verbena-de-san-juan\/\",\"url\":\"https:\/\/valderrobres-candida.com\/cat\/blog\/2018\/06\/21\/notepuedesperder-la-verbena-de-san-juan\/\",\"name\":\"#NoTePuedesPerder | La verbena de San Juan - Valderrobres Candida CAT\",\"isPartOf\":{\"@id\":\"https:\/\/valderrobres-candida.com\/cat\/#website\"},\"primaryImageOfPage\":{\"@id\":\"https:\/\/valderrobres-candida.com\/cat\/blog\/2018\/06\/21\/notepuedesperder-la-verbena-de-san-juan\/#primaryimage\"},\"image\":{\"@id\":\"https:\/\/valderrobres-candida.com\/cat\/blog\/2018\/06\/21\/notepuedesperder-la-verbena-de-san-juan\/#primaryimage\"},\"thumbnailUrl\":\"https:\/\/valderrobres-candida.com\/cat\/wp-content\/uploads\/sites\/4\/149695082592815374633698781782.jpg\",\"datePublished\":\"2018-06-21T13:46:00+00:00\",\"dateModified\":\"2018-06-21T13:52:39+00:00\",\"author\":{\"@id\":\"https:\/\/valderrobres-candida.com\/cat\/#\/schema\/person\/592724f30d9f633dc775fbe3b215b45e\"},\"breadcrumb\":{\"@id\":\"https:\/\/valderrobres-candida.com\/cat\/blog\/2018\/06\/21\/notepuedesperder-la-verbena-de-san-juan\/#breadcrumb\"},\"inLanguage\":\"ca\",\"potentialAction\":[{\"@type\":\"ReadAction\",\"target\":[\"https:\/\/valderrobres-candida.com\/cat\/blog\/2018\/06\/21\/notepuedesperder-la-verbena-de-san-juan\/\"]}]},{\"@type\":\"ImageObject\",\"inLanguage\":\"ca\",\"@id\":\"https:\/\/valderrobres-candida.com\/cat\/blog\/2018\/06\/21\/notepuedesperder-la-verbena-de-san-juan\/#primaryimage\",\"url\":\"https:\/\/valderrobres-candida.com\/cat\/wp-content\/uploads\/sites\/4\/149695082592815374633698781782.jpg\",\"contentUrl\":\"https:\/\/valderrobres-candida.com\/cat\/wp-content\/uploads\/sites\/4\/149695082592815374633698781782.jpg\",\"width\":1028,\"height\":514},{\"@type\":\"BreadcrumbList\",\"@id\":\"https:\/\/valderrobres-candida.com\/cat\/blog\/2018\/06\/21\/notepuedesperder-la-verbena-de-san-juan\/#breadcrumb\",\"itemListElement\":[{\"@type\":\"ListItem\",\"position\":1,\"name\":\"Portada\",\"item\":\"https:\/\/valderrobres-candida.com\/cat\/\"},{\"@type\":\"ListItem\",\"position\":2,\"name\":\"#NoTePuedesPerder | La verbena de San Juan\"}]},{\"@type\":\"WebSite\",\"@id\":\"https:\/\/valderrobres-candida.com\/cat\/#website\",\"url\":\"https:\/\/valderrobres-candida.com\/cat\/\",\"name\":\"Valderrobres Candida CAT\",\"description\":\"\",\"potentialAction\":[{\"@type\":\"SearchAction\",\"target\":{\"@type\":\"EntryPoint\",\"urlTemplate\":\"https:\/\/valderrobres-candida.com\/cat\/?s={search_term_string}\"},\"query-input\":{\"@type\":\"PropertyValueSpecification\",\"valueRequired\":true,\"valueName\":\"search_term_string\"}}],\"inLanguage\":\"ca\"},{\"@type\":\"Person\",\"@id\":\"https:\/\/valderrobres-candida.com\/cat\/#\/schema\/person\/592724f30d9f633dc775fbe3b215b45e\",\"name\":\"admin\",\"image\":{\"@type\":\"ImageObject\",\"inLanguage\":\"ca\",\"@id\":\"https:\/\/valderrobres-candida.com\/cat\/#\/schema\/person\/image\/\",\"url\":\"https:\/\/secure.gravatar.com\/avatar\/6593ee61f0881136cad83437ff20a0e7a7e66b6fb8ebe95c1f89f896a627e56a?s=96&d=mm&r=g\",\"contentUrl\":\"https:\/\/secure.gravatar.com\/avatar\/6593ee61f0881136cad83437ff20a0e7a7e66b6fb8ebe95c1f89f896a627e56a?s=96&d=mm&r=g\",\"caption\":\"admin\"},\"url\":\"https:\/\/valderrobres-candida.com\/cat\/blog\/author\/admin\/\"}]}<\/script>\n<!-- \/ Yoast SEO plugin. -->","yoast_head_json":{"title":"#NoTePuedesPerder | La verbena de San Juan - Valderrobres Candida CAT","robots":{"index":"index","follow":"follow","max-snippet":"max-snippet:-1","max-image-preview":"max-image-preview:large","max-video-preview":"max-video-preview:-1"},"canonical":"https:\/\/valderrobres-candida.com\/cat\/blog\/2018\/06\/21\/notepuedesperder-la-verbena-de-san-juan\/","og_locale":"ca_ES","og_type":"article","og_title":"#NoTePuedesPerder | La verbena de San Juan - Valderrobres Candida CAT","og_description":"La noche del 23 de Junio se celebra la llegada del \u2018solsticio de verano\u2019\u00a0(hecho que transcurre exactamente un par de d\u00edas antes, entre el 20 y 22 de junio) y es popularmente conocida\u00a0como \u2018la noche m\u00e1s corta del a\u00f1o\u2019\u00a0(aunque en realidad no lo es, ya que \u00e9sta sucede el d\u00eda del solsticio o entrada de","og_url":"https:\/\/valderrobres-candida.com\/cat\/blog\/2018\/06\/21\/notepuedesperder-la-verbena-de-san-juan\/","og_site_name":"Valderrobres Candida CAT","article_published_time":"2018-06-21T13:46:00+00:00","article_modified_time":"2018-06-21T13:52:39+00:00","og_image":[{"width":1028,"height":514,"url":"https:\/\/valderrobres-candida.com\/cat\/wp-content\/uploads\/sites\/4\/149695082592815374633698781782.jpg","type":"image\/jpeg"}],"author":"admin","twitter_card":"summary_large_image","twitter_misc":{"Escrit per":"admin","Temps estimat de lectura":"5 minuts"},"schema":{"@context":"https:\/\/schema.org","@graph":[{"@type":"Article","@id":"https:\/\/valderrobres-candida.com\/cat\/blog\/2018\/06\/21\/notepuedesperder-la-verbena-de-san-juan\/#article","isPartOf":{"@id":"https:\/\/valderrobres-candida.com\/cat\/blog\/2018\/06\/21\/notepuedesperder-la-verbena-de-san-juan\/"},"author":{"name":"admin","@id":"https:\/\/valderrobres-candida.com\/cat\/#\/schema\/person\/592724f30d9f633dc775fbe3b215b45e"},"headline":"#NoTePuedesPerder | La verbena de San Juan","datePublished":"2018-06-21T13:46:00+00:00","dateModified":"2018-06-21T13:52:39+00:00","mainEntityOfPage":{"@id":"https:\/\/valderrobres-candida.com\/cat\/blog\/2018\/06\/21\/notepuedesperder-la-verbena-de-san-juan\/"},"wordCount":1058,"commentCount":0,"image":{"@id":"https:\/\/valderrobres-candida.com\/cat\/blog\/2018\/06\/21\/notepuedesperder-la-verbena-de-san-juan\/#primaryimage"},"thumbnailUrl":"https:\/\/valderrobres-candida.com\/cat\/wp-content\/uploads\/sites\/4\/149695082592815374633698781782.jpg","articleSection":["Blog","Not\u00edcias"],"inLanguage":"ca","potentialAction":[{"@type":"CommentAction","name":"Comment","target":["https:\/\/valderrobres-candida.com\/cat\/blog\/2018\/06\/21\/notepuedesperder-la-verbena-de-san-juan\/#respond"]}]},{"@type":"WebPage","@id":"https:\/\/valderrobres-candida.com\/cat\/blog\/2018\/06\/21\/notepuedesperder-la-verbena-de-san-juan\/","url":"https:\/\/valderrobres-candida.com\/cat\/blog\/2018\/06\/21\/notepuedesperder-la-verbena-de-san-juan\/","name":"#NoTePuedesPerder | La verbena de San Juan - Valderrobres Candida CAT","isPartOf":{"@id":"https:\/\/valderrobres-candida.com\/cat\/#website"},"primaryImageOfPage":{"@id":"https:\/\/valderrobres-candida.com\/cat\/blog\/2018\/06\/21\/notepuedesperder-la-verbena-de-san-juan\/#primaryimage"},"image":{"@id":"https:\/\/valderrobres-candida.com\/cat\/blog\/2018\/06\/21\/notepuedesperder-la-verbena-de-san-juan\/#primaryimage"},"thumbnailUrl":"https:\/\/valderrobres-candida.com\/cat\/wp-content\/uploads\/sites\/4\/149695082592815374633698781782.jpg","datePublished":"2018-06-21T13:46:00+00:00","dateModified":"2018-06-21T13:52:39+00:00","author":{"@id":"https:\/\/valderrobres-candida.com\/cat\/#\/schema\/person\/592724f30d9f633dc775fbe3b215b45e"},"breadcrumb":{"@id":"https:\/\/valderrobres-candida.com\/cat\/blog\/2018\/06\/21\/notepuedesperder-la-verbena-de-san-juan\/#breadcrumb"},"inLanguage":"ca","potentialAction":[{"@type":"ReadAction","target":["https:\/\/valderrobres-candida.com\/cat\/blog\/2018\/06\/21\/notepuedesperder-la-verbena-de-san-juan\/"]}]},{"@type":"ImageObject","inLanguage":"ca","@id":"https:\/\/valderrobres-candida.com\/cat\/blog\/2018\/06\/21\/notepuedesperder-la-verbena-de-san-juan\/#primaryimage","url":"https:\/\/valderrobres-candida.com\/cat\/wp-content\/uploads\/sites\/4\/149695082592815374633698781782.jpg","contentUrl":"https:\/\/valderrobres-candida.com\/cat\/wp-content\/uploads\/sites\/4\/149695082592815374633698781782.jpg","width":1028,"height":514},{"@type":"BreadcrumbList","@id":"https:\/\/valderrobres-candida.com\/cat\/blog\/2018\/06\/21\/notepuedesperder-la-verbena-de-san-juan\/#breadcrumb","itemListElement":[{"@type":"ListItem","position":1,"name":"Portada","item":"https:\/\/valderrobres-candida.com\/cat\/"},{"@type":"ListItem","position":2,"name":"#NoTePuedesPerder | La verbena de San Juan"}]},{"@type":"WebSite","@id":"https:\/\/valderrobres-candida.com\/cat\/#website","url":"https:\/\/valderrobres-candida.com\/cat\/","name":"Valderrobres Candida CAT","description":"","potentialAction":[{"@type":"SearchAction","target":{"@type":"EntryPoint","urlTemplate":"https:\/\/valderrobres-candida.com\/cat\/?s={search_term_string}"},"query-input":{"@type":"PropertyValueSpecification","valueRequired":true,"valueName":"search_term_string"}}],"inLanguage":"ca"},{"@type":"Person","@id":"https:\/\/valderrobres-candida.com\/cat\/#\/schema\/person\/592724f30d9f633dc775fbe3b215b45e","name":"admin","image":{"@type":"ImageObject","inLanguage":"ca","@id":"https:\/\/valderrobres-candida.com\/cat\/#\/schema\/person\/image\/","url":"https:\/\/secure.gravatar.com\/avatar\/6593ee61f0881136cad83437ff20a0e7a7e66b6fb8ebe95c1f89f896a627e56a?s=96&d=mm&r=g","contentUrl":"https:\/\/secure.gravatar.com\/avatar\/6593ee61f0881136cad83437ff20a0e7a7e66b6fb8ebe95c1f89f896a627e56a?s=96&d=mm&r=g","caption":"admin"},"url":"https:\/\/valderrobres-candida.com\/cat\/blog\/author\/admin\/"}]}},"_links":{"self":[{"href":"https:\/\/valderrobres-candida.com\/cat\/wp-json\/wp\/v2\/posts\/1226","targetHints":{"allow":["GET"]}}],"collection":[{"href":"https:\/\/valderrobres-candida.com\/cat\/wp-json\/wp\/v2\/posts"}],"about":[{"href":"https:\/\/valderrobres-candida.com\/cat\/wp-json\/wp\/v2\/types\/post"}],"author":[{"embeddable":true,"href":"https:\/\/valderrobres-candida.com\/cat\/wp-json\/wp\/v2\/users\/1"}],"replies":[{"embeddable":true,"href":"https:\/\/valderrobres-candida.com\/cat\/wp-json\/wp\/v2\/comments?post=1226"}],"version-history":[{"count":1,"href":"https:\/\/valderrobres-candida.com\/cat\/wp-json\/wp\/v2\/posts\/1226\/revisions"}],"predecessor-version":[{"id":1228,"href":"https:\/\/valderrobres-candida.com\/cat\/wp-json\/wp\/v2\/posts\/1226\/revisions\/1228"}],"wp:featuredmedia":[{"embeddable":true,"href":"https:\/\/valderrobres-candida.com\/cat\/wp-json\/wp\/v2\/media\/1227"}],"wp:attachment":[{"href":"https:\/\/valderrobres-candida.com\/cat\/wp-json\/wp\/v2\/media?parent=1226"}],"wp:term":[{"taxonomy":"category","embeddable":true,"href":"https:\/\/valderrobres-candida.com\/cat\/wp-json\/wp\/v2\/categories?post=1226"},{"taxonomy":"post_tag","embeddable":true,"href":"https:\/\/valderrobres-candida.com\/cat\/wp-json\/wp\/v2\/tags?post=1226"}],"curies":[{"name":"wp","href":"https:\/\/api.w.org\/{rel}","templated":true}]}}