{"id":482,"date":"2014-11-03T11:18:55","date_gmt":"2014-11-03T11:18:55","guid":{"rendered":"http:\/\/valderrobres-candida.com\/?p=482"},"modified":"2014-11-11T16:38:16","modified_gmt":"2014-11-11T16:38:16","slug":"el-salto-de-la-portellada","status":"publish","type":"post","link":"https:\/\/valderrobres-candida.com\/cat\/blog\/2014\/11\/03\/el-salto-de-la-portellada\/","title":{"rendered":"El salto de la Portellada"},"content":{"rendered":"<p>Quien ha estado en <strong><a href=\"http:\/\/www.portalmatarranya.es\/\" target=\"_blank\">Matarra\u00f1a<\/a> <\/strong>sabe todo lo que puede ofrecer su territorio: pueblos medievales, actividades, naturaleza, gastronom\u00eda, historia&#8230;son miles las personas que hablan maravillas de \u00e9ste rinc\u00f3n del planeta, y que explica sus visitas y las rutas que se esconden entre monta\u00f1as y r\u00edos. Tanto a pie, como en coche o en caballo, hay muchas rutas por descubrir. Nosotros hoy queremos darte a conocer la ruta del <strong>Salt de La Portellada<\/strong>, en la que se esconde una cascada espectacular de m\u00e1s de 20 metros.<\/p>\n<p>Hasta el Salt puede accederse en coche, pero depende del estado del camino. Si la haces andando puedes tardar <strong>hora y media<\/strong> entre ir y volver: no es tanto, y <strong>\u00a1caminar es bueno para el organismo!<\/strong><\/p>\n<p>Se parte de La Portellada y debes dirigirte hacia El Portillo, un collado por el que se entra en la cuenca del <strong>Tastavins<\/strong>. Desde all\u00ed existe la opci\u00f3n de ascender hasta la cima de Sant Pere M\u00e1rtir. All\u00ed hay \u00a1estupendas vistas!. Adem\u00e1s, arriba puedes encontrar el curioso v\u00e9rtice geod\u00e9sico, dentro del cual se ubica la imagen del santo.<\/p>\n<p>Pero si tu objetivo era llegar hasta el Salt de la Portellada, toma la carretera que va <strong> de Valderrobres a La Fresneda <\/strong>. Entonces encontrar\u00e1s una cruce a la derecha: toma la carretera y s\u00edguela durante 1.500 metros y ya podr\u00e1s acceder a la parte superior del espectacular salto de 20 metro, donde la erosi\u00f3n fluvial ha moldeado el estrato creando curiosas formas. <strong>\u00a1Atenci\u00f3n! <\/strong>Cruzar el cauce del Tastavins puede implicar mojarnos los pies, pero eso lo convertir\u00e1 en una experiencia \u00fanica e inolvidable, porque significar\u00e1 que la cascada est\u00e1 con abundante agua.<\/p>\n<p>Si tienes la suerte de realizar \u00e9sta excursi\u00f3n, explora la naturaleza del entorno: diversas aves que anidan en los escarpes como, golondrinas y abejarucos, as\u00ed como otras ligadas al medio acu\u00e1tico: lavanderas y andarr\u00edos<strong>. Una fauna y flora \u00a1incre\u00edble!<\/strong><\/p>\n<p>&nbsp;<\/p>\n<p><strong><a href=\"http:\/\/valderrobres-candida.com\/wp-content\/uploads\/salt-de-la-portellada1.jpg\"><img loading=\"lazy\" decoding=\"async\" class=\"aligncenter wp-image-487 size-medium\" src=\"http:\/\/valderrobres-candida.com\/wp-content\/uploads\/salt-de-la-portellada1-300x225.jpg\" alt=\"salt de la portellada\" width=\"300\" height=\"225\" srcset=\"https:\/\/valderrobres-candida.com\/cat\/wp-content\/uploads\/sites\/4\/salt-de-la-portellada1-300x225.jpg 300w, https:\/\/valderrobres-candida.com\/cat\/wp-content\/uploads\/sites\/4\/salt-de-la-portellada1-100x75.jpg 100w, https:\/\/valderrobres-candida.com\/cat\/wp-content\/uploads\/sites\/4\/salt-de-la-portellada1.jpg 700w\" sizes=\"auto, (max-width: 300px) 100vw, 300px\" \/><\/a> <\/strong><\/p>\n","protected":false},"excerpt":{"rendered":"<p>Quien ha estado en Matarra\u00f1a sabe todo lo que puede ofrecer su territorio: pueblos medievales, actividades, naturaleza, gastronom\u00eda, historia&#8230;son miles las personas que hablan maravillas de \u00e9ste rinc\u00f3n del planeta, y que explica sus visitas y las rutas que se esconden entre monta\u00f1as y r\u00edos. Tanto a pie, como en coche o en caballo, hay<\/p>\n","protected":false},"author":2,"featured_media":485,"comment_status":"open","ping_status":"open","sticky":false,"template":"","format":"standard","meta":{"footnotes":""},"categories":[13],"tags":[12,19,20,21,22],"class_list":["post-482","post","type-post","status-publish","format-standard","has-post-thumbnail","hentry","category-rutas","tag-matarrana","tag-rutas-matarrana","tag-rutas-matarranya","tag-salt-de-la-portellada","tag-salto-de-la-portellada"],"yoast_head":"<!-- This site is optimized with the Yoast SEO plugin v26.7 - https:\/\/yoast.com\/wordpress\/plugins\/seo\/ -->\n<title>El salto de la Portellada - Valderrobres Candida CAT<\/title>\n<meta name=\"robots\" content=\"index, follow, max-snippet:-1, max-image-preview:large, max-video-preview:-1\" \/>\n<link rel=\"canonical\" href=\"https:\/\/valderrobres-candida.com\/cat\/blog\/2014\/11\/03\/el-salto-de-la-portellada\/\" \/>\n<meta property=\"og:locale\" content=\"ca_ES\" \/>\n<meta property=\"og:type\" content=\"article\" \/>\n<meta property=\"og:title\" content=\"El salto de la Portellada - Valderrobres Candida CAT\" \/>\n<meta property=\"og:description\" content=\"Quien ha estado en Matarra\u00f1a sabe todo lo que puede ofrecer su territorio: pueblos medievales, actividades, naturaleza, gastronom\u00eda, historia&#8230;son miles las personas que hablan maravillas de \u00e9ste rinc\u00f3n del planeta, y que explica sus visitas y las rutas que se esconden entre monta\u00f1as y r\u00edos. Tanto a pie, como en coche o en caballo, hay\" \/>\n<meta property=\"og:url\" content=\"https:\/\/valderrobres-candida.com\/cat\/blog\/2014\/11\/03\/el-salto-de-la-portellada\/\" \/>\n<meta property=\"og:site_name\" content=\"Valderrobres Candida CAT\" \/>\n<meta property=\"article:published_time\" content=\"2014-11-03T11:18:55+00:00\" \/>\n<meta property=\"article:modified_time\" content=\"2014-11-11T16:38:16+00:00\" \/>\n<meta property=\"og:image\" content=\"https:\/\/valderrobres-candida.com\/cat\/wp-content\/uploads\/sites\/4\/salt-de-la-portellada.jpg\" \/>\n\t<meta property=\"og:image:width\" content=\"700\" \/>\n\t<meta property=\"og:image:height\" content=\"525\" \/>\n\t<meta property=\"og:image:type\" content=\"image\/jpeg\" \/>\n<meta name=\"author\" content=\"Dona Candida\" \/>\n<meta name=\"twitter:card\" content=\"summary_large_image\" \/>\n<meta name=\"twitter:label1\" content=\"Escrit per\" \/>\n\t<meta name=\"twitter:data1\" content=\"Dona Candida\" \/>\n\t<meta name=\"twitter:label2\" content=\"Temps estimat de lectura\" \/>\n\t<meta name=\"twitter:data2\" content=\"2 minuts\" \/>\n<script type=\"application\/ld+json\" class=\"yoast-schema-graph\">{\"@context\":\"https:\/\/schema.org\",\"@graph\":[{\"@type\":\"Article\",\"@id\":\"https:\/\/valderrobres-candida.com\/cat\/blog\/2014\/11\/03\/el-salto-de-la-portellada\/#article\",\"isPartOf\":{\"@id\":\"https:\/\/valderrobres-candida.com\/cat\/blog\/2014\/11\/03\/el-salto-de-la-portellada\/\"},\"author\":{\"name\":\"Dona Candida\",\"@id\":\"https:\/\/valderrobres-candida.com\/cat\/#\/schema\/person\/8613fd4f70379c16b4872f38d1586c86\"},\"headline\":\"El salto de la Portellada\",\"datePublished\":\"2014-11-03T11:18:55+00:00\",\"dateModified\":\"2014-11-11T16:38:16+00:00\",\"mainEntityOfPage\":{\"@id\":\"https:\/\/valderrobres-candida.com\/cat\/blog\/2014\/11\/03\/el-salto-de-la-portellada\/\"},\"wordCount\":334,\"commentCount\":0,\"image\":{\"@id\":\"https:\/\/valderrobres-candida.com\/cat\/blog\/2014\/11\/03\/el-salto-de-la-portellada\/#primaryimage\"},\"thumbnailUrl\":\"https:\/\/valderrobres-candida.com\/cat\/wp-content\/uploads\/sites\/4\/salt-de-la-portellada.jpg\",\"keywords\":[\"matarra\u00f1a\",\"rutas matarra\u00f1a\",\"rutas matarranya\",\"salt de la portellada\",\"salto de la portellada\"],\"articleSection\":[\"Rutas\"],\"inLanguage\":\"ca\",\"potentialAction\":[{\"@type\":\"CommentAction\",\"name\":\"Comment\",\"target\":[\"https:\/\/valderrobres-candida.com\/cat\/blog\/2014\/11\/03\/el-salto-de-la-portellada\/#respond\"]}]},{\"@type\":\"WebPage\",\"@id\":\"https:\/\/valderrobres-candida.com\/cat\/blog\/2014\/11\/03\/el-salto-de-la-portellada\/\",\"url\":\"https:\/\/valderrobres-candida.com\/cat\/blog\/2014\/11\/03\/el-salto-de-la-portellada\/\",\"name\":\"El salto de la Portellada - Valderrobres Candida CAT\",\"isPartOf\":{\"@id\":\"https:\/\/valderrobres-candida.com\/cat\/#website\"},\"primaryImageOfPage\":{\"@id\":\"https:\/\/valderrobres-candida.com\/cat\/blog\/2014\/11\/03\/el-salto-de-la-portellada\/#primaryimage\"},\"image\":{\"@id\":\"https:\/\/valderrobres-candida.com\/cat\/blog\/2014\/11\/03\/el-salto-de-la-portellada\/#primaryimage\"},\"thumbnailUrl\":\"https:\/\/valderrobres-candida.com\/cat\/wp-content\/uploads\/sites\/4\/salt-de-la-portellada.jpg\",\"datePublished\":\"2014-11-03T11:18:55+00:00\",\"dateModified\":\"2014-11-11T16:38:16+00:00\",\"author\":{\"@id\":\"https:\/\/valderrobres-candida.com\/cat\/#\/schema\/person\/8613fd4f70379c16b4872f38d1586c86\"},\"breadcrumb\":{\"@id\":\"https:\/\/valderrobres-candida.com\/cat\/blog\/2014\/11\/03\/el-salto-de-la-portellada\/#breadcrumb\"},\"inLanguage\":\"ca\",\"potentialAction\":[{\"@type\":\"ReadAction\",\"target\":[\"https:\/\/valderrobres-candida.com\/cat\/blog\/2014\/11\/03\/el-salto-de-la-portellada\/\"]}]},{\"@type\":\"ImageObject\",\"inLanguage\":\"ca\",\"@id\":\"https:\/\/valderrobres-candida.com\/cat\/blog\/2014\/11\/03\/el-salto-de-la-portellada\/#primaryimage\",\"url\":\"https:\/\/valderrobres-candida.com\/cat\/wp-content\/uploads\/sites\/4\/salt-de-la-portellada.jpg\",\"contentUrl\":\"https:\/\/valderrobres-candida.com\/cat\/wp-content\/uploads\/sites\/4\/salt-de-la-portellada.jpg\",\"width\":700,\"height\":525},{\"@type\":\"BreadcrumbList\",\"@id\":\"https:\/\/valderrobres-candida.com\/cat\/blog\/2014\/11\/03\/el-salto-de-la-portellada\/#breadcrumb\",\"itemListElement\":[{\"@type\":\"ListItem\",\"position\":1,\"name\":\"Portada\",\"item\":\"https:\/\/valderrobres-candida.com\/cat\/\"},{\"@type\":\"ListItem\",\"position\":2,\"name\":\"El salto de la Portellada\"}]},{\"@type\":\"WebSite\",\"@id\":\"https:\/\/valderrobres-candida.com\/cat\/#website\",\"url\":\"https:\/\/valderrobres-candida.com\/cat\/\",\"name\":\"Valderrobres Candida CAT\",\"description\":\"\",\"potentialAction\":[{\"@type\":\"SearchAction\",\"target\":{\"@type\":\"EntryPoint\",\"urlTemplate\":\"https:\/\/valderrobres-candida.com\/cat\/?s={search_term_string}\"},\"query-input\":{\"@type\":\"PropertyValueSpecification\",\"valueRequired\":true,\"valueName\":\"search_term_string\"}}],\"inLanguage\":\"ca\"},{\"@type\":\"Person\",\"@id\":\"https:\/\/valderrobres-candida.com\/cat\/#\/schema\/person\/8613fd4f70379c16b4872f38d1586c86\",\"name\":\"Dona Candida\",\"image\":{\"@type\":\"ImageObject\",\"inLanguage\":\"ca\",\"@id\":\"https:\/\/valderrobres-candida.com\/cat\/#\/schema\/person\/image\/\",\"url\":\"https:\/\/secure.gravatar.com\/avatar\/76fd4c271644e4e26cd86dc06e3e376a616136f923138060c3acbe8187b3d2bc?s=96&d=mm&r=g\",\"contentUrl\":\"https:\/\/secure.gravatar.com\/avatar\/76fd4c271644e4e26cd86dc06e3e376a616136f923138060c3acbe8187b3d2bc?s=96&d=mm&r=g\",\"caption\":\"Dona Candida\"},\"url\":\"https:\/\/valderrobres-candida.com\/cat\/blog\/author\/dona-candida\/\"}]}<\/script>\n<!-- \/ Yoast SEO plugin. -->","yoast_head_json":{"title":"El salto de la Portellada - Valderrobres Candida CAT","robots":{"index":"index","follow":"follow","max-snippet":"max-snippet:-1","max-image-preview":"max-image-preview:large","max-video-preview":"max-video-preview:-1"},"canonical":"https:\/\/valderrobres-candida.com\/cat\/blog\/2014\/11\/03\/el-salto-de-la-portellada\/","og_locale":"ca_ES","og_type":"article","og_title":"El salto de la Portellada - Valderrobres Candida CAT","og_description":"Quien ha estado en Matarra\u00f1a sabe todo lo que puede ofrecer su territorio: pueblos medievales, actividades, naturaleza, gastronom\u00eda, historia&#8230;son miles las personas que hablan maravillas de \u00e9ste rinc\u00f3n del planeta, y que explica sus visitas y las rutas que se esconden entre monta\u00f1as y r\u00edos. Tanto a pie, como en coche o en caballo, hay","og_url":"https:\/\/valderrobres-candida.com\/cat\/blog\/2014\/11\/03\/el-salto-de-la-portellada\/","og_site_name":"Valderrobres Candida CAT","article_published_time":"2014-11-03T11:18:55+00:00","article_modified_time":"2014-11-11T16:38:16+00:00","og_image":[{"width":700,"height":525,"url":"https:\/\/valderrobres-candida.com\/cat\/wp-content\/uploads\/sites\/4\/salt-de-la-portellada.jpg","type":"image\/jpeg"}],"author":"Dona Candida","twitter_card":"summary_large_image","twitter_misc":{"Escrit per":"Dona Candida","Temps estimat de lectura":"2 minuts"},"schema":{"@context":"https:\/\/schema.org","@graph":[{"@type":"Article","@id":"https:\/\/valderrobres-candida.com\/cat\/blog\/2014\/11\/03\/el-salto-de-la-portellada\/#article","isPartOf":{"@id":"https:\/\/valderrobres-candida.com\/cat\/blog\/2014\/11\/03\/el-salto-de-la-portellada\/"},"author":{"name":"Dona Candida","@id":"https:\/\/valderrobres-candida.com\/cat\/#\/schema\/person\/8613fd4f70379c16b4872f38d1586c86"},"headline":"El salto de la Portellada","datePublished":"2014-11-03T11:18:55+00:00","dateModified":"2014-11-11T16:38:16+00:00","mainEntityOfPage":{"@id":"https:\/\/valderrobres-candida.com\/cat\/blog\/2014\/11\/03\/el-salto-de-la-portellada\/"},"wordCount":334,"commentCount":0,"image":{"@id":"https:\/\/valderrobres-candida.com\/cat\/blog\/2014\/11\/03\/el-salto-de-la-portellada\/#primaryimage"},"thumbnailUrl":"https:\/\/valderrobres-candida.com\/cat\/wp-content\/uploads\/sites\/4\/salt-de-la-portellada.jpg","keywords":["matarra\u00f1a","rutas matarra\u00f1a","rutas matarranya","salt de la portellada","salto de la portellada"],"articleSection":["Rutas"],"inLanguage":"ca","potentialAction":[{"@type":"CommentAction","name":"Comment","target":["https:\/\/valderrobres-candida.com\/cat\/blog\/2014\/11\/03\/el-salto-de-la-portellada\/#respond"]}]},{"@type":"WebPage","@id":"https:\/\/valderrobres-candida.com\/cat\/blog\/2014\/11\/03\/el-salto-de-la-portellada\/","url":"https:\/\/valderrobres-candida.com\/cat\/blog\/2014\/11\/03\/el-salto-de-la-portellada\/","name":"El salto de la Portellada - Valderrobres Candida CAT","isPartOf":{"@id":"https:\/\/valderrobres-candida.com\/cat\/#website"},"primaryImageOfPage":{"@id":"https:\/\/valderrobres-candida.com\/cat\/blog\/2014\/11\/03\/el-salto-de-la-portellada\/#primaryimage"},"image":{"@id":"https:\/\/valderrobres-candida.com\/cat\/blog\/2014\/11\/03\/el-salto-de-la-portellada\/#primaryimage"},"thumbnailUrl":"https:\/\/valderrobres-candida.com\/cat\/wp-content\/uploads\/sites\/4\/salt-de-la-portellada.jpg","datePublished":"2014-11-03T11:18:55+00:00","dateModified":"2014-11-11T16:38:16+00:00","author":{"@id":"https:\/\/valderrobres-candida.com\/cat\/#\/schema\/person\/8613fd4f70379c16b4872f38d1586c86"},"breadcrumb":{"@id":"https:\/\/valderrobres-candida.com\/cat\/blog\/2014\/11\/03\/el-salto-de-la-portellada\/#breadcrumb"},"inLanguage":"ca","potentialAction":[{"@type":"ReadAction","target":["https:\/\/valderrobres-candida.com\/cat\/blog\/2014\/11\/03\/el-salto-de-la-portellada\/"]}]},{"@type":"ImageObject","inLanguage":"ca","@id":"https:\/\/valderrobres-candida.com\/cat\/blog\/2014\/11\/03\/el-salto-de-la-portellada\/#primaryimage","url":"https:\/\/valderrobres-candida.com\/cat\/wp-content\/uploads\/sites\/4\/salt-de-la-portellada.jpg","contentUrl":"https:\/\/valderrobres-candida.com\/cat\/wp-content\/uploads\/sites\/4\/salt-de-la-portellada.jpg","width":700,"height":525},{"@type":"BreadcrumbList","@id":"https:\/\/valderrobres-candida.com\/cat\/blog\/2014\/11\/03\/el-salto-de-la-portellada\/#breadcrumb","itemListElement":[{"@type":"ListItem","position":1,"name":"Portada","item":"https:\/\/valderrobres-candida.com\/cat\/"},{"@type":"ListItem","position":2,"name":"El salto de la Portellada"}]},{"@type":"WebSite","@id":"https:\/\/valderrobres-candida.com\/cat\/#website","url":"https:\/\/valderrobres-candida.com\/cat\/","name":"Valderrobres Candida CAT","description":"","potentialAction":[{"@type":"SearchAction","target":{"@type":"EntryPoint","urlTemplate":"https:\/\/valderrobres-candida.com\/cat\/?s={search_term_string}"},"query-input":{"@type":"PropertyValueSpecification","valueRequired":true,"valueName":"search_term_string"}}],"inLanguage":"ca"},{"@type":"Person","@id":"https:\/\/valderrobres-candida.com\/cat\/#\/schema\/person\/8613fd4f70379c16b4872f38d1586c86","name":"Dona Candida","image":{"@type":"ImageObject","inLanguage":"ca","@id":"https:\/\/valderrobres-candida.com\/cat\/#\/schema\/person\/image\/","url":"https:\/\/secure.gravatar.com\/avatar\/76fd4c271644e4e26cd86dc06e3e376a616136f923138060c3acbe8187b3d2bc?s=96&d=mm&r=g","contentUrl":"https:\/\/secure.gravatar.com\/avatar\/76fd4c271644e4e26cd86dc06e3e376a616136f923138060c3acbe8187b3d2bc?s=96&d=mm&r=g","caption":"Dona Candida"},"url":"https:\/\/valderrobres-candida.com\/cat\/blog\/author\/dona-candida\/"}]}},"_links":{"self":[{"href":"https:\/\/valderrobres-candida.com\/cat\/wp-json\/wp\/v2\/posts\/482","targetHints":{"allow":["GET"]}}],"collection":[{"href":"https:\/\/valderrobres-candida.com\/cat\/wp-json\/wp\/v2\/posts"}],"about":[{"href":"https:\/\/valderrobres-candida.com\/cat\/wp-json\/wp\/v2\/types\/post"}],"author":[{"embeddable":true,"href":"https:\/\/valderrobres-candida.com\/cat\/wp-json\/wp\/v2\/users\/2"}],"replies":[{"embeddable":true,"href":"https:\/\/valderrobres-candida.com\/cat\/wp-json\/wp\/v2\/comments?post=482"}],"version-history":[{"count":5,"href":"https:\/\/valderrobres-candida.com\/cat\/wp-json\/wp\/v2\/posts\/482\/revisions"}],"predecessor-version":[{"id":539,"href":"https:\/\/valderrobres-candida.com\/cat\/wp-json\/wp\/v2\/posts\/482\/revisions\/539"}],"wp:featuredmedia":[{"embeddable":true,"href":"https:\/\/valderrobres-candida.com\/cat\/wp-json\/wp\/v2\/media\/485"}],"wp:attachment":[{"href":"https:\/\/valderrobres-candida.com\/cat\/wp-json\/wp\/v2\/media?parent=482"}],"wp:term":[{"taxonomy":"category","embeddable":true,"href":"https:\/\/valderrobres-candida.com\/cat\/wp-json\/wp\/v2\/categories?post=482"},{"taxonomy":"post_tag","embeddable":true,"href":"https:\/\/valderrobres-candida.com\/cat\/wp-json\/wp\/v2\/tags?post=482"}],"curies":[{"name":"wp","href":"https:\/\/api.w.org\/{rel}","templated":true}]}}