{"id":552,"date":"2014-11-19T11:03:12","date_gmt":"2014-11-19T11:03:12","guid":{"rendered":"http:\/\/valderrobres-candida.com\/?p=552"},"modified":"2014-11-21T10:19:43","modified_gmt":"2014-11-21T10:19:43","slug":"desconecta-en-parque-natural-dels-ports","status":"publish","type":"post","link":"https:\/\/valderrobres-candida.com\/cat\/blog\/2014\/11\/19\/desconecta-en-parque-natural-dels-ports\/","title":{"rendered":"Desconecta en el Parque Natural dels Ports"},"content":{"rendered":"<p>Buenos d\u00edas, hoy queremos contaros un poco sobre una zona de paisaje incre\u00edble y fuente de recursos naturales que deber\u00edas conocer, se trata del <a href=\"http:\/\/parcsnaturals.gencat.cat\/ca\/ports\"><strong>Parque Natural dels Ports.<\/strong><\/a><\/p>\n<p><a href=\"http:\/\/valderrobres-candida.com\/wp-content\/uploads\/Els_Ports.jpg\"><img loading=\"lazy\" decoding=\"async\" width=\"300\" height=\"225\" class=\"aligncenter size-medium wp-image-553\" src=\"http:\/\/valderrobres-candida.com\/wp-content\/uploads\/Els_Ports-300x225.jpg\" alt=\"Els_Ports\" srcset=\"https:\/\/valderrobres-candida.com\/cat\/wp-content\/uploads\/sites\/4\/Els_Ports-300x225.jpg 300w, https:\/\/valderrobres-candida.com\/cat\/wp-content\/uploads\/sites\/4\/Els_Ports-1024x768.jpg 1024w, https:\/\/valderrobres-candida.com\/cat\/wp-content\/uploads\/sites\/4\/Els_Ports-100x75.jpg 100w, https:\/\/valderrobres-candida.com\/cat\/wp-content\/uploads\/sites\/4\/Els_Ports.jpg 1200w\" sizes=\"auto, (max-width: 300px) 100vw, 300px\" \/><\/a><\/p>\n<p>El Paque est\u00e1 situado en las monta\u00f1as que dan paso entre Catalu\u00f1a, Arag\u00f3n y Valencia. Son un macizo calc\u00e1reo de relieve escarpado que sobrepasa los l\u00edmites de las Terres de l&#8217;Ebre y se adentra en las provincias de Teruel. Desde tiempos prehist\u00f3ricos, ha estado humanizado ya que es un gran recurso para la subsistencia del ser humano. Aun as\u00ed, el territorio sigue siendo un <strong>espacio foreste y lleno de vida salvaje<\/strong>. Es por eso que se trata de una reserva natural.<a href=\"http:\/\/valderrobres-candida.com\/wp-content\/uploads\/parc-natural-dels-ports-1_original.jpg\"><br \/>\n<\/a><\/p>\n<p>&nbsp;<\/p>\n<p>All\u00ed existe una <strong>gran riqueza de fauna y flora<\/strong>: esas sierras son el refugio de muchas especies animales y vegetales en peligro de extinci\u00f3n, por lo que \u00a1hay que valorarlas! Un ejemplo son la cabra hisp\u00e1nica y las poblaciones de haya.<\/p>\n<p><a href=\"http:\/\/valderrobres-candida.com\/wp-content\/uploads\/jj.jpg\"><img loading=\"lazy\" decoding=\"async\" width=\"225\" height=\"300\" class=\"aligncenter size-medium wp-image-554\" src=\"http:\/\/valderrobres-candida.com\/wp-content\/uploads\/parc-natural-dels-ports-1_original-225x300.jpg\" alt=\"parc-natural-dels-ports-1_original\" srcset=\"https:\/\/valderrobres-candida.com\/cat\/wp-content\/uploads\/sites\/4\/parc-natural-dels-ports-1_original-225x300.jpg 225w, https:\/\/valderrobres-candida.com\/cat\/wp-content\/uploads\/sites\/4\/parc-natural-dels-ports-1_original-768x1024.jpg 768w, https:\/\/valderrobres-candida.com\/cat\/wp-content\/uploads\/sites\/4\/parc-natural-dels-ports-1_original-75x100.jpg 75w, https:\/\/valderrobres-candida.com\/cat\/wp-content\/uploads\/sites\/4\/parc-natural-dels-ports-1_original.jpg 1050w\" sizes=\"auto, (max-width: 225px) 100vw, 225px\" \/><img loading=\"lazy\" decoding=\"async\" width=\"240\" height=\"160\" class=\"aligncenter size-full wp-image-555\" src=\"http:\/\/valderrobres-candida.com\/wp-content\/uploads\/jj.jpg\" alt=\"jj\" srcset=\"https:\/\/valderrobres-candida.com\/cat\/wp-content\/uploads\/sites\/4\/jj.jpg 240w, https:\/\/valderrobres-candida.com\/cat\/wp-content\/uploads\/sites\/4\/jj-100x66.jpg 100w\" sizes=\"auto, (max-width: 240px) 100vw, 240px\" \/><\/a><\/p>\n<p>&nbsp;<\/p>\n<p>Desde que en 2001<strong> fue declarado patrimonio de la humanidad<\/strong>, en los n\u00facleos de Roquetes, La S\u00e9nia y Horta de Sant Joan se pueden visitar diversos centros de interpretaci\u00f3n que ayudan a conocer la riqueza natural y cultural que se esconde en el interior de estas monta\u00f1as.\u00a0\u00a1No te lo pierdas!<\/p>\n<p>Si sales<strong> desde Valderrobres<\/strong>, s\u00f3lo tardar\u00e1s una hora: s\u00f3lo tienes que ir direcci\u00f3n sud de Av. Hispanidad hacia Calle san Crist\u00f3bal, y all\u00ed coger la autopista A-231 hasta Catalu\u00f1a siguiendo las direcciones hasta el parque natural, siempre por la carretera principal.<\/p>\n<p>Si quieres evadirte y disfrutar de la naturaleza\u2026 \u00a1Esa es tu opci\u00f3n!<\/p>\n","protected":false},"excerpt":{"rendered":"<p>Buenos d\u00edas, hoy queremos contaros un poco sobre una zona de paisaje incre\u00edble y fuente de recursos naturales que deber\u00edas conocer, se trata del <a href=\"http:\/\/parcsnaturals.gencat.cat\/ca\/ports\"><strong>Parque Natural dels Ports.<\/strong><\/a> El Paque est\u00e1 situado en las monta\u00f1as que dan paso entre Catalu\u00f1a, Arag\u00f3n y Valencia. Son un macizo calc\u00e1reo de relieve escarpado que sobrepasa los l\u00edmites de las Terres de l&#8217;Ebre y se adentra en las provincias de Teruel.<\/p>\n","protected":false},"author":2,"featured_media":553,"comment_status":"open","ping_status":"open","sticky":false,"template":"","format":"standard","meta":{"footnotes":""},"categories":[15,13],"tags":[8,33,19,32,28],"class_list":["post-552","post","type-post","status-publish","format-standard","has-post-thumbnail","hentry","category-puertos","category-rutas","tag-aragon","tag-parc-natural-dels-ports","tag-rutas-matarrana","tag-turismo-rural","tag-valderrobres"],"yoast_head":"<!-- This site is optimized with the Yoast SEO plugin v26.7 - https:\/\/yoast.com\/wordpress\/plugins\/seo\/ -->\n<title>parque natural els ports<\/title>\n<meta name=\"description\" content=\"El Paque est\u00e1 situado en las monta\u00f1as entre Catalu\u00f1a, Arag\u00f3n y Valencia.sobrepasa los l\u00edmites de las Terres de l&#039;Ebre y se adentra en Teruel.\" \/>\n<meta name=\"robots\" content=\"index, follow, max-snippet:-1, max-image-preview:large, max-video-preview:-1\" \/>\n<link rel=\"canonical\" href=\"https:\/\/valderrobres-candida.com\/cat\/blog\/2014\/11\/19\/desconecta-en-parque-natural-dels-ports\/\" \/>\n<meta property=\"og:locale\" content=\"ca_ES\" \/>\n<meta property=\"og:type\" content=\"article\" \/>\n<meta property=\"og:title\" content=\"parque natural els ports\" \/>\n<meta property=\"og:description\" content=\"El Paque est\u00e1 situado en las monta\u00f1as entre Catalu\u00f1a, Arag\u00f3n y Valencia.sobrepasa los l\u00edmites de las Terres de l&#039;Ebre y se adentra en Teruel.\" \/>\n<meta property=\"og:url\" content=\"https:\/\/valderrobres-candida.com\/cat\/blog\/2014\/11\/19\/desconecta-en-parque-natural-dels-ports\/\" \/>\n<meta property=\"og:site_name\" content=\"Valderrobres Candida CAT\" \/>\n<meta property=\"article:published_time\" content=\"2014-11-19T11:03:12+00:00\" \/>\n<meta property=\"article:modified_time\" content=\"2014-11-21T10:19:43+00:00\" \/>\n<meta property=\"og:image\" content=\"https:\/\/valderrobres-candida.com\/cat\/wp-content\/uploads\/sites\/4\/Els_Ports.jpg\" \/>\n\t<meta property=\"og:image:width\" content=\"1200\" \/>\n\t<meta property=\"og:image:height\" content=\"900\" \/>\n\t<meta property=\"og:image:type\" content=\"image\/jpeg\" \/>\n<meta name=\"author\" content=\"Dona Candida\" \/>\n<meta name=\"twitter:card\" content=\"summary_large_image\" \/>\n<meta name=\"twitter:label1\" content=\"Escrit per\" \/>\n\t<meta name=\"twitter:data1\" content=\"Dona Candida\" \/>\n\t<meta name=\"twitter:label2\" content=\"Temps estimat de lectura\" \/>\n\t<meta name=\"twitter:data2\" content=\"1 minut\" \/>\n<script type=\"application\/ld+json\" class=\"yoast-schema-graph\">{\"@context\":\"https:\/\/schema.org\",\"@graph\":[{\"@type\":\"Article\",\"@id\":\"https:\/\/valderrobres-candida.com\/cat\/blog\/2014\/11\/19\/desconecta-en-parque-natural-dels-ports\/#article\",\"isPartOf\":{\"@id\":\"https:\/\/valderrobres-candida.com\/cat\/blog\/2014\/11\/19\/desconecta-en-parque-natural-dels-ports\/\"},\"author\":{\"name\":\"Dona Candida\",\"@id\":\"https:\/\/valderrobres-candida.com\/cat\/#\/schema\/person\/8613fd4f70379c16b4872f38d1586c86\"},\"headline\":\"Desconecta en el Parque Natural dels Ports\",\"datePublished\":\"2014-11-19T11:03:12+00:00\",\"dateModified\":\"2014-11-21T10:19:43+00:00\",\"mainEntityOfPage\":{\"@id\":\"https:\/\/valderrobres-candida.com\/cat\/blog\/2014\/11\/19\/desconecta-en-parque-natural-dels-ports\/\"},\"wordCount\":284,\"commentCount\":0,\"image\":{\"@id\":\"https:\/\/valderrobres-candida.com\/cat\/blog\/2014\/11\/19\/desconecta-en-parque-natural-dels-ports\/#primaryimage\"},\"thumbnailUrl\":\"https:\/\/valderrobres-candida.com\/cat\/wp-content\/uploads\/sites\/4\/Els_Ports.jpg\",\"keywords\":[\"arag\u00f3n\",\"Parc natural dels ports\",\"rutas matarra\u00f1a\",\"turismo rural\",\"valderrobres\"],\"articleSection\":[\"Puertos\",\"Rutas\"],\"inLanguage\":\"ca\",\"potentialAction\":[{\"@type\":\"CommentAction\",\"name\":\"Comment\",\"target\":[\"https:\/\/valderrobres-candida.com\/cat\/blog\/2014\/11\/19\/desconecta-en-parque-natural-dels-ports\/#respond\"]}]},{\"@type\":\"WebPage\",\"@id\":\"https:\/\/valderrobres-candida.com\/cat\/blog\/2014\/11\/19\/desconecta-en-parque-natural-dels-ports\/\",\"url\":\"https:\/\/valderrobres-candida.com\/cat\/blog\/2014\/11\/19\/desconecta-en-parque-natural-dels-ports\/\",\"name\":\"parque natural els ports\",\"isPartOf\":{\"@id\":\"https:\/\/valderrobres-candida.com\/cat\/#website\"},\"primaryImageOfPage\":{\"@id\":\"https:\/\/valderrobres-candida.com\/cat\/blog\/2014\/11\/19\/desconecta-en-parque-natural-dels-ports\/#primaryimage\"},\"image\":{\"@id\":\"https:\/\/valderrobres-candida.com\/cat\/blog\/2014\/11\/19\/desconecta-en-parque-natural-dels-ports\/#primaryimage\"},\"thumbnailUrl\":\"https:\/\/valderrobres-candida.com\/cat\/wp-content\/uploads\/sites\/4\/Els_Ports.jpg\",\"datePublished\":\"2014-11-19T11:03:12+00:00\",\"dateModified\":\"2014-11-21T10:19:43+00:00\",\"author\":{\"@id\":\"https:\/\/valderrobres-candida.com\/cat\/#\/schema\/person\/8613fd4f70379c16b4872f38d1586c86\"},\"description\":\"El Paque est\u00e1 situado en las monta\u00f1as entre Catalu\u00f1a, Arag\u00f3n y Valencia.sobrepasa los l\u00edmites de las Terres de l'Ebre y se adentra en Teruel.\",\"breadcrumb\":{\"@id\":\"https:\/\/valderrobres-candida.com\/cat\/blog\/2014\/11\/19\/desconecta-en-parque-natural-dels-ports\/#breadcrumb\"},\"inLanguage\":\"ca\",\"potentialAction\":[{\"@type\":\"ReadAction\",\"target\":[\"https:\/\/valderrobres-candida.com\/cat\/blog\/2014\/11\/19\/desconecta-en-parque-natural-dels-ports\/\"]}]},{\"@type\":\"ImageObject\",\"inLanguage\":\"ca\",\"@id\":\"https:\/\/valderrobres-candida.com\/cat\/blog\/2014\/11\/19\/desconecta-en-parque-natural-dels-ports\/#primaryimage\",\"url\":\"https:\/\/valderrobres-candida.com\/cat\/wp-content\/uploads\/sites\/4\/Els_Ports.jpg\",\"contentUrl\":\"https:\/\/valderrobres-candida.com\/cat\/wp-content\/uploads\/sites\/4\/Els_Ports.jpg\",\"width\":1200,\"height\":900},{\"@type\":\"BreadcrumbList\",\"@id\":\"https:\/\/valderrobres-candida.com\/cat\/blog\/2014\/11\/19\/desconecta-en-parque-natural-dels-ports\/#breadcrumb\",\"itemListElement\":[{\"@type\":\"ListItem\",\"position\":1,\"name\":\"Portada\",\"item\":\"https:\/\/valderrobres-candida.com\/cat\/\"},{\"@type\":\"ListItem\",\"position\":2,\"name\":\"Desconecta en el Parque Natural dels Ports\"}]},{\"@type\":\"WebSite\",\"@id\":\"https:\/\/valderrobres-candida.com\/cat\/#website\",\"url\":\"https:\/\/valderrobres-candida.com\/cat\/\",\"name\":\"Valderrobres Candida CAT\",\"description\":\"\",\"potentialAction\":[{\"@type\":\"SearchAction\",\"target\":{\"@type\":\"EntryPoint\",\"urlTemplate\":\"https:\/\/valderrobres-candida.com\/cat\/?s={search_term_string}\"},\"query-input\":{\"@type\":\"PropertyValueSpecification\",\"valueRequired\":true,\"valueName\":\"search_term_string\"}}],\"inLanguage\":\"ca\"},{\"@type\":\"Person\",\"@id\":\"https:\/\/valderrobres-candida.com\/cat\/#\/schema\/person\/8613fd4f70379c16b4872f38d1586c86\",\"name\":\"Dona Candida\",\"image\":{\"@type\":\"ImageObject\",\"inLanguage\":\"ca\",\"@id\":\"https:\/\/valderrobres-candida.com\/cat\/#\/schema\/person\/image\/\",\"url\":\"https:\/\/secure.gravatar.com\/avatar\/76fd4c271644e4e26cd86dc06e3e376a616136f923138060c3acbe8187b3d2bc?s=96&d=mm&r=g\",\"contentUrl\":\"https:\/\/secure.gravatar.com\/avatar\/76fd4c271644e4e26cd86dc06e3e376a616136f923138060c3acbe8187b3d2bc?s=96&d=mm&r=g\",\"caption\":\"Dona Candida\"},\"url\":\"https:\/\/valderrobres-candida.com\/cat\/blog\/author\/dona-candida\/\"}]}<\/script>\n<!-- \/ Yoast SEO plugin. -->","yoast_head_json":{"title":"parque natural els ports","description":"El Paque est\u00e1 situado en las monta\u00f1as entre Catalu\u00f1a, Arag\u00f3n y Valencia.sobrepasa los l\u00edmites de las Terres de l'Ebre y se adentra en Teruel.","robots":{"index":"index","follow":"follow","max-snippet":"max-snippet:-1","max-image-preview":"max-image-preview:large","max-video-preview":"max-video-preview:-1"},"canonical":"https:\/\/valderrobres-candida.com\/cat\/blog\/2014\/11\/19\/desconecta-en-parque-natural-dels-ports\/","og_locale":"ca_ES","og_type":"article","og_title":"parque natural els ports","og_description":"El Paque est\u00e1 situado en las monta\u00f1as entre Catalu\u00f1a, Arag\u00f3n y Valencia.sobrepasa los l\u00edmites de las Terres de l'Ebre y se adentra en Teruel.","og_url":"https:\/\/valderrobres-candida.com\/cat\/blog\/2014\/11\/19\/desconecta-en-parque-natural-dels-ports\/","og_site_name":"Valderrobres Candida CAT","article_published_time":"2014-11-19T11:03:12+00:00","article_modified_time":"2014-11-21T10:19:43+00:00","og_image":[{"width":1200,"height":900,"url":"https:\/\/valderrobres-candida.com\/cat\/wp-content\/uploads\/sites\/4\/Els_Ports.jpg","type":"image\/jpeg"}],"author":"Dona Candida","twitter_card":"summary_large_image","twitter_misc":{"Escrit per":"Dona Candida","Temps estimat de lectura":"1 minut"},"schema":{"@context":"https:\/\/schema.org","@graph":[{"@type":"Article","@id":"https:\/\/valderrobres-candida.com\/cat\/blog\/2014\/11\/19\/desconecta-en-parque-natural-dels-ports\/#article","isPartOf":{"@id":"https:\/\/valderrobres-candida.com\/cat\/blog\/2014\/11\/19\/desconecta-en-parque-natural-dels-ports\/"},"author":{"name":"Dona Candida","@id":"https:\/\/valderrobres-candida.com\/cat\/#\/schema\/person\/8613fd4f70379c16b4872f38d1586c86"},"headline":"Desconecta en el Parque Natural dels Ports","datePublished":"2014-11-19T11:03:12+00:00","dateModified":"2014-11-21T10:19:43+00:00","mainEntityOfPage":{"@id":"https:\/\/valderrobres-candida.com\/cat\/blog\/2014\/11\/19\/desconecta-en-parque-natural-dels-ports\/"},"wordCount":284,"commentCount":0,"image":{"@id":"https:\/\/valderrobres-candida.com\/cat\/blog\/2014\/11\/19\/desconecta-en-parque-natural-dels-ports\/#primaryimage"},"thumbnailUrl":"https:\/\/valderrobres-candida.com\/cat\/wp-content\/uploads\/sites\/4\/Els_Ports.jpg","keywords":["arag\u00f3n","Parc natural dels ports","rutas matarra\u00f1a","turismo rural","valderrobres"],"articleSection":["Puertos","Rutas"],"inLanguage":"ca","potentialAction":[{"@type":"CommentAction","name":"Comment","target":["https:\/\/valderrobres-candida.com\/cat\/blog\/2014\/11\/19\/desconecta-en-parque-natural-dels-ports\/#respond"]}]},{"@type":"WebPage","@id":"https:\/\/valderrobres-candida.com\/cat\/blog\/2014\/11\/19\/desconecta-en-parque-natural-dels-ports\/","url":"https:\/\/valderrobres-candida.com\/cat\/blog\/2014\/11\/19\/desconecta-en-parque-natural-dels-ports\/","name":"parque natural els ports","isPartOf":{"@id":"https:\/\/valderrobres-candida.com\/cat\/#website"},"primaryImageOfPage":{"@id":"https:\/\/valderrobres-candida.com\/cat\/blog\/2014\/11\/19\/desconecta-en-parque-natural-dels-ports\/#primaryimage"},"image":{"@id":"https:\/\/valderrobres-candida.com\/cat\/blog\/2014\/11\/19\/desconecta-en-parque-natural-dels-ports\/#primaryimage"},"thumbnailUrl":"https:\/\/valderrobres-candida.com\/cat\/wp-content\/uploads\/sites\/4\/Els_Ports.jpg","datePublished":"2014-11-19T11:03:12+00:00","dateModified":"2014-11-21T10:19:43+00:00","author":{"@id":"https:\/\/valderrobres-candida.com\/cat\/#\/schema\/person\/8613fd4f70379c16b4872f38d1586c86"},"description":"El Paque est\u00e1 situado en las monta\u00f1as entre Catalu\u00f1a, Arag\u00f3n y Valencia.sobrepasa los l\u00edmites de las Terres de l'Ebre y se adentra en Teruel.","breadcrumb":{"@id":"https:\/\/valderrobres-candida.com\/cat\/blog\/2014\/11\/19\/desconecta-en-parque-natural-dels-ports\/#breadcrumb"},"inLanguage":"ca","potentialAction":[{"@type":"ReadAction","target":["https:\/\/valderrobres-candida.com\/cat\/blog\/2014\/11\/19\/desconecta-en-parque-natural-dels-ports\/"]}]},{"@type":"ImageObject","inLanguage":"ca","@id":"https:\/\/valderrobres-candida.com\/cat\/blog\/2014\/11\/19\/desconecta-en-parque-natural-dels-ports\/#primaryimage","url":"https:\/\/valderrobres-candida.com\/cat\/wp-content\/uploads\/sites\/4\/Els_Ports.jpg","contentUrl":"https:\/\/valderrobres-candida.com\/cat\/wp-content\/uploads\/sites\/4\/Els_Ports.jpg","width":1200,"height":900},{"@type":"BreadcrumbList","@id":"https:\/\/valderrobres-candida.com\/cat\/blog\/2014\/11\/19\/desconecta-en-parque-natural-dels-ports\/#breadcrumb","itemListElement":[{"@type":"ListItem","position":1,"name":"Portada","item":"https:\/\/valderrobres-candida.com\/cat\/"},{"@type":"ListItem","position":2,"name":"Desconecta en el Parque Natural dels Ports"}]},{"@type":"WebSite","@id":"https:\/\/valderrobres-candida.com\/cat\/#website","url":"https:\/\/valderrobres-candida.com\/cat\/","name":"Valderrobres Candida CAT","description":"","potentialAction":[{"@type":"SearchAction","target":{"@type":"EntryPoint","urlTemplate":"https:\/\/valderrobres-candida.com\/cat\/?s={search_term_string}"},"query-input":{"@type":"PropertyValueSpecification","valueRequired":true,"valueName":"search_term_string"}}],"inLanguage":"ca"},{"@type":"Person","@id":"https:\/\/valderrobres-candida.com\/cat\/#\/schema\/person\/8613fd4f70379c16b4872f38d1586c86","name":"Dona Candida","image":{"@type":"ImageObject","inLanguage":"ca","@id":"https:\/\/valderrobres-candida.com\/cat\/#\/schema\/person\/image\/","url":"https:\/\/secure.gravatar.com\/avatar\/76fd4c271644e4e26cd86dc06e3e376a616136f923138060c3acbe8187b3d2bc?s=96&d=mm&r=g","contentUrl":"https:\/\/secure.gravatar.com\/avatar\/76fd4c271644e4e26cd86dc06e3e376a616136f923138060c3acbe8187b3d2bc?s=96&d=mm&r=g","caption":"Dona Candida"},"url":"https:\/\/valderrobres-candida.com\/cat\/blog\/author\/dona-candida\/"}]}},"_links":{"self":[{"href":"https:\/\/valderrobres-candida.com\/cat\/wp-json\/wp\/v2\/posts\/552","targetHints":{"allow":["GET"]}}],"collection":[{"href":"https:\/\/valderrobres-candida.com\/cat\/wp-json\/wp\/v2\/posts"}],"about":[{"href":"https:\/\/valderrobres-candida.com\/cat\/wp-json\/wp\/v2\/types\/post"}],"author":[{"embeddable":true,"href":"https:\/\/valderrobres-candida.com\/cat\/wp-json\/wp\/v2\/users\/2"}],"replies":[{"embeddable":true,"href":"https:\/\/valderrobres-candida.com\/cat\/wp-json\/wp\/v2\/comments?post=552"}],"version-history":[{"count":3,"href":"https:\/\/valderrobres-candida.com\/cat\/wp-json\/wp\/v2\/posts\/552\/revisions"}],"predecessor-version":[{"id":559,"href":"https:\/\/valderrobres-candida.com\/cat\/wp-json\/wp\/v2\/posts\/552\/revisions\/559"}],"wp:featuredmedia":[{"embeddable":true,"href":"https:\/\/valderrobres-candida.com\/cat\/wp-json\/wp\/v2\/media\/553"}],"wp:attachment":[{"href":"https:\/\/valderrobres-candida.com\/cat\/wp-json\/wp\/v2\/media?parent=552"}],"wp:term":[{"taxonomy":"category","embeddable":true,"href":"https:\/\/valderrobres-candida.com\/cat\/wp-json\/wp\/v2\/categories?post=552"},{"taxonomy":"post_tag","embeddable":true,"href":"https:\/\/valderrobres-candida.com\/cat\/wp-json\/wp\/v2\/tags?post=552"}],"curies":[{"name":"wp","href":"https:\/\/api.w.org\/{rel}","templated":true}]}}