{"id":612,"date":"2014-12-18T11:28:19","date_gmt":"2014-12-18T11:28:19","guid":{"rendered":"http:\/\/valderrobres-candida.com\/?p=612"},"modified":"2014-12-18T11:28:19","modified_gmt":"2014-12-18T11:28:19","slug":"calaceite-pueblo-del-matarrana","status":"publish","type":"post","link":"https:\/\/valderrobres-candida.com\/cat\/blog\/2014\/12\/18\/calaceite-pueblo-del-matarrana\/","title":{"rendered":"Calaceite, pueblo del Matarra\u00f1a"},"content":{"rendered":"<p><strong>El Matarra\u00f1a<\/strong> es una de las diez comarcas de la<strong> provincia de Teruel<\/strong>. Est\u00e1 constituida por <strong>18 pintorescos pueblos<\/strong> de gran belleza tanto hist\u00f3rica como natural, de los cuales dos han sido reconocidas como parte de las poblaciones m\u00e1s bonitas de Espa\u00f1a, entre ellas Valderrobres.<\/p>\n<p><a href=\"http:\/\/valderrobres-candida.com\/wp-content\/uploads\/matarra\u00f1a-2.jpg\"><img loading=\"lazy\" decoding=\"async\" width=\"300\" height=\"200\" class=\"aligncenter size-medium wp-image-614\" src=\"http:\/\/valderrobres-candida.com\/wp-content\/uploads\/matarra\u00f1a-2-300x200.jpg\" alt=\"matarra\u00f1a-2\" srcset=\"https:\/\/valderrobres-candida.com\/cat\/wp-content\/uploads\/sites\/4\/matarra\u00f1a-2-300x200.jpg 300w, https:\/\/valderrobres-candida.com\/cat\/wp-content\/uploads\/sites\/4\/matarra\u00f1a-2-1024x682.jpg 1024w, https:\/\/valderrobres-candida.com\/cat\/wp-content\/uploads\/sites\/4\/matarra\u00f1a-2-100x66.jpg 100w, https:\/\/valderrobres-candida.com\/cat\/wp-content\/uploads\/sites\/4\/matarra\u00f1a-2-330x220.jpg 330w, https:\/\/valderrobres-candida.com\/cat\/wp-content\/uploads\/sites\/4\/matarra\u00f1a-2-450x300.jpg 450w\" sizes=\"auto, (max-width: 300px) 100vw, 300px\" \/><\/a><\/p>\n<p>Fachadas de piedra, balcones de forja y rom\u00e1nticos decorados modernistas\u2026es <strong>como si se hubiera parado el reloj<\/strong> en tiempos de la postguerra.<\/p>\n<p>&nbsp;<\/p>\n<p><a href=\"http:\/\/valderrobres-candida.com\/wp-content\/uploads\/imagenes_Calle_Maella_10_cc7a77cc.jpg\"><img loading=\"lazy\" decoding=\"async\" width=\"300\" height=\"225\" class=\"aligncenter size-medium wp-image-616\" src=\"http:\/\/valderrobres-candida.com\/wp-content\/uploads\/imagenes_Calle_Maella_10_cc7a77cc-300x225.jpg\" alt=\"imagenes_Calle_Maella_(10)_cc7a77cc\" srcset=\"https:\/\/valderrobres-candida.com\/cat\/wp-content\/uploads\/sites\/4\/imagenes_Calle_Maella_10_cc7a77cc-300x225.jpg 300w, https:\/\/valderrobres-candida.com\/cat\/wp-content\/uploads\/sites\/4\/imagenes_Calle_Maella_10_cc7a77cc-100x75.jpg 100w, https:\/\/valderrobres-candida.com\/cat\/wp-content\/uploads\/sites\/4\/imagenes_Calle_Maella_10_cc7a77cc.jpg 1024w\" sizes=\"auto, (max-width: 300px) 100vw, 300px\" \/><\/a><\/p>\n<p>Toda la zona est\u00e1 rodeada de un paisaje incre\u00edble, gracias tambi\u00e9n a los espectaculares r\u00edos que la rodean y la dotan de agua, vida y ese verde tan particular. <strong>Caminar por sus calles empinadas y des\u00e9rticas<\/strong> en busca de paz es un derecho y casi una obligaci\u00f3n, as\u00ed como algo dif\u00edcil de hacer entre el ruido y el estr\u00e9s de la ciudad.<\/p>\n<p><img loading=\"lazy\" decoding=\"async\" width=\"300\" height=\"198\" class=\"aligncenter size-medium wp-image-615\" src=\"http:\/\/valderrobres-candida.com\/wp-content\/uploads\/calaceite2-300x198.jpg\" alt=\"calaceite2\" srcset=\"https:\/\/valderrobres-candida.com\/cat\/wp-content\/uploads\/sites\/4\/calaceite2-300x198.jpg 300w, https:\/\/valderrobres-candida.com\/cat\/wp-content\/uploads\/sites\/4\/calaceite2-100x66.jpg 100w, https:\/\/valderrobres-candida.com\/cat\/wp-content\/uploads\/sites\/4\/calaceite2.jpg 640w\" sizes=\"auto, (max-width: 300px) 100vw, 300px\" \/><\/p>\n<p>Los pueblos, <strong>rodeados de olivos milenarios y grandes extensiones de vi\u00f1as<\/strong> y bosques, esconden tambi\u00e9n <strong>mas\u00edas y casas medio destruidas<\/strong> por el paso del tiempo.<\/p>\n<p><a href=\"http:\/\/valderrobres-candida.com\/wp-content\/uploads\/olivos.jpg\"><img loading=\"lazy\" decoding=\"async\" width=\"300\" height=\"130\" class=\"aligncenter size-medium wp-image-617\" src=\"http:\/\/valderrobres-candida.com\/wp-content\/uploads\/olivos-300x130.jpg\" alt=\"olivos\" srcset=\"https:\/\/valderrobres-candida.com\/cat\/wp-content\/uploads\/sites\/4\/olivos-300x130.jpg 300w, https:\/\/valderrobres-candida.com\/cat\/wp-content\/uploads\/sites\/4\/olivos-100x43.jpg 100w, https:\/\/valderrobres-candida.com\/cat\/wp-content\/uploads\/sites\/4\/olivos.jpg 340w\" sizes=\"auto, (max-width: 300px) 100vw, 300px\" \/><\/a><\/p>\n<p>Ya conoces un poquito de Valderrobres, pero \u00bfsabes que hay mucho m\u00e1s? Cerca de nuestro pueblo puedes encontrar otros sitios preciosos para visitar. Entre ellos est\u00e1n <strong>Beceite, Cretas y Calaceite.<\/strong><\/p>\n<p><strong>Calaceite,<\/strong> tambi\u00e9n <strong>declarado conjunto hist\u00f3rico- art\u00edstico<\/strong>, permite pasearte por sus<strong> preciosas calles, iglesias o plazas<\/strong>. El portal y la capilla de San Antonio, su casco urbano, la plaza de Espa\u00f1a o la de los artistas, as\u00ed como la Iglesia Parroquial de la Asunci\u00f3n, \u00a1todo un must!<\/p>\n<p><a href=\"http:\/\/valderrobres-candida.com\/wp-content\/uploads\/Calaceite_V.jpg\"><img loading=\"lazy\" decoding=\"async\" width=\"300\" height=\"212\" class=\"aligncenter size-medium wp-image-619\" src=\"http:\/\/valderrobres-candida.com\/wp-content\/uploads\/Calaceite_V-300x212.jpg\" alt=\"Calaceite_(V)\" srcset=\"https:\/\/valderrobres-candida.com\/cat\/wp-content\/uploads\/sites\/4\/Calaceite_V-300x212.jpg 300w, https:\/\/valderrobres-candida.com\/cat\/wp-content\/uploads\/sites\/4\/Calaceite_V-1024x724.jpg 1024w, https:\/\/valderrobres-candida.com\/cat\/wp-content\/uploads\/sites\/4\/Calaceite_V-100x70.jpg 100w\" sizes=\"auto, (max-width: 300px) 100vw, 300px\" \/><\/a><\/p>\n<p><a href=\"http:\/\/valderrobres-candida.com\/wp-content\/uploads\/calaceite3.jpg\"><img loading=\"lazy\" decoding=\"async\" width=\"198\" height=\"300\" class=\"aligncenter size-medium wp-image-620\" src=\"http:\/\/valderrobres-candida.com\/wp-content\/uploads\/calaceite3-198x300.jpg\" alt=\"calaceite3\" srcset=\"https:\/\/valderrobres-candida.com\/cat\/wp-content\/uploads\/sites\/4\/calaceite3-198x300.jpg 198w, https:\/\/valderrobres-candida.com\/cat\/wp-content\/uploads\/sites\/4\/calaceite3-66x100.jpg 66w, https:\/\/valderrobres-candida.com\/cat\/wp-content\/uploads\/sites\/4\/calaceite3.jpg 424w\" sizes=\"auto, (max-width: 198px) 100vw, 198px\" \/><\/a><\/p>\n<p><a href=\"http:\/\/valderrobres-candida.com\/wp-content\/uploads\/iglesiacalaceite.jpg\"><img loading=\"lazy\" decoding=\"async\" width=\"198\" height=\"300\" class=\"aligncenter size-medium wp-image-621\" src=\"http:\/\/valderrobres-candida.com\/wp-content\/uploads\/iglesiacalaceite-198x300.jpg\" alt=\"iglesiacalaceite\" srcset=\"https:\/\/valderrobres-candida.com\/cat\/wp-content\/uploads\/sites\/4\/iglesiacalaceite-198x300.jpg 198w, https:\/\/valderrobres-candida.com\/cat\/wp-content\/uploads\/sites\/4\/iglesiacalaceite-66x100.jpg 66w, https:\/\/valderrobres-candida.com\/cat\/wp-content\/uploads\/sites\/4\/iglesiacalaceite.jpg 424w\" sizes=\"auto, (max-width: 198px) 100vw, 198px\" \/><\/a><\/p>\n<p><a href=\"http:\/\/valderrobres-candida.com\/wp-content\/uploads\/iglesiacalaceite2.jpg\"><img loading=\"lazy\" decoding=\"async\" width=\"300\" height=\"217\" class=\"aligncenter size-medium wp-image-622\" src=\"http:\/\/valderrobres-candida.com\/wp-content\/uploads\/iglesiacalaceite2-300x217.jpg\" alt=\"iglesiacalaceite2\" srcset=\"https:\/\/valderrobres-candida.com\/cat\/wp-content\/uploads\/sites\/4\/iglesiacalaceite2-300x217.jpg 300w, https:\/\/valderrobres-candida.com\/cat\/wp-content\/uploads\/sites\/4\/iglesiacalaceite2-100x72.jpg 100w, https:\/\/valderrobres-candida.com\/cat\/wp-content\/uploads\/sites\/4\/iglesiacalaceite2.jpg 640w\" sizes=\"auto, (max-width: 300px) 100vw, 300px\" \/><\/a><\/p>\n<p><img loading=\"lazy\" decoding=\"async\" width=\"300\" height=\"200\" class=\"aligncenter size-medium wp-image-623\" src=\"http:\/\/valderrobres-candida.com\/wp-content\/uploads\/plazaartistas-300x200.jpg\" alt=\"plazaartistas\" srcset=\"https:\/\/valderrobres-candida.com\/cat\/wp-content\/uploads\/sites\/4\/plazaartistas-300x200.jpg 300w, https:\/\/valderrobres-candida.com\/cat\/wp-content\/uploads\/sites\/4\/plazaartistas-100x66.jpg 100w, https:\/\/valderrobres-candida.com\/cat\/wp-content\/uploads\/sites\/4\/plazaartistas-330x220.jpg 330w, https:\/\/valderrobres-candida.com\/cat\/wp-content\/uploads\/sites\/4\/plazaartistas-450x300.jpg 450w, https:\/\/valderrobres-candida.com\/cat\/wp-content\/uploads\/sites\/4\/plazaartistas.jpg 640w\" sizes=\"auto, (max-width: 300px) 100vw, 300px\" \/><\/p>\n<p>Adem\u00e1s, cerca puedes visitar antiguos <strong>poblados ib\u00e9ricos<\/strong>: algunos de ellos conservan la silueta de su estructuraci\u00f3n.<\/p>\n<p><a href=\"http:\/\/valderrobres-candida.com\/wp-content\/uploads\/plazaartistas.jpg\"><br \/>\n<\/a><a href=\"http:\/\/valderrobres-candida.com\/wp-content\/uploads\/pobladoiberico.jpg\"><img loading=\"lazy\" decoding=\"async\" width=\"300\" height=\"168\" class=\"aligncenter size-medium wp-image-624\" src=\"http:\/\/valderrobres-candida.com\/wp-content\/uploads\/pobladoiberico-300x168.jpg\" alt=\"pobladoiberico\" srcset=\"https:\/\/valderrobres-candida.com\/cat\/wp-content\/uploads\/sites\/4\/pobladoiberico-300x168.jpg 300w, https:\/\/valderrobres-candida.com\/cat\/wp-content\/uploads\/sites\/4\/pobladoiberico-100x56.jpg 100w, https:\/\/valderrobres-candida.com\/cat\/wp-content\/uploads\/sites\/4\/pobladoiberico.jpg 640w\" sizes=\"auto, (max-width: 300px) 100vw, 300px\" \/><\/a><\/p>\n<p>Si quieres ir desde Valderrobres, en coche es un momento, as\u00ed que \u00a1ya no hay excusa!<\/p>\n<p><strong>\u00a1No dejes escapar la oportunidad de conocer lugares maravillosos!<\/strong><\/p>\n","protected":false},"excerpt":{"rendered":"<p>El Matarra\u00f1a es una de las diez comarcas de la provincia de Teruel. Est\u00e1 constituida por 18 pintorescos pueblos de gran belleza tanto hist\u00f3rica como natural, de los cuales dos han sido reconocidas como parte de las poblaciones m\u00e1s bonitas de Espa\u00f1a, entre ellas Valderrobres. Fachadas de piedra, balcones de forja y rom\u00e1nticos decorados modernistas\u2026es<\/p>\n","protected":false},"author":2,"featured_media":0,"comment_status":"open","ping_status":"open","sticky":false,"template":"","format":"standard","meta":{"footnotes":""},"categories":[13],"tags":[48,12,50,49,51,32],"class_list":["post-612","post","type-post","status-publish","format-standard","hentry","category-rutas","tag-calaceite","tag-matarrana","tag-patrimonio-historico","tag-pueblos-espana","tag-teruel","tag-turismo-rural"],"yoast_head":"<!-- This site is optimized with the Yoast SEO plugin v26.7 - https:\/\/yoast.com\/wordpress\/plugins\/seo\/ -->\n<title>Calaceite, pueblo del Matarra\u00f1a - Valderrobres Candida CAT<\/title>\n<meta name=\"robots\" content=\"index, follow, max-snippet:-1, max-image-preview:large, max-video-preview:-1\" \/>\n<link rel=\"canonical\" href=\"https:\/\/valderrobres-candida.com\/cat\/blog\/2014\/12\/18\/calaceite-pueblo-del-matarrana\/\" \/>\n<meta property=\"og:locale\" content=\"ca_ES\" \/>\n<meta property=\"og:type\" content=\"article\" \/>\n<meta property=\"og:title\" content=\"Calaceite, pueblo del Matarra\u00f1a - Valderrobres Candida CAT\" \/>\n<meta property=\"og:description\" content=\"El Matarra\u00f1a es una de las diez comarcas de la provincia de Teruel. Est\u00e1 constituida por 18 pintorescos pueblos de gran belleza tanto hist\u00f3rica como natural, de los cuales dos han sido reconocidas como parte de las poblaciones m\u00e1s bonitas de Espa\u00f1a, entre ellas Valderrobres. Fachadas de piedra, balcones de forja y rom\u00e1nticos decorados modernistas\u2026es\" \/>\n<meta property=\"og:url\" content=\"https:\/\/valderrobres-candida.com\/cat\/blog\/2014\/12\/18\/calaceite-pueblo-del-matarrana\/\" \/>\n<meta property=\"og:site_name\" content=\"Valderrobres Candida CAT\" \/>\n<meta property=\"article:published_time\" content=\"2014-12-18T11:28:19+00:00\" \/>\n<meta property=\"og:image\" content=\"http:\/\/valderrobres-candida.com\/wp-content\/uploads\/matarra\u00f1a-2-300x200.jpg\" \/>\n<meta name=\"author\" content=\"Dona Candida\" \/>\n<meta name=\"twitter:card\" content=\"summary_large_image\" \/>\n<meta name=\"twitter:label1\" content=\"Escrit per\" \/>\n\t<meta name=\"twitter:data1\" content=\"Dona Candida\" \/>\n\t<meta name=\"twitter:label2\" content=\"Temps estimat de lectura\" \/>\n\t<meta name=\"twitter:data2\" content=\"1 minut\" \/>\n<script type=\"application\/ld+json\" class=\"yoast-schema-graph\">{\"@context\":\"https:\/\/schema.org\",\"@graph\":[{\"@type\":\"Article\",\"@id\":\"https:\/\/valderrobres-candida.com\/cat\/blog\/2014\/12\/18\/calaceite-pueblo-del-matarrana\/#article\",\"isPartOf\":{\"@id\":\"https:\/\/valderrobres-candida.com\/cat\/blog\/2014\/12\/18\/calaceite-pueblo-del-matarrana\/\"},\"author\":{\"name\":\"Dona Candida\",\"@id\":\"https:\/\/valderrobres-candida.com\/cat\/#\/schema\/person\/8613fd4f70379c16b4872f38d1586c86\"},\"headline\":\"Calaceite, pueblo del Matarra\u00f1a\",\"datePublished\":\"2014-12-18T11:28:19+00:00\",\"mainEntityOfPage\":{\"@id\":\"https:\/\/valderrobres-candida.com\/cat\/blog\/2014\/12\/18\/calaceite-pueblo-del-matarrana\/\"},\"wordCount\":302,\"commentCount\":0,\"image\":{\"@id\":\"https:\/\/valderrobres-candida.com\/cat\/blog\/2014\/12\/18\/calaceite-pueblo-del-matarrana\/#primaryimage\"},\"thumbnailUrl\":\"http:\/\/valderrobres-candida.com\/wp-content\/uploads\/imagenes_Calle_Maella_10_cc7a77cc-300x225.jpg\",\"keywords\":[\"calaceite\",\"matarra\u00f1a\",\"patrimonio hist\u00f3rico\",\"pueblos espa\u00f1a\",\"teruel\",\"turismo rural\"],\"articleSection\":[\"Rutas\"],\"inLanguage\":\"ca\",\"potentialAction\":[{\"@type\":\"CommentAction\",\"name\":\"Comment\",\"target\":[\"https:\/\/valderrobres-candida.com\/cat\/blog\/2014\/12\/18\/calaceite-pueblo-del-matarrana\/#respond\"]}]},{\"@type\":\"WebPage\",\"@id\":\"https:\/\/valderrobres-candida.com\/cat\/blog\/2014\/12\/18\/calaceite-pueblo-del-matarrana\/\",\"url\":\"https:\/\/valderrobres-candida.com\/cat\/blog\/2014\/12\/18\/calaceite-pueblo-del-matarrana\/\",\"name\":\"Calaceite, pueblo del Matarra\u00f1a - Valderrobres Candida CAT\",\"isPartOf\":{\"@id\":\"https:\/\/valderrobres-candida.com\/cat\/#website\"},\"primaryImageOfPage\":{\"@id\":\"https:\/\/valderrobres-candida.com\/cat\/blog\/2014\/12\/18\/calaceite-pueblo-del-matarrana\/#primaryimage\"},\"image\":{\"@id\":\"https:\/\/valderrobres-candida.com\/cat\/blog\/2014\/12\/18\/calaceite-pueblo-del-matarrana\/#primaryimage\"},\"thumbnailUrl\":\"http:\/\/valderrobres-candida.com\/wp-content\/uploads\/imagenes_Calle_Maella_10_cc7a77cc-300x225.jpg\",\"datePublished\":\"2014-12-18T11:28:19+00:00\",\"author\":{\"@id\":\"https:\/\/valderrobres-candida.com\/cat\/#\/schema\/person\/8613fd4f70379c16b4872f38d1586c86\"},\"breadcrumb\":{\"@id\":\"https:\/\/valderrobres-candida.com\/cat\/blog\/2014\/12\/18\/calaceite-pueblo-del-matarrana\/#breadcrumb\"},\"inLanguage\":\"ca\",\"potentialAction\":[{\"@type\":\"ReadAction\",\"target\":[\"https:\/\/valderrobres-candida.com\/cat\/blog\/2014\/12\/18\/calaceite-pueblo-del-matarrana\/\"]}]},{\"@type\":\"ImageObject\",\"inLanguage\":\"ca\",\"@id\":\"https:\/\/valderrobres-candida.com\/cat\/blog\/2014\/12\/18\/calaceite-pueblo-del-matarrana\/#primaryimage\",\"url\":\"http:\/\/valderrobres-candida.com\/wp-content\/uploads\/imagenes_Calle_Maella_10_cc7a77cc-300x225.jpg\",\"contentUrl\":\"http:\/\/valderrobres-candida.com\/wp-content\/uploads\/imagenes_Calle_Maella_10_cc7a77cc-300x225.jpg\"},{\"@type\":\"BreadcrumbList\",\"@id\":\"https:\/\/valderrobres-candida.com\/cat\/blog\/2014\/12\/18\/calaceite-pueblo-del-matarrana\/#breadcrumb\",\"itemListElement\":[{\"@type\":\"ListItem\",\"position\":1,\"name\":\"Portada\",\"item\":\"https:\/\/valderrobres-candida.com\/cat\/\"},{\"@type\":\"ListItem\",\"position\":2,\"name\":\"Calaceite, pueblo del Matarra\u00f1a\"}]},{\"@type\":\"WebSite\",\"@id\":\"https:\/\/valderrobres-candida.com\/cat\/#website\",\"url\":\"https:\/\/valderrobres-candida.com\/cat\/\",\"name\":\"Valderrobres Candida CAT\",\"description\":\"\",\"potentialAction\":[{\"@type\":\"SearchAction\",\"target\":{\"@type\":\"EntryPoint\",\"urlTemplate\":\"https:\/\/valderrobres-candida.com\/cat\/?s={search_term_string}\"},\"query-input\":{\"@type\":\"PropertyValueSpecification\",\"valueRequired\":true,\"valueName\":\"search_term_string\"}}],\"inLanguage\":\"ca\"},{\"@type\":\"Person\",\"@id\":\"https:\/\/valderrobres-candida.com\/cat\/#\/schema\/person\/8613fd4f70379c16b4872f38d1586c86\",\"name\":\"Dona Candida\",\"image\":{\"@type\":\"ImageObject\",\"inLanguage\":\"ca\",\"@id\":\"https:\/\/valderrobres-candida.com\/cat\/#\/schema\/person\/image\/\",\"url\":\"https:\/\/secure.gravatar.com\/avatar\/76fd4c271644e4e26cd86dc06e3e376a616136f923138060c3acbe8187b3d2bc?s=96&d=mm&r=g\",\"contentUrl\":\"https:\/\/secure.gravatar.com\/avatar\/76fd4c271644e4e26cd86dc06e3e376a616136f923138060c3acbe8187b3d2bc?s=96&d=mm&r=g\",\"caption\":\"Dona Candida\"},\"url\":\"https:\/\/valderrobres-candida.com\/cat\/blog\/author\/dona-candida\/\"}]}<\/script>\n<!-- \/ Yoast SEO plugin. -->","yoast_head_json":{"title":"Calaceite, pueblo del Matarra\u00f1a - Valderrobres Candida CAT","robots":{"index":"index","follow":"follow","max-snippet":"max-snippet:-1","max-image-preview":"max-image-preview:large","max-video-preview":"max-video-preview:-1"},"canonical":"https:\/\/valderrobres-candida.com\/cat\/blog\/2014\/12\/18\/calaceite-pueblo-del-matarrana\/","og_locale":"ca_ES","og_type":"article","og_title":"Calaceite, pueblo del Matarra\u00f1a - Valderrobres Candida CAT","og_description":"El Matarra\u00f1a es una de las diez comarcas de la provincia de Teruel. Est\u00e1 constituida por 18 pintorescos pueblos de gran belleza tanto hist\u00f3rica como natural, de los cuales dos han sido reconocidas como parte de las poblaciones m\u00e1s bonitas de Espa\u00f1a, entre ellas Valderrobres. Fachadas de piedra, balcones de forja y rom\u00e1nticos decorados modernistas\u2026es","og_url":"https:\/\/valderrobres-candida.com\/cat\/blog\/2014\/12\/18\/calaceite-pueblo-del-matarrana\/","og_site_name":"Valderrobres Candida CAT","article_published_time":"2014-12-18T11:28:19+00:00","og_image":[{"url":"http:\/\/valderrobres-candida.com\/wp-content\/uploads\/matarra\u00f1a-2-300x200.jpg","type":"","width":"","height":""}],"author":"Dona Candida","twitter_card":"summary_large_image","twitter_misc":{"Escrit per":"Dona Candida","Temps estimat de lectura":"1 minut"},"schema":{"@context":"https:\/\/schema.org","@graph":[{"@type":"Article","@id":"https:\/\/valderrobres-candida.com\/cat\/blog\/2014\/12\/18\/calaceite-pueblo-del-matarrana\/#article","isPartOf":{"@id":"https:\/\/valderrobres-candida.com\/cat\/blog\/2014\/12\/18\/calaceite-pueblo-del-matarrana\/"},"author":{"name":"Dona Candida","@id":"https:\/\/valderrobres-candida.com\/cat\/#\/schema\/person\/8613fd4f70379c16b4872f38d1586c86"},"headline":"Calaceite, pueblo del Matarra\u00f1a","datePublished":"2014-12-18T11:28:19+00:00","mainEntityOfPage":{"@id":"https:\/\/valderrobres-candida.com\/cat\/blog\/2014\/12\/18\/calaceite-pueblo-del-matarrana\/"},"wordCount":302,"commentCount":0,"image":{"@id":"https:\/\/valderrobres-candida.com\/cat\/blog\/2014\/12\/18\/calaceite-pueblo-del-matarrana\/#primaryimage"},"thumbnailUrl":"http:\/\/valderrobres-candida.com\/wp-content\/uploads\/imagenes_Calle_Maella_10_cc7a77cc-300x225.jpg","keywords":["calaceite","matarra\u00f1a","patrimonio hist\u00f3rico","pueblos espa\u00f1a","teruel","turismo rural"],"articleSection":["Rutas"],"inLanguage":"ca","potentialAction":[{"@type":"CommentAction","name":"Comment","target":["https:\/\/valderrobres-candida.com\/cat\/blog\/2014\/12\/18\/calaceite-pueblo-del-matarrana\/#respond"]}]},{"@type":"WebPage","@id":"https:\/\/valderrobres-candida.com\/cat\/blog\/2014\/12\/18\/calaceite-pueblo-del-matarrana\/","url":"https:\/\/valderrobres-candida.com\/cat\/blog\/2014\/12\/18\/calaceite-pueblo-del-matarrana\/","name":"Calaceite, pueblo del Matarra\u00f1a - Valderrobres Candida CAT","isPartOf":{"@id":"https:\/\/valderrobres-candida.com\/cat\/#website"},"primaryImageOfPage":{"@id":"https:\/\/valderrobres-candida.com\/cat\/blog\/2014\/12\/18\/calaceite-pueblo-del-matarrana\/#primaryimage"},"image":{"@id":"https:\/\/valderrobres-candida.com\/cat\/blog\/2014\/12\/18\/calaceite-pueblo-del-matarrana\/#primaryimage"},"thumbnailUrl":"http:\/\/valderrobres-candida.com\/wp-content\/uploads\/imagenes_Calle_Maella_10_cc7a77cc-300x225.jpg","datePublished":"2014-12-18T11:28:19+00:00","author":{"@id":"https:\/\/valderrobres-candida.com\/cat\/#\/schema\/person\/8613fd4f70379c16b4872f38d1586c86"},"breadcrumb":{"@id":"https:\/\/valderrobres-candida.com\/cat\/blog\/2014\/12\/18\/calaceite-pueblo-del-matarrana\/#breadcrumb"},"inLanguage":"ca","potentialAction":[{"@type":"ReadAction","target":["https:\/\/valderrobres-candida.com\/cat\/blog\/2014\/12\/18\/calaceite-pueblo-del-matarrana\/"]}]},{"@type":"ImageObject","inLanguage":"ca","@id":"https:\/\/valderrobres-candida.com\/cat\/blog\/2014\/12\/18\/calaceite-pueblo-del-matarrana\/#primaryimage","url":"http:\/\/valderrobres-candida.com\/wp-content\/uploads\/imagenes_Calle_Maella_10_cc7a77cc-300x225.jpg","contentUrl":"http:\/\/valderrobres-candida.com\/wp-content\/uploads\/imagenes_Calle_Maella_10_cc7a77cc-300x225.jpg"},{"@type":"BreadcrumbList","@id":"https:\/\/valderrobres-candida.com\/cat\/blog\/2014\/12\/18\/calaceite-pueblo-del-matarrana\/#breadcrumb","itemListElement":[{"@type":"ListItem","position":1,"name":"Portada","item":"https:\/\/valderrobres-candida.com\/cat\/"},{"@type":"ListItem","position":2,"name":"Calaceite, pueblo del Matarra\u00f1a"}]},{"@type":"WebSite","@id":"https:\/\/valderrobres-candida.com\/cat\/#website","url":"https:\/\/valderrobres-candida.com\/cat\/","name":"Valderrobres Candida CAT","description":"","potentialAction":[{"@type":"SearchAction","target":{"@type":"EntryPoint","urlTemplate":"https:\/\/valderrobres-candida.com\/cat\/?s={search_term_string}"},"query-input":{"@type":"PropertyValueSpecification","valueRequired":true,"valueName":"search_term_string"}}],"inLanguage":"ca"},{"@type":"Person","@id":"https:\/\/valderrobres-candida.com\/cat\/#\/schema\/person\/8613fd4f70379c16b4872f38d1586c86","name":"Dona Candida","image":{"@type":"ImageObject","inLanguage":"ca","@id":"https:\/\/valderrobres-candida.com\/cat\/#\/schema\/person\/image\/","url":"https:\/\/secure.gravatar.com\/avatar\/76fd4c271644e4e26cd86dc06e3e376a616136f923138060c3acbe8187b3d2bc?s=96&d=mm&r=g","contentUrl":"https:\/\/secure.gravatar.com\/avatar\/76fd4c271644e4e26cd86dc06e3e376a616136f923138060c3acbe8187b3d2bc?s=96&d=mm&r=g","caption":"Dona Candida"},"url":"https:\/\/valderrobres-candida.com\/cat\/blog\/author\/dona-candida\/"}]}},"_links":{"self":[{"href":"https:\/\/valderrobres-candida.com\/cat\/wp-json\/wp\/v2\/posts\/612","targetHints":{"allow":["GET"]}}],"collection":[{"href":"https:\/\/valderrobres-candida.com\/cat\/wp-json\/wp\/v2\/posts"}],"about":[{"href":"https:\/\/valderrobres-candida.com\/cat\/wp-json\/wp\/v2\/types\/post"}],"author":[{"embeddable":true,"href":"https:\/\/valderrobres-candida.com\/cat\/wp-json\/wp\/v2\/users\/2"}],"replies":[{"embeddable":true,"href":"https:\/\/valderrobres-candida.com\/cat\/wp-json\/wp\/v2\/comments?post=612"}],"version-history":[{"count":3,"href":"https:\/\/valderrobres-candida.com\/cat\/wp-json\/wp\/v2\/posts\/612\/revisions"}],"predecessor-version":[{"id":626,"href":"https:\/\/valderrobres-candida.com\/cat\/wp-json\/wp\/v2\/posts\/612\/revisions\/626"}],"wp:attachment":[{"href":"https:\/\/valderrobres-candida.com\/cat\/wp-json\/wp\/v2\/media?parent=612"}],"wp:term":[{"taxonomy":"category","embeddable":true,"href":"https:\/\/valderrobres-candida.com\/cat\/wp-json\/wp\/v2\/categories?post=612"},{"taxonomy":"post_tag","embeddable":true,"href":"https:\/\/valderrobres-candida.com\/cat\/wp-json\/wp\/v2\/tags?post=612"}],"curies":[{"name":"wp","href":"https:\/\/api.w.org\/{rel}","templated":true}]}}