{"id":738,"date":"2015-04-14T09:24:37","date_gmt":"2015-04-14T09:24:37","guid":{"rendered":"http:\/\/valderrobres-candida.com\/?p=738"},"modified":"2015-12-17T15:48:21","modified_gmt":"2015-12-17T15:48:21","slug":"un-nuevo-museo-en-valderrobres","status":"publish","type":"post","link":"https:\/\/valderrobres-candida.com\/cat\/blog\/2015\/04\/14\/un-nuevo-museo-en-valderrobres\/","title":{"rendered":"Un nuevo museo en Valderrobres"},"content":{"rendered":"<p>Valderrobres es un pueblo con una gran belleza arquitect\u00f3nica, patrimonial y natural. Aun as\u00ed, ahora tambi\u00e9n podr\u00e1s gozar de mucho m\u00e1s, y es que La<strong> Fundaci\u00f3n Valderrobres Patrimonial<\/strong> y el Ayuntamiento est\u00e1n llevando a cabo desde hace tiempo una iniciativa para fomentar la situaci\u00f3n social y econ\u00f3mica de nuestra localidad.<\/p>\n<p><a href=\"http:\/\/valderrobres-candida.com\/wp-content\/uploads\/edificio-rehabilitado.jpg\"><img loading=\"lazy\" decoding=\"async\" width=\"300\" height=\"225\" class=\"aligncenter size-medium wp-image-739\" src=\"http:\/\/valderrobres-candida.com\/wp-content\/uploads\/edificio-rehabilitado-300x225.jpg\" alt=\"edificio-rehabilitado\" srcset=\"https:\/\/valderrobres-candida.com\/cat\/wp-content\/uploads\/sites\/4\/edificio-rehabilitado-300x225.jpg 300w, https:\/\/valderrobres-candida.com\/cat\/wp-content\/uploads\/sites\/4\/edificio-rehabilitado-100x75.jpg 100w, https:\/\/valderrobres-candida.com\/cat\/wp-content\/uploads\/sites\/4\/edificio-rehabilitado.jpg 320w\" sizes=\"auto, (max-width: 300px) 100vw, 300px\" \/><\/a><\/p>\n<p><!--more--><\/p>\n<p>Este proyecto ha dado como fruto un <strong>museo dedicado al arte<\/strong>, pero no s\u00f3lo eso: dentro de unos meses, tambi\u00e9n se estrenar\u00e1n una escuela de adultos, una biblioteca y un albergue.<\/p>\n<p><a href=\"http:\/\/valderrobres-candida.com\/wp-content\/uploads\/fotonoticia_20150222112949_800.jpg\"><img loading=\"lazy\" decoding=\"async\" width=\"300\" height=\"200\" class=\"aligncenter size-medium wp-image-740\" src=\"http:\/\/valderrobres-candida.com\/wp-content\/uploads\/fotonoticia_20150222112949_800-300x200.jpg\" alt=\"fotonoticia_20150222112949_800\" srcset=\"https:\/\/valderrobres-candida.com\/cat\/wp-content\/uploads\/sites\/4\/fotonoticia_20150222112949_800-300x200.jpg 300w, https:\/\/valderrobres-candida.com\/cat\/wp-content\/uploads\/sites\/4\/fotonoticia_20150222112949_800-100x66.jpg 100w, https:\/\/valderrobres-candida.com\/cat\/wp-content\/uploads\/sites\/4\/fotonoticia_20150222112949_800-330x220.jpg 330w, https:\/\/valderrobres-candida.com\/cat\/wp-content\/uploads\/sites\/4\/fotonoticia_20150222112949_800-450x300.jpg 450w, https:\/\/valderrobres-candida.com\/cat\/wp-content\/uploads\/sites\/4\/fotonoticia_20150222112949_800.jpg 800w\" sizes=\"auto, (max-width: 300px) 100vw, 300px\" \/><\/a><\/p>\n<p>El nuevo museo est\u00e1 situado en un edificio que hizo de hospital durante la edad media. Este, <strong>con 3 plantas distintas<\/strong>. Una de las salas se dedicar\u00e1 al pintor\u00a0<strong>V\u00edctor Mira<\/strong> y otra a<strong> \u00c1lvaro Pradera<\/strong>, otra de ellas a la escuela antigua y una cuarta para dioramas y esculturas navide\u00f1as. La planta central y superior, se usar\u00e1n como<strong> centro de interpretaci\u00f3n de arte comarcal<\/strong> con tres zonas distintas dedicadas al arte g\u00f3tico, renacentista y barroco.<\/p>\n<p><a href=\"http:\/\/valderrobres-candida.com\/wp-content\/uploads\/valderrobres-museo-8-04-2015.jpg\"><img loading=\"lazy\" decoding=\"async\" width=\"300\" height=\"225\" class=\"aligncenter size-medium wp-image-741\" src=\"http:\/\/valderrobres-candida.com\/wp-content\/uploads\/valderrobres-museo-8-04-2015-300x225.jpg\" alt=\"valderrobres-museo-8-04-2015\" srcset=\"https:\/\/valderrobres-candida.com\/cat\/wp-content\/uploads\/sites\/4\/valderrobres-museo-8-04-2015-300x225.jpg 300w, https:\/\/valderrobres-candida.com\/cat\/wp-content\/uploads\/sites\/4\/valderrobres-museo-8-04-2015-100x75.jpg 100w, https:\/\/valderrobres-candida.com\/cat\/wp-content\/uploads\/sites\/4\/valderrobres-museo-8-04-2015.jpg 600w\" sizes=\"auto, (max-width: 300px) 100vw, 300px\" \/><\/a><\/p>\n<p>El museo ya abri\u00f3 las puertas este fin de semana, y tenemos muchas ganas de ir a verlo. La entrada s\u00f3lo cuesta 4 euros, y con ella no s\u00f3lo puedes visitar el museo sino tambi\u00e9n el castillo y la iglesia.<\/p>\n<p>Ya sabes, ahora a\u00fan hay m\u00e1s razones para venir a visitarnos y pasar un fin de semana estupendo en la toscana aragonesa.<\/p>\n<p><strong>\u00a1Te esperamos con los brazos abiertos!<\/strong><\/p>\n","protected":false},"excerpt":{"rendered":"<p>Valderrobres es un pueblo con una gran belleza arquitect\u00f3nica, patrimonial y natural. Aun as\u00ed, ahora tambi\u00e9n podr\u00e1s gozar de mucho m\u00e1s, y es que La Fundaci\u00f3n Valderrobres Patrimonial y el Ayuntamiento est\u00e1n llevando a cabo desde hace tiempo una iniciativa para fomentar la situaci\u00f3n social y econ\u00f3mica de nuestra localidad.<\/p>\n","protected":false},"author":2,"featured_media":739,"comment_status":"open","ping_status":"open","sticky":false,"template":"","format":"standard","meta":{"footnotes":""},"categories":[17,18],"tags":[91,89,90,92,32],"class_list":["post-738","post","type-post","status-publish","format-standard","has-post-thumbnail","hentry","category-medios","category-noticias","tag-arte-gotico","tag-museu-de-arte-valderrobres","tag-nuevo-museo","tag-que-hacer-valderrobres","tag-turismo-rural"],"yoast_head":"<!-- This site is optimized with the Yoast SEO plugin v26.7 - https:\/\/yoast.com\/wordpress\/plugins\/seo\/ -->\n<title>Un nuevo museo en Valderrobres\/ Do\u00f1a C\u00e1ndida<\/title>\n<meta name=\"description\" content=\"Valderrobres es un pueblo con una gran belleza arquitect\u00f3nica, patrimonial y natural. Aun as\u00ed, ahora tambi\u00e9n podr\u00e1s gozar de mucho m\u00e1s,.\" \/>\n<meta name=\"robots\" content=\"index, follow, max-snippet:-1, max-image-preview:large, max-video-preview:-1\" \/>\n<link rel=\"canonical\" href=\"https:\/\/valderrobres-candida.com\/cat\/blog\/2015\/04\/14\/un-nuevo-museo-en-valderrobres\/\" \/>\n<meta property=\"og:locale\" content=\"ca_ES\" \/>\n<meta property=\"og:type\" content=\"article\" \/>\n<meta property=\"og:title\" content=\"Un nuevo museo en Valderrobres\/ Do\u00f1a C\u00e1ndida\" \/>\n<meta property=\"og:description\" content=\"Valderrobres es un pueblo con una gran belleza arquitect\u00f3nica, patrimonial y natural. Aun as\u00ed, ahora tambi\u00e9n podr\u00e1s gozar de mucho m\u00e1s,.\" \/>\n<meta property=\"og:url\" content=\"https:\/\/valderrobres-candida.com\/cat\/blog\/2015\/04\/14\/un-nuevo-museo-en-valderrobres\/\" \/>\n<meta property=\"og:site_name\" content=\"Valderrobres Candida CAT\" \/>\n<meta property=\"article:published_time\" content=\"2015-04-14T09:24:37+00:00\" \/>\n<meta property=\"article:modified_time\" content=\"2015-12-17T15:48:21+00:00\" \/>\n<meta property=\"og:image\" content=\"https:\/\/valderrobres-candida.com\/cat\/wp-content\/uploads\/sites\/4\/edificio-rehabilitado.jpg\" \/>\n\t<meta property=\"og:image:width\" content=\"320\" \/>\n\t<meta property=\"og:image:height\" content=\"240\" \/>\n\t<meta property=\"og:image:type\" content=\"image\/jpeg\" \/>\n<meta name=\"author\" content=\"Dona Candida\" \/>\n<meta name=\"twitter:card\" content=\"summary_large_image\" \/>\n<meta name=\"twitter:label1\" content=\"Escrit per\" \/>\n\t<meta name=\"twitter:data1\" content=\"Dona Candida\" \/>\n\t<meta name=\"twitter:label2\" content=\"Temps estimat de lectura\" \/>\n\t<meta name=\"twitter:data2\" content=\"1 minut\" \/>\n<script type=\"application\/ld+json\" class=\"yoast-schema-graph\">{\"@context\":\"https:\/\/schema.org\",\"@graph\":[{\"@type\":\"Article\",\"@id\":\"https:\/\/valderrobres-candida.com\/cat\/blog\/2015\/04\/14\/un-nuevo-museo-en-valderrobres\/#article\",\"isPartOf\":{\"@id\":\"https:\/\/valderrobres-candida.com\/cat\/blog\/2015\/04\/14\/un-nuevo-museo-en-valderrobres\/\"},\"author\":{\"name\":\"Dona Candida\",\"@id\":\"https:\/\/valderrobres-candida.com\/cat\/#\/schema\/person\/8613fd4f70379c16b4872f38d1586c86\"},\"headline\":\"Un nuevo museo en Valderrobres\",\"datePublished\":\"2015-04-14T09:24:37+00:00\",\"dateModified\":\"2015-12-17T15:48:21+00:00\",\"mainEntityOfPage\":{\"@id\":\"https:\/\/valderrobres-candida.com\/cat\/blog\/2015\/04\/14\/un-nuevo-museo-en-valderrobres\/\"},\"wordCount\":249,\"commentCount\":0,\"image\":{\"@id\":\"https:\/\/valderrobres-candida.com\/cat\/blog\/2015\/04\/14\/un-nuevo-museo-en-valderrobres\/#primaryimage\"},\"thumbnailUrl\":\"https:\/\/valderrobres-candida.com\/cat\/wp-content\/uploads\/sites\/4\/edificio-rehabilitado.jpg\",\"keywords\":[\"arte g\u00f3tico\",\"museu de arte valderrobres\",\"nuevo museo\",\"qu\u00e9 hacer valderrobres\",\"turismo rural\"],\"articleSection\":[\"Medios\",\"Not\u00edcias\"],\"inLanguage\":\"ca\",\"potentialAction\":[{\"@type\":\"CommentAction\",\"name\":\"Comment\",\"target\":[\"https:\/\/valderrobres-candida.com\/cat\/blog\/2015\/04\/14\/un-nuevo-museo-en-valderrobres\/#respond\"]}]},{\"@type\":\"WebPage\",\"@id\":\"https:\/\/valderrobres-candida.com\/cat\/blog\/2015\/04\/14\/un-nuevo-museo-en-valderrobres\/\",\"url\":\"https:\/\/valderrobres-candida.com\/cat\/blog\/2015\/04\/14\/un-nuevo-museo-en-valderrobres\/\",\"name\":\"Un nuevo museo en Valderrobres\/ Do\u00f1a C\u00e1ndida\",\"isPartOf\":{\"@id\":\"https:\/\/valderrobres-candida.com\/cat\/#website\"},\"primaryImageOfPage\":{\"@id\":\"https:\/\/valderrobres-candida.com\/cat\/blog\/2015\/04\/14\/un-nuevo-museo-en-valderrobres\/#primaryimage\"},\"image\":{\"@id\":\"https:\/\/valderrobres-candida.com\/cat\/blog\/2015\/04\/14\/un-nuevo-museo-en-valderrobres\/#primaryimage\"},\"thumbnailUrl\":\"https:\/\/valderrobres-candida.com\/cat\/wp-content\/uploads\/sites\/4\/edificio-rehabilitado.jpg\",\"datePublished\":\"2015-04-14T09:24:37+00:00\",\"dateModified\":\"2015-12-17T15:48:21+00:00\",\"author\":{\"@id\":\"https:\/\/valderrobres-candida.com\/cat\/#\/schema\/person\/8613fd4f70379c16b4872f38d1586c86\"},\"description\":\"Valderrobres es un pueblo con una gran belleza arquitect\u00f3nica, patrimonial y natural. Aun as\u00ed, ahora tambi\u00e9n podr\u00e1s gozar de mucho m\u00e1s,.\",\"breadcrumb\":{\"@id\":\"https:\/\/valderrobres-candida.com\/cat\/blog\/2015\/04\/14\/un-nuevo-museo-en-valderrobres\/#breadcrumb\"},\"inLanguage\":\"ca\",\"potentialAction\":[{\"@type\":\"ReadAction\",\"target\":[\"https:\/\/valderrobres-candida.com\/cat\/blog\/2015\/04\/14\/un-nuevo-museo-en-valderrobres\/\"]}]},{\"@type\":\"ImageObject\",\"inLanguage\":\"ca\",\"@id\":\"https:\/\/valderrobres-candida.com\/cat\/blog\/2015\/04\/14\/un-nuevo-museo-en-valderrobres\/#primaryimage\",\"url\":\"https:\/\/valderrobres-candida.com\/cat\/wp-content\/uploads\/sites\/4\/edificio-rehabilitado.jpg\",\"contentUrl\":\"https:\/\/valderrobres-candida.com\/cat\/wp-content\/uploads\/sites\/4\/edificio-rehabilitado.jpg\",\"width\":320,\"height\":240},{\"@type\":\"BreadcrumbList\",\"@id\":\"https:\/\/valderrobres-candida.com\/cat\/blog\/2015\/04\/14\/un-nuevo-museo-en-valderrobres\/#breadcrumb\",\"itemListElement\":[{\"@type\":\"ListItem\",\"position\":1,\"name\":\"Portada\",\"item\":\"https:\/\/valderrobres-candida.com\/cat\/\"},{\"@type\":\"ListItem\",\"position\":2,\"name\":\"Un nuevo museo en Valderrobres\"}]},{\"@type\":\"WebSite\",\"@id\":\"https:\/\/valderrobres-candida.com\/cat\/#website\",\"url\":\"https:\/\/valderrobres-candida.com\/cat\/\",\"name\":\"Valderrobres Candida CAT\",\"description\":\"\",\"potentialAction\":[{\"@type\":\"SearchAction\",\"target\":{\"@type\":\"EntryPoint\",\"urlTemplate\":\"https:\/\/valderrobres-candida.com\/cat\/?s={search_term_string}\"},\"query-input\":{\"@type\":\"PropertyValueSpecification\",\"valueRequired\":true,\"valueName\":\"search_term_string\"}}],\"inLanguage\":\"ca\"},{\"@type\":\"Person\",\"@id\":\"https:\/\/valderrobres-candida.com\/cat\/#\/schema\/person\/8613fd4f70379c16b4872f38d1586c86\",\"name\":\"Dona Candida\",\"image\":{\"@type\":\"ImageObject\",\"inLanguage\":\"ca\",\"@id\":\"https:\/\/valderrobres-candida.com\/cat\/#\/schema\/person\/image\/\",\"url\":\"https:\/\/secure.gravatar.com\/avatar\/76fd4c271644e4e26cd86dc06e3e376a616136f923138060c3acbe8187b3d2bc?s=96&d=mm&r=g\",\"contentUrl\":\"https:\/\/secure.gravatar.com\/avatar\/76fd4c271644e4e26cd86dc06e3e376a616136f923138060c3acbe8187b3d2bc?s=96&d=mm&r=g\",\"caption\":\"Dona Candida\"},\"url\":\"https:\/\/valderrobres-candida.com\/cat\/blog\/author\/dona-candida\/\"}]}<\/script>\n<!-- \/ Yoast SEO plugin. -->","yoast_head_json":{"title":"Un nuevo museo en Valderrobres\/ Do\u00f1a C\u00e1ndida","description":"Valderrobres es un pueblo con una gran belleza arquitect\u00f3nica, patrimonial y natural. Aun as\u00ed, ahora tambi\u00e9n podr\u00e1s gozar de mucho m\u00e1s,.","robots":{"index":"index","follow":"follow","max-snippet":"max-snippet:-1","max-image-preview":"max-image-preview:large","max-video-preview":"max-video-preview:-1"},"canonical":"https:\/\/valderrobres-candida.com\/cat\/blog\/2015\/04\/14\/un-nuevo-museo-en-valderrobres\/","og_locale":"ca_ES","og_type":"article","og_title":"Un nuevo museo en Valderrobres\/ Do\u00f1a C\u00e1ndida","og_description":"Valderrobres es un pueblo con una gran belleza arquitect\u00f3nica, patrimonial y natural. Aun as\u00ed, ahora tambi\u00e9n podr\u00e1s gozar de mucho m\u00e1s,.","og_url":"https:\/\/valderrobres-candida.com\/cat\/blog\/2015\/04\/14\/un-nuevo-museo-en-valderrobres\/","og_site_name":"Valderrobres Candida CAT","article_published_time":"2015-04-14T09:24:37+00:00","article_modified_time":"2015-12-17T15:48:21+00:00","og_image":[{"width":320,"height":240,"url":"https:\/\/valderrobres-candida.com\/cat\/wp-content\/uploads\/sites\/4\/edificio-rehabilitado.jpg","type":"image\/jpeg"}],"author":"Dona Candida","twitter_card":"summary_large_image","twitter_misc":{"Escrit per":"Dona Candida","Temps estimat de lectura":"1 minut"},"schema":{"@context":"https:\/\/schema.org","@graph":[{"@type":"Article","@id":"https:\/\/valderrobres-candida.com\/cat\/blog\/2015\/04\/14\/un-nuevo-museo-en-valderrobres\/#article","isPartOf":{"@id":"https:\/\/valderrobres-candida.com\/cat\/blog\/2015\/04\/14\/un-nuevo-museo-en-valderrobres\/"},"author":{"name":"Dona Candida","@id":"https:\/\/valderrobres-candida.com\/cat\/#\/schema\/person\/8613fd4f70379c16b4872f38d1586c86"},"headline":"Un nuevo museo en Valderrobres","datePublished":"2015-04-14T09:24:37+00:00","dateModified":"2015-12-17T15:48:21+00:00","mainEntityOfPage":{"@id":"https:\/\/valderrobres-candida.com\/cat\/blog\/2015\/04\/14\/un-nuevo-museo-en-valderrobres\/"},"wordCount":249,"commentCount":0,"image":{"@id":"https:\/\/valderrobres-candida.com\/cat\/blog\/2015\/04\/14\/un-nuevo-museo-en-valderrobres\/#primaryimage"},"thumbnailUrl":"https:\/\/valderrobres-candida.com\/cat\/wp-content\/uploads\/sites\/4\/edificio-rehabilitado.jpg","keywords":["arte g\u00f3tico","museu de arte valderrobres","nuevo museo","qu\u00e9 hacer valderrobres","turismo rural"],"articleSection":["Medios","Not\u00edcias"],"inLanguage":"ca","potentialAction":[{"@type":"CommentAction","name":"Comment","target":["https:\/\/valderrobres-candida.com\/cat\/blog\/2015\/04\/14\/un-nuevo-museo-en-valderrobres\/#respond"]}]},{"@type":"WebPage","@id":"https:\/\/valderrobres-candida.com\/cat\/blog\/2015\/04\/14\/un-nuevo-museo-en-valderrobres\/","url":"https:\/\/valderrobres-candida.com\/cat\/blog\/2015\/04\/14\/un-nuevo-museo-en-valderrobres\/","name":"Un nuevo museo en Valderrobres\/ Do\u00f1a C\u00e1ndida","isPartOf":{"@id":"https:\/\/valderrobres-candida.com\/cat\/#website"},"primaryImageOfPage":{"@id":"https:\/\/valderrobres-candida.com\/cat\/blog\/2015\/04\/14\/un-nuevo-museo-en-valderrobres\/#primaryimage"},"image":{"@id":"https:\/\/valderrobres-candida.com\/cat\/blog\/2015\/04\/14\/un-nuevo-museo-en-valderrobres\/#primaryimage"},"thumbnailUrl":"https:\/\/valderrobres-candida.com\/cat\/wp-content\/uploads\/sites\/4\/edificio-rehabilitado.jpg","datePublished":"2015-04-14T09:24:37+00:00","dateModified":"2015-12-17T15:48:21+00:00","author":{"@id":"https:\/\/valderrobres-candida.com\/cat\/#\/schema\/person\/8613fd4f70379c16b4872f38d1586c86"},"description":"Valderrobres es un pueblo con una gran belleza arquitect\u00f3nica, patrimonial y natural. Aun as\u00ed, ahora tambi\u00e9n podr\u00e1s gozar de mucho m\u00e1s,.","breadcrumb":{"@id":"https:\/\/valderrobres-candida.com\/cat\/blog\/2015\/04\/14\/un-nuevo-museo-en-valderrobres\/#breadcrumb"},"inLanguage":"ca","potentialAction":[{"@type":"ReadAction","target":["https:\/\/valderrobres-candida.com\/cat\/blog\/2015\/04\/14\/un-nuevo-museo-en-valderrobres\/"]}]},{"@type":"ImageObject","inLanguage":"ca","@id":"https:\/\/valderrobres-candida.com\/cat\/blog\/2015\/04\/14\/un-nuevo-museo-en-valderrobres\/#primaryimage","url":"https:\/\/valderrobres-candida.com\/cat\/wp-content\/uploads\/sites\/4\/edificio-rehabilitado.jpg","contentUrl":"https:\/\/valderrobres-candida.com\/cat\/wp-content\/uploads\/sites\/4\/edificio-rehabilitado.jpg","width":320,"height":240},{"@type":"BreadcrumbList","@id":"https:\/\/valderrobres-candida.com\/cat\/blog\/2015\/04\/14\/un-nuevo-museo-en-valderrobres\/#breadcrumb","itemListElement":[{"@type":"ListItem","position":1,"name":"Portada","item":"https:\/\/valderrobres-candida.com\/cat\/"},{"@type":"ListItem","position":2,"name":"Un nuevo museo en Valderrobres"}]},{"@type":"WebSite","@id":"https:\/\/valderrobres-candida.com\/cat\/#website","url":"https:\/\/valderrobres-candida.com\/cat\/","name":"Valderrobres Candida CAT","description":"","potentialAction":[{"@type":"SearchAction","target":{"@type":"EntryPoint","urlTemplate":"https:\/\/valderrobres-candida.com\/cat\/?s={search_term_string}"},"query-input":{"@type":"PropertyValueSpecification","valueRequired":true,"valueName":"search_term_string"}}],"inLanguage":"ca"},{"@type":"Person","@id":"https:\/\/valderrobres-candida.com\/cat\/#\/schema\/person\/8613fd4f70379c16b4872f38d1586c86","name":"Dona Candida","image":{"@type":"ImageObject","inLanguage":"ca","@id":"https:\/\/valderrobres-candida.com\/cat\/#\/schema\/person\/image\/","url":"https:\/\/secure.gravatar.com\/avatar\/76fd4c271644e4e26cd86dc06e3e376a616136f923138060c3acbe8187b3d2bc?s=96&d=mm&r=g","contentUrl":"https:\/\/secure.gravatar.com\/avatar\/76fd4c271644e4e26cd86dc06e3e376a616136f923138060c3acbe8187b3d2bc?s=96&d=mm&r=g","caption":"Dona Candida"},"url":"https:\/\/valderrobres-candida.com\/cat\/blog\/author\/dona-candida\/"}]}},"_links":{"self":[{"href":"https:\/\/valderrobres-candida.com\/cat\/wp-json\/wp\/v2\/posts\/738","targetHints":{"allow":["GET"]}}],"collection":[{"href":"https:\/\/valderrobres-candida.com\/cat\/wp-json\/wp\/v2\/posts"}],"about":[{"href":"https:\/\/valderrobres-candida.com\/cat\/wp-json\/wp\/v2\/types\/post"}],"author":[{"embeddable":true,"href":"https:\/\/valderrobres-candida.com\/cat\/wp-json\/wp\/v2\/users\/2"}],"replies":[{"embeddable":true,"href":"https:\/\/valderrobres-candida.com\/cat\/wp-json\/wp\/v2\/comments?post=738"}],"version-history":[{"count":2,"href":"https:\/\/valderrobres-candida.com\/cat\/wp-json\/wp\/v2\/posts\/738\/revisions"}],"predecessor-version":[{"id":769,"href":"https:\/\/valderrobres-candida.com\/cat\/wp-json\/wp\/v2\/posts\/738\/revisions\/769"}],"wp:featuredmedia":[{"embeddable":true,"href":"https:\/\/valderrobres-candida.com\/cat\/wp-json\/wp\/v2\/media\/739"}],"wp:attachment":[{"href":"https:\/\/valderrobres-candida.com\/cat\/wp-json\/wp\/v2\/media?parent=738"}],"wp:term":[{"taxonomy":"category","embeddable":true,"href":"https:\/\/valderrobres-candida.com\/cat\/wp-json\/wp\/v2\/categories?post=738"},{"taxonomy":"post_tag","embeddable":true,"href":"https:\/\/valderrobres-candida.com\/cat\/wp-json\/wp\/v2\/tags?post=738"}],"curies":[{"name":"wp","href":"https:\/\/api.w.org\/{rel}","templated":true}]}}