{"id":763,"date":"2015-05-29T10:52:18","date_gmt":"2015-05-29T10:52:18","guid":{"rendered":"http:\/\/valderrobres-candida.com\/?p=763"},"modified":"2015-11-13T09:27:05","modified_gmt":"2015-11-13T09:27:05","slug":"10-motivos-por-los-que-viajar-al-matarrana","status":"publish","type":"post","link":"https:\/\/valderrobres-candida.com\/cat\/blog\/2015\/05\/29\/10-motivos-por-los-que-viajar-al-matarrana\/","title":{"rendered":"10 motivos por los que viajar al Matarra\u00f1a"},"content":{"rendered":"<p>Nosotros amamos nuestra tierra y todo lo que la envuelve, pero si t\u00fa a\u00fan no te has decidido a venir y conocerla, \u00a1tenemos la soluci\u00f3n! Hemos decidido resumir en 15 todas las razones por las cuales deber\u00edas viajar al Matarra\u00f1a en tus pr\u00f3ximas vacaciones: \u00a1por algo le llaman la<strong> &#8220;Toscana Aragonesa&#8221;<\/strong>!<\/p>\n<p>As\u00ed pues, te contamos todas las cosas que seguro te sorprender\u00e1n si te adentras a esta provincia de Teruel:<\/p>\n<p><strong>1) Las rutas paisaj\u00edsticas:<\/strong> El matarra\u00f1a est\u00e1 lleno de paisajes asombrosos que el hombre no ha modificado de forma artificial. Poder contemplar el verde del bosque, las monta\u00f1as rocosas y el agua de los r\u00edos es todo un privilegio! Adem\u00e1s, tienes mil rutas para realizar: Los Puertos de Beceite, El Parrizal, Las Pesqueras, las rocas del Masmut&#8230;\u00a1t\u00fa eliges!<\/p>\n<p><!--more--><\/p>\n<p><a href=\"http:\/\/valderrobres-candida.com\/wp-content\/uploads\/rio-ulldemo-Beceite-Lagaya-Apartaments-Valderrobres.jpg\"><img loading=\"lazy\" decoding=\"async\" width=\"650\" height=\"487\" class=\"aligncenter size-full wp-image-749\" src=\"http:\/\/valderrobres-candida.com\/wp-content\/uploads\/rio-ulldemo-Beceite-Lagaya-Apartaments-Valderrobres.jpg\" alt=\"rio-ulldemo-Beceite-Lagaya-Apartaments-Valderrobres\" srcset=\"https:\/\/valderrobres-candida.com\/cat\/wp-content\/uploads\/sites\/4\/rio-ulldemo-Beceite-Lagaya-Apartaments-Valderrobres.jpg 650w, https:\/\/valderrobres-candida.com\/cat\/wp-content\/uploads\/sites\/4\/rio-ulldemo-Beceite-Lagaya-Apartaments-Valderrobres-300x224.jpg 300w, https:\/\/valderrobres-candida.com\/cat\/wp-content\/uploads\/sites\/4\/rio-ulldemo-Beceite-Lagaya-Apartaments-Valderrobres-100x74.jpg 100w\" sizes=\"auto, (max-width: 650px) 100vw, 650px\" \/><\/a><\/p>\n<p><strong>2) La gastronom\u00eda<\/strong>: los sabores intensos de la comarca. El Matarra\u00f1a es una zona que se caracteriza por la producci\u00f3n de grandes materias primas de forma artesanal: el olivo, los almendros, melocotones e incluso cerezas&#8230;sin dejar de lado la ganader\u00eda: cerdo y cordero. Y adem\u00e1s de buenos productos, tambi\u00e9n somos buenos cocineros y encima con paciencia: elaboramos los platos con el cari\u00f1o y el car\u00e1cter artesanal de toda la vida, el pan en el horno de le\u00f1a, y la miel delicadamente recolectada. Ah, y no debemos olvidar que tenemos la Escuela de Hosteler\u00eda!<\/p>\n<p><a href=\"http:\/\/valderrobres-candida.com\/wp-content\/uploads\/img_9054.jpg\"><img loading=\"lazy\" decoding=\"async\" width=\"3264\" height=\"2448\" class=\"aligncenter size-full wp-image-729\" src=\"http:\/\/valderrobres-candida.com\/wp-content\/uploads\/img_9054.jpg\" alt=\"img_9054\" srcset=\"https:\/\/valderrobres-candida.com\/cat\/wp-content\/uploads\/sites\/4\/img_9054.jpg 3264w, https:\/\/valderrobres-candida.com\/cat\/wp-content\/uploads\/sites\/4\/img_9054-300x225.jpg 300w, https:\/\/valderrobres-candida.com\/cat\/wp-content\/uploads\/sites\/4\/img_9054-1024x768.jpg 1024w, https:\/\/valderrobres-candida.com\/cat\/wp-content\/uploads\/sites\/4\/img_9054-100x75.jpg 100w\" sizes=\"auto, (max-width: 3264px) 100vw, 3264px\" \/><\/a><\/p>\n<p><strong>3) El patrimonio cultural y arquitect\u00f3nico: <\/strong>El Matarra\u00f1a est\u00e1 lleno de peque\u00f1os pueblos con un encanto especial, muchos de los cuales han estado declarados patrimonio de la humanidad. Y es que las peque\u00f1as calles, las casas adosadas y se\u00f1oriales, las iglesias de diversas \u00e9pocas y estilos arquitect\u00f3nicos y art\u00edsticos&#8230;Todos los detalles que componen nuestros pueblos emanan historia, artesan\u00eda y arte. En especial, os recomendamos visitar El castillo de Valderrobres, el casco antiguo de R\u00e1fales y la Iglesia de Calaceite<\/p>\n<p><a href=\"http:\/\/valderrobres-candida.com\/wp-content\/uploads\/es_20071227_1_5038157_captured.jpg\"><img loading=\"lazy\" decoding=\"async\" width=\"1704\" height=\"2272\" class=\"aligncenter size-full wp-image-652\" src=\"http:\/\/valderrobres-candida.com\/wp-content\/uploads\/es_20071227_1_5038157_captured.jpg\" alt=\"es_20071227_1_5038157_captured\" srcset=\"https:\/\/valderrobres-candida.com\/cat\/wp-content\/uploads\/sites\/4\/es_20071227_1_5038157_captured.jpg 1704w, https:\/\/valderrobres-candida.com\/cat\/wp-content\/uploads\/sites\/4\/es_20071227_1_5038157_captured-224x300.jpg 224w, https:\/\/valderrobres-candida.com\/cat\/wp-content\/uploads\/sites\/4\/es_20071227_1_5038157_captured-768x1024.jpg 768w, https:\/\/valderrobres-candida.com\/cat\/wp-content\/uploads\/sites\/4\/es_20071227_1_5038157_captured-75x100.jpg 75w\" sizes=\"auto, (max-width: 1704px) 100vw, 1704px\" \/><\/a><\/p>\n<p><strong>\u00a04)Las personas:<\/strong> en nuestra comarca, encontrar\u00e1s una hospitalidad grandiosa. la gente es aut\u00e9ntica y amable, y estaremos encantados de mostrarte todo lo bueno de nuestras tierras.<\/p>\n<p><strong>5)La paz:<\/strong> aqu\u00ed podr\u00e1s encontrar toda aquella tranquilidad de la que no se goza en la ciudad. Si necesitas evadirte del estr\u00e9s de la rutina, en el Matarra\u00f1a es imposible no relajarse y empaparse de la paz de los pueblos, el silencio de las calles y el ru\u00eddo tranquilizador del r\u00edo.<\/p>\n<p><a href=\"http:\/\/valderrobres-candida.com\/wp-content\/uploads\/7120794661_0fea2318b5_z1.jpg\"><img loading=\"lazy\" decoding=\"async\" width=\"640\" height=\"425\" class=\"aligncenter size-full wp-image-646\" src=\"http:\/\/valderrobres-candida.com\/wp-content\/uploads\/7120794661_0fea2318b5_z1.jpg\" alt=\"7120794661_0fea2318b5_z\" srcset=\"https:\/\/valderrobres-candida.com\/cat\/wp-content\/uploads\/sites\/4\/7120794661_0fea2318b5_z1.jpg 640w, https:\/\/valderrobres-candida.com\/cat\/wp-content\/uploads\/sites\/4\/7120794661_0fea2318b5_z1-300x199.jpg 300w, https:\/\/valderrobres-candida.com\/cat\/wp-content\/uploads\/sites\/4\/7120794661_0fea2318b5_z1-100x66.jpg 100w, https:\/\/valderrobres-candida.com\/cat\/wp-content\/uploads\/sites\/4\/7120794661_0fea2318b5_z1-330x220.jpg 330w, https:\/\/valderrobres-candida.com\/cat\/wp-content\/uploads\/sites\/4\/7120794661_0fea2318b5_z1-450x300.jpg 450w\" sizes=\"auto, (max-width: 640px) 100vw, 640px\" \/><\/a><\/p>\n<p><strong>6)Fauna y flora: <\/strong>Adem\u00e1s de paisajes preciosos, tambi\u00e9n tenemos zonas preservadas como patrimonio natural y mucha fauna y flora. Si tienes suerte, podr\u00e1s encontrate con animales y especies diferentes: cabras hisp\u00e1nicas, jabal\u00edes, buhos, halcones e incluso buitres. En los r\u00edos, tambi\u00e9n podr\u00e1s encontrar truchas y cangrejos. \u00a1Vive la aventura!<\/p>\n<p><strong>7)La historia: <\/strong>La comarca conserva un gran legado del pasado: desde pinturas rupestres, fortificaciones, puentes, iglesias y edificios barrocos y g\u00f3ticos. Todos esos elementos nos ayudan a recrear y entender una gran parte de la historia, y de las pasadas tradiciones, culturas y vivencias.<\/p>\n<p><a href=\"http:\/\/valderrobres-candida.com\/wp-content\/uploads\/salida-tambores-valderrobres1.jpg\"><img loading=\"lazy\" decoding=\"async\" width=\"400\" height=\"551\" class=\"aligncenter size-full wp-image-735\" src=\"http:\/\/valderrobres-candida.com\/wp-content\/uploads\/salida-tambores-valderrobres1.jpg\" alt=\"salida-tambores-valderrobres\" srcset=\"https:\/\/valderrobres-candida.com\/cat\/wp-content\/uploads\/sites\/4\/salida-tambores-valderrobres1.jpg 400w, https:\/\/valderrobres-candida.com\/cat\/wp-content\/uploads\/sites\/4\/salida-tambores-valderrobres1-217x300.jpg 217w, https:\/\/valderrobres-candida.com\/cat\/wp-content\/uploads\/sites\/4\/salida-tambores-valderrobres1-72x100.jpg 72w\" sizes=\"auto, (max-width: 400px) 100vw, 400px\" \/><\/a><\/p>\n<p><strong>8)La aventura: <\/strong>Si te gusta la adrenalina, este es tu sitio. Tienes mil opciones de actividades aventureras en el Matarra\u00f1a: puedes practicar escalada, ir en Quat, hacer descenso de barrancos, montar a caballo, senderismo, kayak, ir en bici&#8230;Hay mil opciones y muchas empresas que se dedican a ofrecerte diversi\u00f3n a tu medida. Sobretodo: disfruta del aire libre.<\/p>\n<p><a href=\"http:\/\/valderrobres-candida.com\/wp-content\/uploads\/FOTO-MULTIAVENTURA-VIA-VERDA-ASSUT-DE-XERTA.jpg\"><img loading=\"lazy\" decoding=\"async\" width=\"1600\" height=\"1156\" class=\"aligncenter size-full wp-image-764\" src=\"http:\/\/valderrobres-candida.com\/wp-content\/uploads\/FOTO-MULTIAVENTURA-VIA-VERDA-ASSUT-DE-XERTA.jpg\" alt=\"FOTO-MULTIAVENTURA-VIA-VERDA-ASSUT-DE-XERTA\" srcset=\"https:\/\/valderrobres-candida.com\/cat\/wp-content\/uploads\/sites\/4\/FOTO-MULTIAVENTURA-VIA-VERDA-ASSUT-DE-XERTA.jpg 1600w, https:\/\/valderrobres-candida.com\/cat\/wp-content\/uploads\/sites\/4\/FOTO-MULTIAVENTURA-VIA-VERDA-ASSUT-DE-XERTA-300x216.jpg 300w, https:\/\/valderrobres-candida.com\/cat\/wp-content\/uploads\/sites\/4\/FOTO-MULTIAVENTURA-VIA-VERDA-ASSUT-DE-XERTA-1024x739.jpg 1024w, https:\/\/valderrobres-candida.com\/cat\/wp-content\/uploads\/sites\/4\/FOTO-MULTIAVENTURA-VIA-VERDA-ASSUT-DE-XERTA-100x72.jpg 100w\" sizes=\"auto, (max-width: 1600px) 100vw, 1600px\" \/><\/a><\/p>\n<p><strong>9)El buen tiempo: <\/strong>\u00bfVerdad que en Italia el tiempo es ideal? Lo mismo pasa en el Matarra\u00f1a. se caracteriza por tener unas temperaturas muy moderadas y agradables, y el sol \u00a1siempre brilla!<\/p>\n<p><strong>10) Las actividade<\/strong>s: Matarra\u00f1a es una comarca poco habitada, pero muy activa y llena de energ\u00eda: cada fin de semana puedes encotrar actividades \u00a0l\u00fadicas, culturales y gastron\u00f3micas con las que disfrutar de los m\u00e1s peque\u00f1os a los mayores. \u00a1D\u00e9jate sorprender!<\/p>\n<p><a href=\"http:\/\/valderrobres-candida.com\/wp-content\/uploads\/dani-pedrosa-motorland.jpg\"><img loading=\"lazy\" decoding=\"async\" width=\"4896\" height=\"3264\" class=\"aligncenter size-full wp-image-722\" src=\"http:\/\/valderrobres-candida.com\/wp-content\/uploads\/dani-pedrosa-motorland.jpg\" alt=\"14 GP Misano 28 29 y 30 de septiembre de 2012\" srcset=\"https:\/\/valderrobres-candida.com\/cat\/wp-content\/uploads\/sites\/4\/dani-pedrosa-motorland.jpg 4896w, https:\/\/valderrobres-candida.com\/cat\/wp-content\/uploads\/sites\/4\/dani-pedrosa-motorland-300x200.jpg 300w, https:\/\/valderrobres-candida.com\/cat\/wp-content\/uploads\/sites\/4\/dani-pedrosa-motorland-1024x682.jpg 1024w, https:\/\/valderrobres-candida.com\/cat\/wp-content\/uploads\/sites\/4\/dani-pedrosa-motorland-100x66.jpg 100w, https:\/\/valderrobres-candida.com\/cat\/wp-content\/uploads\/sites\/4\/dani-pedrosa-motorland-330x220.jpg 330w, https:\/\/valderrobres-candida.com\/cat\/wp-content\/uploads\/sites\/4\/dani-pedrosa-motorland-450x300.jpg 450w\" sizes=\"auto, (max-width: 4896px) 100vw, 4896px\" \/><\/a><\/p>\n<p>Ya sabes, <strong>lev\u00e1nta del ordenador y ll\u00e1manos para reservar<\/strong>! Un lugar pr\u00f3ximo en el que disfrutar de todo lo que puedas imaginar.<\/p>\n","protected":false},"excerpt":{"rendered":"<p>Nosotros amamos nuestra tierra y todo lo que la envuelve, pero si t\u00fa a\u00fan no te has decidido a venir y conocerla, \u00a1tenemos la soluci\u00f3n! Hemos decidido resumir en 15 todas las razones por las cuales deber\u00edas viajar al Matarra\u00f1a en tus pr\u00f3ximas vacaciones: \u00a1por algo le llaman la &#8220;Toscana Aragonesa&#8221;! As\u00ed pues, te contamos<\/p>\n","protected":false},"author":2,"featured_media":764,"comment_status":"open","ping_status":"open","sticky":false,"template":"","format":"standard","meta":{"footnotes":""},"categories":[17,18,13],"tags":[100,30,12,51,32,28],"class_list":["post-763","post","type-post","status-publish","format-standard","has-post-thumbnail","hentry","category-medios","category-noticias","category-rutas","tag-actividades-aventura","tag-casa-rural","tag-matarrana","tag-teruel","tag-turismo-rural","tag-valderrobres"],"yoast_head":"<!-- This site is optimized with the Yoast SEO plugin v26.7 - https:\/\/yoast.com\/wordpress\/plugins\/seo\/ -->\n<title>10 motivos por los que viajar al Matarra\u00f1a \/ Do\u00f1a c\u00e1ndida<\/title>\n<meta name=\"description\" content=\"15 razones por las cuales deber\u00edas viajar al Matarra\u00f1a en tus pr\u00f3ximas vacaciones: \u00a1por algo le llaman la &quot;Toscana Aragonesa&quot;!\" \/>\n<meta name=\"robots\" content=\"index, follow, max-snippet:-1, max-image-preview:large, max-video-preview:-1\" \/>\n<link rel=\"canonical\" href=\"https:\/\/valderrobres-candida.com\/cat\/blog\/2015\/05\/29\/10-motivos-por-los-que-viajar-al-matarrana\/\" \/>\n<meta property=\"og:locale\" content=\"ca_ES\" \/>\n<meta property=\"og:type\" content=\"article\" \/>\n<meta property=\"og:title\" content=\"10 motivos por los que viajar al Matarra\u00f1a \/ Do\u00f1a c\u00e1ndida\" \/>\n<meta property=\"og:description\" content=\"15 razones por las cuales deber\u00edas viajar al Matarra\u00f1a en tus pr\u00f3ximas vacaciones: \u00a1por algo le llaman la &quot;Toscana Aragonesa&quot;!\" \/>\n<meta property=\"og:url\" content=\"https:\/\/valderrobres-candida.com\/cat\/blog\/2015\/05\/29\/10-motivos-por-los-que-viajar-al-matarrana\/\" \/>\n<meta property=\"og:site_name\" content=\"Valderrobres Candida CAT\" \/>\n<meta property=\"article:published_time\" content=\"2015-05-29T10:52:18+00:00\" \/>\n<meta property=\"article:modified_time\" content=\"2015-11-13T09:27:05+00:00\" \/>\n<meta property=\"og:image\" content=\"https:\/\/valderrobres-candida.com\/cat\/wp-content\/uploads\/sites\/4\/FOTO-MULTIAVENTURA-VIA-VERDA-ASSUT-DE-XERTA.jpg\" \/>\n\t<meta property=\"og:image:width\" content=\"1600\" \/>\n\t<meta property=\"og:image:height\" content=\"1156\" \/>\n\t<meta property=\"og:image:type\" content=\"image\/jpeg\" \/>\n<meta name=\"author\" content=\"Dona Candida\" \/>\n<meta name=\"twitter:card\" content=\"summary_large_image\" \/>\n<meta name=\"twitter:label1\" content=\"Escrit per\" \/>\n\t<meta name=\"twitter:data1\" content=\"Dona Candida\" \/>\n\t<meta name=\"twitter:label2\" content=\"Temps estimat de lectura\" \/>\n\t<meta name=\"twitter:data2\" content=\"3 minuts\" \/>\n<script type=\"application\/ld+json\" class=\"yoast-schema-graph\">{\"@context\":\"https:\/\/schema.org\",\"@graph\":[{\"@type\":\"Article\",\"@id\":\"https:\/\/valderrobres-candida.com\/cat\/blog\/2015\/05\/29\/10-motivos-por-los-que-viajar-al-matarrana\/#article\",\"isPartOf\":{\"@id\":\"https:\/\/valderrobres-candida.com\/cat\/blog\/2015\/05\/29\/10-motivos-por-los-que-viajar-al-matarrana\/\"},\"author\":{\"name\":\"Dona Candida\",\"@id\":\"https:\/\/valderrobres-candida.com\/cat\/#\/schema\/person\/8613fd4f70379c16b4872f38d1586c86\"},\"headline\":\"10 motivos por los que viajar al Matarra\u00f1a\",\"datePublished\":\"2015-05-29T10:52:18+00:00\",\"dateModified\":\"2015-11-13T09:27:05+00:00\",\"mainEntityOfPage\":{\"@id\":\"https:\/\/valderrobres-candida.com\/cat\/blog\/2015\/05\/29\/10-motivos-por-los-que-viajar-al-matarrana\/\"},\"wordCount\":687,\"commentCount\":0,\"image\":{\"@id\":\"https:\/\/valderrobres-candida.com\/cat\/blog\/2015\/05\/29\/10-motivos-por-los-que-viajar-al-matarrana\/#primaryimage\"},\"thumbnailUrl\":\"https:\/\/valderrobres-candida.com\/cat\/wp-content\/uploads\/sites\/4\/FOTO-MULTIAVENTURA-VIA-VERDA-ASSUT-DE-XERTA.jpg\",\"keywords\":[\"actividades aventura\",\"casa rural\",\"matarra\u00f1a\",\"teruel\",\"turismo rural\",\"valderrobres\"],\"articleSection\":[\"Medios\",\"Not\u00edcias\",\"Rutas\"],\"inLanguage\":\"ca\",\"potentialAction\":[{\"@type\":\"CommentAction\",\"name\":\"Comment\",\"target\":[\"https:\/\/valderrobres-candida.com\/cat\/blog\/2015\/05\/29\/10-motivos-por-los-que-viajar-al-matarrana\/#respond\"]}]},{\"@type\":\"WebPage\",\"@id\":\"https:\/\/valderrobres-candida.com\/cat\/blog\/2015\/05\/29\/10-motivos-por-los-que-viajar-al-matarrana\/\",\"url\":\"https:\/\/valderrobres-candida.com\/cat\/blog\/2015\/05\/29\/10-motivos-por-los-que-viajar-al-matarrana\/\",\"name\":\"10 motivos por los que viajar al Matarra\u00f1a \/ Do\u00f1a c\u00e1ndida\",\"isPartOf\":{\"@id\":\"https:\/\/valderrobres-candida.com\/cat\/#website\"},\"primaryImageOfPage\":{\"@id\":\"https:\/\/valderrobres-candida.com\/cat\/blog\/2015\/05\/29\/10-motivos-por-los-que-viajar-al-matarrana\/#primaryimage\"},\"image\":{\"@id\":\"https:\/\/valderrobres-candida.com\/cat\/blog\/2015\/05\/29\/10-motivos-por-los-que-viajar-al-matarrana\/#primaryimage\"},\"thumbnailUrl\":\"https:\/\/valderrobres-candida.com\/cat\/wp-content\/uploads\/sites\/4\/FOTO-MULTIAVENTURA-VIA-VERDA-ASSUT-DE-XERTA.jpg\",\"datePublished\":\"2015-05-29T10:52:18+00:00\",\"dateModified\":\"2015-11-13T09:27:05+00:00\",\"author\":{\"@id\":\"https:\/\/valderrobres-candida.com\/cat\/#\/schema\/person\/8613fd4f70379c16b4872f38d1586c86\"},\"description\":\"15 razones por las cuales deber\u00edas viajar al Matarra\u00f1a en tus pr\u00f3ximas vacaciones: \u00a1por algo le llaman la \\\"Toscana Aragonesa\\\"!\",\"breadcrumb\":{\"@id\":\"https:\/\/valderrobres-candida.com\/cat\/blog\/2015\/05\/29\/10-motivos-por-los-que-viajar-al-matarrana\/#breadcrumb\"},\"inLanguage\":\"ca\",\"potentialAction\":[{\"@type\":\"ReadAction\",\"target\":[\"https:\/\/valderrobres-candida.com\/cat\/blog\/2015\/05\/29\/10-motivos-por-los-que-viajar-al-matarrana\/\"]}]},{\"@type\":\"ImageObject\",\"inLanguage\":\"ca\",\"@id\":\"https:\/\/valderrobres-candida.com\/cat\/blog\/2015\/05\/29\/10-motivos-por-los-que-viajar-al-matarrana\/#primaryimage\",\"url\":\"https:\/\/valderrobres-candida.com\/cat\/wp-content\/uploads\/sites\/4\/FOTO-MULTIAVENTURA-VIA-VERDA-ASSUT-DE-XERTA.jpg\",\"contentUrl\":\"https:\/\/valderrobres-candida.com\/cat\/wp-content\/uploads\/sites\/4\/FOTO-MULTIAVENTURA-VIA-VERDA-ASSUT-DE-XERTA.jpg\",\"width\":1600,\"height\":1156},{\"@type\":\"BreadcrumbList\",\"@id\":\"https:\/\/valderrobres-candida.com\/cat\/blog\/2015\/05\/29\/10-motivos-por-los-que-viajar-al-matarrana\/#breadcrumb\",\"itemListElement\":[{\"@type\":\"ListItem\",\"position\":1,\"name\":\"Portada\",\"item\":\"https:\/\/valderrobres-candida.com\/cat\/\"},{\"@type\":\"ListItem\",\"position\":2,\"name\":\"10 motivos por los que viajar al Matarra\u00f1a\"}]},{\"@type\":\"WebSite\",\"@id\":\"https:\/\/valderrobres-candida.com\/cat\/#website\",\"url\":\"https:\/\/valderrobres-candida.com\/cat\/\",\"name\":\"Valderrobres Candida CAT\",\"description\":\"\",\"potentialAction\":[{\"@type\":\"SearchAction\",\"target\":{\"@type\":\"EntryPoint\",\"urlTemplate\":\"https:\/\/valderrobres-candida.com\/cat\/?s={search_term_string}\"},\"query-input\":{\"@type\":\"PropertyValueSpecification\",\"valueRequired\":true,\"valueName\":\"search_term_string\"}}],\"inLanguage\":\"ca\"},{\"@type\":\"Person\",\"@id\":\"https:\/\/valderrobres-candida.com\/cat\/#\/schema\/person\/8613fd4f70379c16b4872f38d1586c86\",\"name\":\"Dona Candida\",\"image\":{\"@type\":\"ImageObject\",\"inLanguage\":\"ca\",\"@id\":\"https:\/\/valderrobres-candida.com\/cat\/#\/schema\/person\/image\/\",\"url\":\"https:\/\/secure.gravatar.com\/avatar\/76fd4c271644e4e26cd86dc06e3e376a616136f923138060c3acbe8187b3d2bc?s=96&d=mm&r=g\",\"contentUrl\":\"https:\/\/secure.gravatar.com\/avatar\/76fd4c271644e4e26cd86dc06e3e376a616136f923138060c3acbe8187b3d2bc?s=96&d=mm&r=g\",\"caption\":\"Dona Candida\"},\"url\":\"https:\/\/valderrobres-candida.com\/cat\/blog\/author\/dona-candida\/\"}]}<\/script>\n<!-- \/ Yoast SEO plugin. -->","yoast_head_json":{"title":"10 motivos por los que viajar al Matarra\u00f1a \/ Do\u00f1a c\u00e1ndida","description":"15 razones por las cuales deber\u00edas viajar al Matarra\u00f1a en tus pr\u00f3ximas vacaciones: \u00a1por algo le llaman la \"Toscana Aragonesa\"!","robots":{"index":"index","follow":"follow","max-snippet":"max-snippet:-1","max-image-preview":"max-image-preview:large","max-video-preview":"max-video-preview:-1"},"canonical":"https:\/\/valderrobres-candida.com\/cat\/blog\/2015\/05\/29\/10-motivos-por-los-que-viajar-al-matarrana\/","og_locale":"ca_ES","og_type":"article","og_title":"10 motivos por los que viajar al Matarra\u00f1a \/ Do\u00f1a c\u00e1ndida","og_description":"15 razones por las cuales deber\u00edas viajar al Matarra\u00f1a en tus pr\u00f3ximas vacaciones: \u00a1por algo le llaman la \"Toscana Aragonesa\"!","og_url":"https:\/\/valderrobres-candida.com\/cat\/blog\/2015\/05\/29\/10-motivos-por-los-que-viajar-al-matarrana\/","og_site_name":"Valderrobres Candida CAT","article_published_time":"2015-05-29T10:52:18+00:00","article_modified_time":"2015-11-13T09:27:05+00:00","og_image":[{"width":1600,"height":1156,"url":"https:\/\/valderrobres-candida.com\/cat\/wp-content\/uploads\/sites\/4\/FOTO-MULTIAVENTURA-VIA-VERDA-ASSUT-DE-XERTA.jpg","type":"image\/jpeg"}],"author":"Dona Candida","twitter_card":"summary_large_image","twitter_misc":{"Escrit per":"Dona Candida","Temps estimat de lectura":"3 minuts"},"schema":{"@context":"https:\/\/schema.org","@graph":[{"@type":"Article","@id":"https:\/\/valderrobres-candida.com\/cat\/blog\/2015\/05\/29\/10-motivos-por-los-que-viajar-al-matarrana\/#article","isPartOf":{"@id":"https:\/\/valderrobres-candida.com\/cat\/blog\/2015\/05\/29\/10-motivos-por-los-que-viajar-al-matarrana\/"},"author":{"name":"Dona Candida","@id":"https:\/\/valderrobres-candida.com\/cat\/#\/schema\/person\/8613fd4f70379c16b4872f38d1586c86"},"headline":"10 motivos por los que viajar al Matarra\u00f1a","datePublished":"2015-05-29T10:52:18+00:00","dateModified":"2015-11-13T09:27:05+00:00","mainEntityOfPage":{"@id":"https:\/\/valderrobres-candida.com\/cat\/blog\/2015\/05\/29\/10-motivos-por-los-que-viajar-al-matarrana\/"},"wordCount":687,"commentCount":0,"image":{"@id":"https:\/\/valderrobres-candida.com\/cat\/blog\/2015\/05\/29\/10-motivos-por-los-que-viajar-al-matarrana\/#primaryimage"},"thumbnailUrl":"https:\/\/valderrobres-candida.com\/cat\/wp-content\/uploads\/sites\/4\/FOTO-MULTIAVENTURA-VIA-VERDA-ASSUT-DE-XERTA.jpg","keywords":["actividades aventura","casa rural","matarra\u00f1a","teruel","turismo rural","valderrobres"],"articleSection":["Medios","Not\u00edcias","Rutas"],"inLanguage":"ca","potentialAction":[{"@type":"CommentAction","name":"Comment","target":["https:\/\/valderrobres-candida.com\/cat\/blog\/2015\/05\/29\/10-motivos-por-los-que-viajar-al-matarrana\/#respond"]}]},{"@type":"WebPage","@id":"https:\/\/valderrobres-candida.com\/cat\/blog\/2015\/05\/29\/10-motivos-por-los-que-viajar-al-matarrana\/","url":"https:\/\/valderrobres-candida.com\/cat\/blog\/2015\/05\/29\/10-motivos-por-los-que-viajar-al-matarrana\/","name":"10 motivos por los que viajar al Matarra\u00f1a \/ Do\u00f1a c\u00e1ndida","isPartOf":{"@id":"https:\/\/valderrobres-candida.com\/cat\/#website"},"primaryImageOfPage":{"@id":"https:\/\/valderrobres-candida.com\/cat\/blog\/2015\/05\/29\/10-motivos-por-los-que-viajar-al-matarrana\/#primaryimage"},"image":{"@id":"https:\/\/valderrobres-candida.com\/cat\/blog\/2015\/05\/29\/10-motivos-por-los-que-viajar-al-matarrana\/#primaryimage"},"thumbnailUrl":"https:\/\/valderrobres-candida.com\/cat\/wp-content\/uploads\/sites\/4\/FOTO-MULTIAVENTURA-VIA-VERDA-ASSUT-DE-XERTA.jpg","datePublished":"2015-05-29T10:52:18+00:00","dateModified":"2015-11-13T09:27:05+00:00","author":{"@id":"https:\/\/valderrobres-candida.com\/cat\/#\/schema\/person\/8613fd4f70379c16b4872f38d1586c86"},"description":"15 razones por las cuales deber\u00edas viajar al Matarra\u00f1a en tus pr\u00f3ximas vacaciones: \u00a1por algo le llaman la \"Toscana Aragonesa\"!","breadcrumb":{"@id":"https:\/\/valderrobres-candida.com\/cat\/blog\/2015\/05\/29\/10-motivos-por-los-que-viajar-al-matarrana\/#breadcrumb"},"inLanguage":"ca","potentialAction":[{"@type":"ReadAction","target":["https:\/\/valderrobres-candida.com\/cat\/blog\/2015\/05\/29\/10-motivos-por-los-que-viajar-al-matarrana\/"]}]},{"@type":"ImageObject","inLanguage":"ca","@id":"https:\/\/valderrobres-candida.com\/cat\/blog\/2015\/05\/29\/10-motivos-por-los-que-viajar-al-matarrana\/#primaryimage","url":"https:\/\/valderrobres-candida.com\/cat\/wp-content\/uploads\/sites\/4\/FOTO-MULTIAVENTURA-VIA-VERDA-ASSUT-DE-XERTA.jpg","contentUrl":"https:\/\/valderrobres-candida.com\/cat\/wp-content\/uploads\/sites\/4\/FOTO-MULTIAVENTURA-VIA-VERDA-ASSUT-DE-XERTA.jpg","width":1600,"height":1156},{"@type":"BreadcrumbList","@id":"https:\/\/valderrobres-candida.com\/cat\/blog\/2015\/05\/29\/10-motivos-por-los-que-viajar-al-matarrana\/#breadcrumb","itemListElement":[{"@type":"ListItem","position":1,"name":"Portada","item":"https:\/\/valderrobres-candida.com\/cat\/"},{"@type":"ListItem","position":2,"name":"10 motivos por los que viajar al Matarra\u00f1a"}]},{"@type":"WebSite","@id":"https:\/\/valderrobres-candida.com\/cat\/#website","url":"https:\/\/valderrobres-candida.com\/cat\/","name":"Valderrobres Candida CAT","description":"","potentialAction":[{"@type":"SearchAction","target":{"@type":"EntryPoint","urlTemplate":"https:\/\/valderrobres-candida.com\/cat\/?s={search_term_string}"},"query-input":{"@type":"PropertyValueSpecification","valueRequired":true,"valueName":"search_term_string"}}],"inLanguage":"ca"},{"@type":"Person","@id":"https:\/\/valderrobres-candida.com\/cat\/#\/schema\/person\/8613fd4f70379c16b4872f38d1586c86","name":"Dona Candida","image":{"@type":"ImageObject","inLanguage":"ca","@id":"https:\/\/valderrobres-candida.com\/cat\/#\/schema\/person\/image\/","url":"https:\/\/secure.gravatar.com\/avatar\/76fd4c271644e4e26cd86dc06e3e376a616136f923138060c3acbe8187b3d2bc?s=96&d=mm&r=g","contentUrl":"https:\/\/secure.gravatar.com\/avatar\/76fd4c271644e4e26cd86dc06e3e376a616136f923138060c3acbe8187b3d2bc?s=96&d=mm&r=g","caption":"Dona Candida"},"url":"https:\/\/valderrobres-candida.com\/cat\/blog\/author\/dona-candida\/"}]}},"_links":{"self":[{"href":"https:\/\/valderrobres-candida.com\/cat\/wp-json\/wp\/v2\/posts\/763","targetHints":{"allow":["GET"]}}],"collection":[{"href":"https:\/\/valderrobres-candida.com\/cat\/wp-json\/wp\/v2\/posts"}],"about":[{"href":"https:\/\/valderrobres-candida.com\/cat\/wp-json\/wp\/v2\/types\/post"}],"author":[{"embeddable":true,"href":"https:\/\/valderrobres-candida.com\/cat\/wp-json\/wp\/v2\/users\/2"}],"replies":[{"embeddable":true,"href":"https:\/\/valderrobres-candida.com\/cat\/wp-json\/wp\/v2\/comments?post=763"}],"version-history":[{"count":2,"href":"https:\/\/valderrobres-candida.com\/cat\/wp-json\/wp\/v2\/posts\/763\/revisions"}],"predecessor-version":[{"id":766,"href":"https:\/\/valderrobres-candida.com\/cat\/wp-json\/wp\/v2\/posts\/763\/revisions\/766"}],"wp:featuredmedia":[{"embeddable":true,"href":"https:\/\/valderrobres-candida.com\/cat\/wp-json\/wp\/v2\/media\/764"}],"wp:attachment":[{"href":"https:\/\/valderrobres-candida.com\/cat\/wp-json\/wp\/v2\/media?parent=763"}],"wp:term":[{"taxonomy":"category","embeddable":true,"href":"https:\/\/valderrobres-candida.com\/cat\/wp-json\/wp\/v2\/categories?post=763"},{"taxonomy":"post_tag","embeddable":true,"href":"https:\/\/valderrobres-candida.com\/cat\/wp-json\/wp\/v2\/tags?post=763"}],"curies":[{"name":"wp","href":"https:\/\/api.w.org\/{rel}","templated":true}]}}