{"id":775,"date":"2015-06-18T10:36:31","date_gmt":"2015-06-18T10:36:31","guid":{"rendered":"http:\/\/valderrobres-candida.com\/?p=775"},"modified":"2015-12-17T15:47:54","modified_gmt":"2015-12-17T15:47:54","slug":"relajate-en-la-toscana-aragonesa","status":"publish","type":"post","link":"https:\/\/valderrobres-candida.com\/cat\/blog\/2015\/06\/18\/relajate-en-la-toscana-aragonesa\/","title":{"rendered":"Rel\u00e1jate en la toscana aragonesa"},"content":{"rendered":"<p>La<strong> comarca aragonesa<\/strong> y en especial, la zona del Matarra\u00f1a constituye una <strong>explosi\u00f3n de patrimonio cultural y paisaj\u00edstico, por eso le llamamos Toscana Aragonesa<\/strong>. Cerca de Catalu\u00f1a, compartimos con ella un entorno natural preciosos ya algunas tradiciones. Aun as\u00ed, nuestros pueblos son \u00fanicos e irrepetibles: por eso te proponemos una ruta por todos ellos y sus puntos m\u00e1s interesantes<\/p>\n<p><strong>Puertos de Beceite<\/strong>: \u201cEls Ports de Besseit\u201d son famosos en todo el Matarra\u00f1a. Se trata de un mazizo que cruza Catalu\u00f1a hasta llegar a Arag\u00f3n, haciendo nacer preciosos paisajes, r\u00edos y barrancos<\/p>\n<p><a href=\"http:\/\/valderrobres-candida.com\/wp-content\/uploads\/Els_Ports.jpg\"><img loading=\"lazy\" decoding=\"async\" width=\"1200\" height=\"900\" class=\"aligncenter size-full wp-image-553\" src=\"http:\/\/valderrobres-candida.com\/wp-content\/uploads\/Els_Ports.jpg\" alt=\"Els_Ports\" srcset=\"https:\/\/valderrobres-candida.com\/cat\/wp-content\/uploads\/sites\/4\/Els_Ports.jpg 1200w, https:\/\/valderrobres-candida.com\/cat\/wp-content\/uploads\/sites\/4\/Els_Ports-300x225.jpg 300w, https:\/\/valderrobres-candida.com\/cat\/wp-content\/uploads\/sites\/4\/Els_Ports-1024x768.jpg 1024w, https:\/\/valderrobres-candida.com\/cat\/wp-content\/uploads\/sites\/4\/Els_Ports-100x75.jpg 100w\" sizes=\"auto, (max-width: 1200px) 100vw, 1200px\" \/><\/a><\/p>\n<p><strong>Mazale\u00f3n:<\/strong> \u00e9ste municipio de Teruel conserva gran parte de sus or\u00edgienes m\u00e1s antiguos. Pinturas rupestres, vestigios de poblados neol\u00edticos&#8230;\u00a1hay mucho por descubrir! Lo que seguro no te puedes perder. Es la Iglesia de Santa Maria La Mayor, de un estilo g\u00f3tico, el antiguo castillo de Mazale\u00f3n o la Plaza mayor.<!--more--><\/p>\n<p><a href=\"http:\/\/valderrobres-candida.com\/wp-content\/uploads\/mazaleon.jpg\"><img loading=\"lazy\" decoding=\"async\" width=\"4272\" height=\"2848\" class=\"aligncenter size-full wp-image-776\" src=\"http:\/\/valderrobres-candida.com\/wp-content\/uploads\/mazaleon.jpg\" alt=\"mazaleon\" srcset=\"https:\/\/valderrobres-candida.com\/cat\/wp-content\/uploads\/sites\/4\/mazaleon.jpg 4272w, https:\/\/valderrobres-candida.com\/cat\/wp-content\/uploads\/sites\/4\/mazaleon-300x200.jpg 300w, https:\/\/valderrobres-candida.com\/cat\/wp-content\/uploads\/sites\/4\/mazaleon-1024x682.jpg 1024w, https:\/\/valderrobres-candida.com\/cat\/wp-content\/uploads\/sites\/4\/mazaleon-100x66.jpg 100w, https:\/\/valderrobres-candida.com\/cat\/wp-content\/uploads\/sites\/4\/mazaleon-330x220.jpg 330w, https:\/\/valderrobres-candida.com\/cat\/wp-content\/uploads\/sites\/4\/mazaleon-450x300.jpg 450w\" sizes=\"auto, (max-width: 4272px) 100vw, 4272px\" \/><\/a><\/p>\n<p><strong>Valljunquera:<\/strong> si visitas este pueblecito, te recomendamos su Iglesia parroquial, dedicada a San Miguel y de estilo barroco.<\/p>\n<p><a href=\"http:\/\/valderrobres-candida.com\/wp-content\/uploads\/IGLESIA-SAN-MIGUEL1.jpg\"><img loading=\"lazy\" decoding=\"async\" width=\"589\" height=\"880\" class=\"aligncenter size-full wp-image-777\" src=\"http:\/\/valderrobres-candida.com\/wp-content\/uploads\/IGLESIA-SAN-MIGUEL1.jpg\" alt=\"IGLESIA SAN MIGUEL1\" srcset=\"https:\/\/valderrobres-candida.com\/cat\/wp-content\/uploads\/sites\/4\/IGLESIA-SAN-MIGUEL1.jpg 589w, https:\/\/valderrobres-candida.com\/cat\/wp-content\/uploads\/sites\/4\/IGLESIA-SAN-MIGUEL1-200x300.jpg 200w, https:\/\/valderrobres-candida.com\/cat\/wp-content\/uploads\/sites\/4\/IGLESIA-SAN-MIGUEL1-66x100.jpg 66w\" sizes=\"auto, (max-width: 589px) 100vw, 589px\" \/><\/a><\/p>\n<p><strong>Torre del Compte:<\/strong> El nombre se lo da su alto campanario de la iglesia parroquial, dedicada a San Pedro M\u00e7artir. Adem\u00e1s, su plaza mayor es tambi\u00e9n preciosa: en ella se juntan muchas de las calles m\u00e1s especiales de la localidad, con casas se\u00f1oriales y palaciegas.<\/p>\n<p><a href=\"http:\/\/valderrobres-candida.com\/wp-content\/uploads\/torre-compte.jpg\"><img loading=\"lazy\" decoding=\"async\" width=\"996\" height=\"300\" class=\"aligncenter size-full wp-image-778\" src=\"http:\/\/valderrobres-candida.com\/wp-content\/uploads\/torre-compte.jpg\" alt=\"torre compte\" srcset=\"https:\/\/valderrobres-candida.com\/cat\/wp-content\/uploads\/sites\/4\/torre-compte.jpg 996w, https:\/\/valderrobres-candida.com\/cat\/wp-content\/uploads\/sites\/4\/torre-compte-300x90.jpg 300w, https:\/\/valderrobres-candida.com\/cat\/wp-content\/uploads\/sites\/4\/torre-compte-100x30.jpg 100w\" sizes=\"auto, (max-width: 996px) 100vw, 996px\" \/><\/a><\/p>\n<p><strong>R\u00e1fales<\/strong>: este pueblo, catalogado como conjunto Hist\u00f3rico-Art\u00edstico y Bien de Inter\u00e9s Cultural, es imprescindible si vienes al Matarra\u00f1a: cerca de la plaza principal es d\u00f3nde se encuentra su templo g\u00f3tico y la casa Consistorial, que enlaza con el portal de San Roque. En la parte alta de la localidad puedes descubrir restos del castillo medieval.<\/p>\n<p><a href=\"http:\/\/valderrobres-candida.com\/wp-content\/uploads\/Rafales_Teruel2.jpg\"><img loading=\"lazy\" decoding=\"async\" width=\"555\" height=\"416\" class=\"aligncenter size-full wp-image-779\" src=\"http:\/\/valderrobres-candida.com\/wp-content\/uploads\/Rafales_Teruel2.jpg\" alt=\"Rafales_Teruel2\" srcset=\"https:\/\/valderrobres-candida.com\/cat\/wp-content\/uploads\/sites\/4\/Rafales_Teruel2.jpg 555w, https:\/\/valderrobres-candida.com\/cat\/wp-content\/uploads\/sites\/4\/Rafales_Teruel2-300x224.jpg 300w, https:\/\/valderrobres-candida.com\/cat\/wp-content\/uploads\/sites\/4\/Rafales_Teruel2-100x74.jpg 100w\" sizes=\"auto, (max-width: 555px) 100vw, 555px\" \/><\/a><\/p>\n<p><strong>Beceite:<\/strong> \u00a1de \u00e9ste ya os hemos hablado mucho! Para acceder a su casco urbano, debes hacerlo a trav\u00e9s de un puente antiguo, que se encuentra cerca de la ermita de Santa Ana.<\/p>\n<p><a href=\"http:\/\/valderrobres-candida.com\/wp-content\/uploads\/beceite.jpg\"><img loading=\"lazy\" decoding=\"async\" width=\"800\" height=\"514\" class=\"aligncenter size-full wp-image-780\" src=\"http:\/\/valderrobres-candida.com\/wp-content\/uploads\/beceite.jpg\" alt=\"beceite\" srcset=\"https:\/\/valderrobres-candida.com\/cat\/wp-content\/uploads\/sites\/4\/beceite.jpg 800w, https:\/\/valderrobres-candida.com\/cat\/wp-content\/uploads\/sites\/4\/beceite-300x192.jpg 300w, https:\/\/valderrobres-candida.com\/cat\/wp-content\/uploads\/sites\/4\/beceite-100x64.jpg 100w\" sizes=\"auto, (max-width: 800px) 100vw, 800px\" \/><\/a><\/p>\n<p><strong>Calaceite<\/strong>: Est\u00e1 considerada la capital cultural de la comarca del Matarra\u00f1a: muy influenciada por por la cultura y tradiciones de la tierra catalana y levantina, su historia y sus paisajes nunca dejan de sorprender. Su casco urbano, precioso, est\u00e1 rodeado por la Plaza Mayor y el Templo parroquial. Desde \u00e9l parten las 3 calles principales del municipio. Adem\u00e1s, tambi\u00e9n puedes descubrir su castillo.<\/p>\n<p><a href=\"http:\/\/valderrobres-candida.com\/wp-content\/uploads\/3-calaceite.jpg\"><img loading=\"lazy\" decoding=\"async\" width=\"2495\" height=\"1878\" class=\"aligncenter size-full wp-image-781\" src=\"http:\/\/valderrobres-candida.com\/wp-content\/uploads\/3-calaceite.jpg\" alt=\"3-calaceite\" srcset=\"https:\/\/valderrobres-candida.com\/cat\/wp-content\/uploads\/sites\/4\/3-calaceite.jpg 2495w, https:\/\/valderrobres-candida.com\/cat\/wp-content\/uploads\/sites\/4\/3-calaceite-300x225.jpg 300w, https:\/\/valderrobres-candida.com\/cat\/wp-content\/uploads\/sites\/4\/3-calaceite-1024x770.jpg 1024w, https:\/\/valderrobres-candida.com\/cat\/wp-content\/uploads\/sites\/4\/3-calaceite-100x75.jpg 100w\" sizes=\"auto, (max-width: 2495px) 100vw, 2495px\" \/><\/a><\/p>\n<p><strong>Tastavins:<\/strong> \u00e9ste pueblecito, parecido al nuestro (Valderrobres) por sus calles empinadas y serpenteantes y las escalinatas que conforman el n\u00facleo urbano, est\u00e1 lleno de belleza arquitect\u00f3nica. Uno de los tempos m\u00e1s importantes de la poblaci\u00f3n, es el Santuario de la Virgen de la Fuente, que tiene detalles g\u00f3ticos, barrocos y medievales.<\/p>\n<p><a href=\"http:\/\/valderrobres-candida.com\/wp-content\/uploads\/pe\u00f1arroya.jpg\"><img loading=\"lazy\" decoding=\"async\" width=\"1000\" height=\"750\" class=\"aligncenter size-full wp-image-782\" src=\"http:\/\/valderrobres-candida.com\/wp-content\/uploads\/pe\u00f1arroya.jpg\" alt=\"pe\u00f1arroya\" srcset=\"https:\/\/valderrobres-candida.com\/cat\/wp-content\/uploads\/sites\/4\/pe\u00f1arroya.jpg 1000w, https:\/\/valderrobres-candida.com\/cat\/wp-content\/uploads\/sites\/4\/pe\u00f1arroya-300x225.jpg 300w, https:\/\/valderrobres-candida.com\/cat\/wp-content\/uploads\/sites\/4\/pe\u00f1arroya-100x75.jpg 100w\" sizes=\"auto, (max-width: 1000px) 100vw, 1000px\" \/><\/a><\/p>\n<p><strong>Cretas:<\/strong> uno de los pueblos m\u00e1s elegantes del Matarra\u00f1a, su arquitectura respira sobriedad y nobleza. Sus calles destacan originalmente por la cantidad de casas se\u00f1oriales. En la Plaza Mayor puedes encontrar grandes casas solariegas y \u201cLa Picota\u201d: una columna restaurada d\u00f3nde, cuenta la leyenda, se ahorcaba a los condenados a muerte<\/p>\n<p><a href=\"http:\/\/valderrobres-candida.com\/wp-content\/uploads\/cretas.jpg\"><img loading=\"lazy\" decoding=\"async\" width=\"2272\" height=\"1704\" class=\"aligncenter size-full wp-image-783\" src=\"http:\/\/valderrobres-candida.com\/wp-content\/uploads\/cretas.jpg\" alt=\"KONICA MINOLTA DIGITAL CAMERA\" srcset=\"https:\/\/valderrobres-candida.com\/cat\/wp-content\/uploads\/sites\/4\/cretas.jpg 2272w, https:\/\/valderrobres-candida.com\/cat\/wp-content\/uploads\/sites\/4\/cretas-300x224.jpg 300w, https:\/\/valderrobres-candida.com\/cat\/wp-content\/uploads\/sites\/4\/cretas-1024x768.jpg 1024w, https:\/\/valderrobres-candida.com\/cat\/wp-content\/uploads\/sites\/4\/cretas-100x75.jpg 100w\" sizes=\"auto, (max-width: 2272px) 100vw, 2272px\" \/><\/a><\/p>\n<p>Y por \u00faltimo, pero no menos importante, no hace falta mencionar que la parada esencial de \u00e9sta ruta por el Matarra\u00f1a tiene que ser <strong>Valderrobres<\/strong>: el pueblo m\u00e1s bonito de la zona, \u00a1sin dudar!<br \/>\nAhora que llegan las vacaciones, no te lo pienses: te esperamos en esta bonita comarca.<\/p>\n","protected":false},"excerpt":{"rendered":"<p>La comarca aragonesa y en especial, la zona del Matarra\u00f1a constituye una explosi\u00f3n de patrimonio cultural y paisaj\u00edstico, por eso le llamamos Toscana Aragonesa. Cerca de Catalu\u00f1a, compartimos con ella un entorno natural preciosos ya algunas tradiciones. Aun as\u00ed, nuestros pueblos son \u00fanicos e irrepetibles: por eso te proponemos una ruta por todos ellos y<\/p>\n","protected":false},"author":2,"featured_media":780,"comment_status":"open","ping_status":"open","sticky":false,"template":"","format":"standard","meta":{"footnotes":""},"categories":[150,13],"tags":[106,12,109,107,51,108,32,28],"class_list":["post-775","post","type-post","status-publish","format-standard","has-post-thumbnail","hentry","category-blog","category-rutas","tag-comarca-aragonesa","tag-matarrana","tag-pueblos-aragon","tag-ruta-rural","tag-teruel","tag-turismo-espana","tag-turismo-rural","tag-valderrobres"],"yoast_head":"<!-- This site is optimized with the Yoast SEO plugin v26.7 - https:\/\/yoast.com\/wordpress\/plugins\/seo\/ -->\n<title>Rel\u00e1jate en la toscana aragonesa \/ Do\u00f1a C\u00e1ndida<\/title>\n<meta name=\"description\" content=\"La zona del Matarra\u00f1a constituye una explosi\u00f3n de patrimonio cultural y paisaj\u00edstico. Aqu\u00ed te mostramos qu\u00e9 es la toscana aragonesa.\" \/>\n<meta name=\"robots\" content=\"index, follow, max-snippet:-1, max-image-preview:large, max-video-preview:-1\" \/>\n<link rel=\"canonical\" href=\"https:\/\/valderrobres-candida.com\/cat\/blog\/2015\/06\/18\/relajate-en-la-toscana-aragonesa\/\" \/>\n<meta property=\"og:locale\" content=\"ca_ES\" \/>\n<meta property=\"og:type\" content=\"article\" \/>\n<meta property=\"og:title\" content=\"Rel\u00e1jate en la toscana aragonesa \/ Do\u00f1a C\u00e1ndida\" \/>\n<meta property=\"og:description\" content=\"La zona del Matarra\u00f1a constituye una explosi\u00f3n de patrimonio cultural y paisaj\u00edstico. Aqu\u00ed te mostramos qu\u00e9 es la toscana aragonesa.\" \/>\n<meta property=\"og:url\" content=\"https:\/\/valderrobres-candida.com\/cat\/blog\/2015\/06\/18\/relajate-en-la-toscana-aragonesa\/\" \/>\n<meta property=\"og:site_name\" content=\"Valderrobres Candida CAT\" \/>\n<meta property=\"article:published_time\" content=\"2015-06-18T10:36:31+00:00\" \/>\n<meta property=\"article:modified_time\" content=\"2015-12-17T15:47:54+00:00\" \/>\n<meta property=\"og:image\" content=\"https:\/\/valderrobres-candida.com\/cat\/wp-content\/uploads\/sites\/4\/beceite.jpg\" \/>\n\t<meta property=\"og:image:width\" content=\"800\" \/>\n\t<meta property=\"og:image:height\" content=\"514\" \/>\n\t<meta property=\"og:image:type\" content=\"image\/jpeg\" \/>\n<meta name=\"author\" content=\"Dona Candida\" \/>\n<meta name=\"twitter:card\" content=\"summary_large_image\" \/>\n<meta name=\"twitter:label1\" content=\"Escrit per\" \/>\n\t<meta name=\"twitter:data1\" content=\"Dona Candida\" \/>\n\t<meta name=\"twitter:label2\" content=\"Temps estimat de lectura\" \/>\n\t<meta name=\"twitter:data2\" content=\"3 minuts\" \/>\n<script type=\"application\/ld+json\" class=\"yoast-schema-graph\">{\"@context\":\"https:\/\/schema.org\",\"@graph\":[{\"@type\":\"Article\",\"@id\":\"https:\/\/valderrobres-candida.com\/cat\/blog\/2015\/06\/18\/relajate-en-la-toscana-aragonesa\/#article\",\"isPartOf\":{\"@id\":\"https:\/\/valderrobres-candida.com\/cat\/blog\/2015\/06\/18\/relajate-en-la-toscana-aragonesa\/\"},\"author\":{\"name\":\"Dona Candida\",\"@id\":\"https:\/\/valderrobres-candida.com\/cat\/#\/schema\/person\/8613fd4f70379c16b4872f38d1586c86\"},\"headline\":\"Rel\u00e1jate en la toscana aragonesa\",\"datePublished\":\"2015-06-18T10:36:31+00:00\",\"dateModified\":\"2015-12-17T15:47:54+00:00\",\"mainEntityOfPage\":{\"@id\":\"https:\/\/valderrobres-candida.com\/cat\/blog\/2015\/06\/18\/relajate-en-la-toscana-aragonesa\/\"},\"wordCount\":553,\"commentCount\":0,\"image\":{\"@id\":\"https:\/\/valderrobres-candida.com\/cat\/blog\/2015\/06\/18\/relajate-en-la-toscana-aragonesa\/#primaryimage\"},\"thumbnailUrl\":\"https:\/\/valderrobres-candida.com\/cat\/wp-content\/uploads\/sites\/4\/beceite.jpg\",\"keywords\":[\"comarca aragonesa\",\"matarra\u00f1a\",\"pueblos arag\u00f3n\",\"ruta rural\",\"teruel\",\"turismo espa\u00f1a\",\"turismo rural\",\"valderrobres\"],\"articleSection\":[\"Blog\",\"Rutas\"],\"inLanguage\":\"ca\",\"potentialAction\":[{\"@type\":\"CommentAction\",\"name\":\"Comment\",\"target\":[\"https:\/\/valderrobres-candida.com\/cat\/blog\/2015\/06\/18\/relajate-en-la-toscana-aragonesa\/#respond\"]}]},{\"@type\":\"WebPage\",\"@id\":\"https:\/\/valderrobres-candida.com\/cat\/blog\/2015\/06\/18\/relajate-en-la-toscana-aragonesa\/\",\"url\":\"https:\/\/valderrobres-candida.com\/cat\/blog\/2015\/06\/18\/relajate-en-la-toscana-aragonesa\/\",\"name\":\"Rel\u00e1jate en la toscana aragonesa \/ Do\u00f1a C\u00e1ndida\",\"isPartOf\":{\"@id\":\"https:\/\/valderrobres-candida.com\/cat\/#website\"},\"primaryImageOfPage\":{\"@id\":\"https:\/\/valderrobres-candida.com\/cat\/blog\/2015\/06\/18\/relajate-en-la-toscana-aragonesa\/#primaryimage\"},\"image\":{\"@id\":\"https:\/\/valderrobres-candida.com\/cat\/blog\/2015\/06\/18\/relajate-en-la-toscana-aragonesa\/#primaryimage\"},\"thumbnailUrl\":\"https:\/\/valderrobres-candida.com\/cat\/wp-content\/uploads\/sites\/4\/beceite.jpg\",\"datePublished\":\"2015-06-18T10:36:31+00:00\",\"dateModified\":\"2015-12-17T15:47:54+00:00\",\"author\":{\"@id\":\"https:\/\/valderrobres-candida.com\/cat\/#\/schema\/person\/8613fd4f70379c16b4872f38d1586c86\"},\"description\":\"La zona del Matarra\u00f1a constituye una explosi\u00f3n de patrimonio cultural y paisaj\u00edstico. Aqu\u00ed te mostramos qu\u00e9 es la toscana aragonesa.\",\"breadcrumb\":{\"@id\":\"https:\/\/valderrobres-candida.com\/cat\/blog\/2015\/06\/18\/relajate-en-la-toscana-aragonesa\/#breadcrumb\"},\"inLanguage\":\"ca\",\"potentialAction\":[{\"@type\":\"ReadAction\",\"target\":[\"https:\/\/valderrobres-candida.com\/cat\/blog\/2015\/06\/18\/relajate-en-la-toscana-aragonesa\/\"]}]},{\"@type\":\"ImageObject\",\"inLanguage\":\"ca\",\"@id\":\"https:\/\/valderrobres-candida.com\/cat\/blog\/2015\/06\/18\/relajate-en-la-toscana-aragonesa\/#primaryimage\",\"url\":\"https:\/\/valderrobres-candida.com\/cat\/wp-content\/uploads\/sites\/4\/beceite.jpg\",\"contentUrl\":\"https:\/\/valderrobres-candida.com\/cat\/wp-content\/uploads\/sites\/4\/beceite.jpg\",\"width\":800,\"height\":514},{\"@type\":\"BreadcrumbList\",\"@id\":\"https:\/\/valderrobres-candida.com\/cat\/blog\/2015\/06\/18\/relajate-en-la-toscana-aragonesa\/#breadcrumb\",\"itemListElement\":[{\"@type\":\"ListItem\",\"position\":1,\"name\":\"Portada\",\"item\":\"https:\/\/valderrobres-candida.com\/cat\/\"},{\"@type\":\"ListItem\",\"position\":2,\"name\":\"Rel\u00e1jate en la toscana aragonesa\"}]},{\"@type\":\"WebSite\",\"@id\":\"https:\/\/valderrobres-candida.com\/cat\/#website\",\"url\":\"https:\/\/valderrobres-candida.com\/cat\/\",\"name\":\"Valderrobres Candida CAT\",\"description\":\"\",\"potentialAction\":[{\"@type\":\"SearchAction\",\"target\":{\"@type\":\"EntryPoint\",\"urlTemplate\":\"https:\/\/valderrobres-candida.com\/cat\/?s={search_term_string}\"},\"query-input\":{\"@type\":\"PropertyValueSpecification\",\"valueRequired\":true,\"valueName\":\"search_term_string\"}}],\"inLanguage\":\"ca\"},{\"@type\":\"Person\",\"@id\":\"https:\/\/valderrobres-candida.com\/cat\/#\/schema\/person\/8613fd4f70379c16b4872f38d1586c86\",\"name\":\"Dona Candida\",\"image\":{\"@type\":\"ImageObject\",\"inLanguage\":\"ca\",\"@id\":\"https:\/\/valderrobres-candida.com\/cat\/#\/schema\/person\/image\/\",\"url\":\"https:\/\/secure.gravatar.com\/avatar\/76fd4c271644e4e26cd86dc06e3e376a616136f923138060c3acbe8187b3d2bc?s=96&d=mm&r=g\",\"contentUrl\":\"https:\/\/secure.gravatar.com\/avatar\/76fd4c271644e4e26cd86dc06e3e376a616136f923138060c3acbe8187b3d2bc?s=96&d=mm&r=g\",\"caption\":\"Dona Candida\"},\"url\":\"https:\/\/valderrobres-candida.com\/cat\/blog\/author\/dona-candida\/\"}]}<\/script>\n<!-- \/ Yoast SEO plugin. -->","yoast_head_json":{"title":"Rel\u00e1jate en la toscana aragonesa \/ Do\u00f1a C\u00e1ndida","description":"La zona del Matarra\u00f1a constituye una explosi\u00f3n de patrimonio cultural y paisaj\u00edstico. Aqu\u00ed te mostramos qu\u00e9 es la toscana aragonesa.","robots":{"index":"index","follow":"follow","max-snippet":"max-snippet:-1","max-image-preview":"max-image-preview:large","max-video-preview":"max-video-preview:-1"},"canonical":"https:\/\/valderrobres-candida.com\/cat\/blog\/2015\/06\/18\/relajate-en-la-toscana-aragonesa\/","og_locale":"ca_ES","og_type":"article","og_title":"Rel\u00e1jate en la toscana aragonesa \/ Do\u00f1a C\u00e1ndida","og_description":"La zona del Matarra\u00f1a constituye una explosi\u00f3n de patrimonio cultural y paisaj\u00edstico. Aqu\u00ed te mostramos qu\u00e9 es la toscana aragonesa.","og_url":"https:\/\/valderrobres-candida.com\/cat\/blog\/2015\/06\/18\/relajate-en-la-toscana-aragonesa\/","og_site_name":"Valderrobres Candida CAT","article_published_time":"2015-06-18T10:36:31+00:00","article_modified_time":"2015-12-17T15:47:54+00:00","og_image":[{"width":800,"height":514,"url":"https:\/\/valderrobres-candida.com\/cat\/wp-content\/uploads\/sites\/4\/beceite.jpg","type":"image\/jpeg"}],"author":"Dona Candida","twitter_card":"summary_large_image","twitter_misc":{"Escrit per":"Dona Candida","Temps estimat de lectura":"3 minuts"},"schema":{"@context":"https:\/\/schema.org","@graph":[{"@type":"Article","@id":"https:\/\/valderrobres-candida.com\/cat\/blog\/2015\/06\/18\/relajate-en-la-toscana-aragonesa\/#article","isPartOf":{"@id":"https:\/\/valderrobres-candida.com\/cat\/blog\/2015\/06\/18\/relajate-en-la-toscana-aragonesa\/"},"author":{"name":"Dona Candida","@id":"https:\/\/valderrobres-candida.com\/cat\/#\/schema\/person\/8613fd4f70379c16b4872f38d1586c86"},"headline":"Rel\u00e1jate en la toscana aragonesa","datePublished":"2015-06-18T10:36:31+00:00","dateModified":"2015-12-17T15:47:54+00:00","mainEntityOfPage":{"@id":"https:\/\/valderrobres-candida.com\/cat\/blog\/2015\/06\/18\/relajate-en-la-toscana-aragonesa\/"},"wordCount":553,"commentCount":0,"image":{"@id":"https:\/\/valderrobres-candida.com\/cat\/blog\/2015\/06\/18\/relajate-en-la-toscana-aragonesa\/#primaryimage"},"thumbnailUrl":"https:\/\/valderrobres-candida.com\/cat\/wp-content\/uploads\/sites\/4\/beceite.jpg","keywords":["comarca aragonesa","matarra\u00f1a","pueblos arag\u00f3n","ruta rural","teruel","turismo espa\u00f1a","turismo rural","valderrobres"],"articleSection":["Blog","Rutas"],"inLanguage":"ca","potentialAction":[{"@type":"CommentAction","name":"Comment","target":["https:\/\/valderrobres-candida.com\/cat\/blog\/2015\/06\/18\/relajate-en-la-toscana-aragonesa\/#respond"]}]},{"@type":"WebPage","@id":"https:\/\/valderrobres-candida.com\/cat\/blog\/2015\/06\/18\/relajate-en-la-toscana-aragonesa\/","url":"https:\/\/valderrobres-candida.com\/cat\/blog\/2015\/06\/18\/relajate-en-la-toscana-aragonesa\/","name":"Rel\u00e1jate en la toscana aragonesa \/ Do\u00f1a C\u00e1ndida","isPartOf":{"@id":"https:\/\/valderrobres-candida.com\/cat\/#website"},"primaryImageOfPage":{"@id":"https:\/\/valderrobres-candida.com\/cat\/blog\/2015\/06\/18\/relajate-en-la-toscana-aragonesa\/#primaryimage"},"image":{"@id":"https:\/\/valderrobres-candida.com\/cat\/blog\/2015\/06\/18\/relajate-en-la-toscana-aragonesa\/#primaryimage"},"thumbnailUrl":"https:\/\/valderrobres-candida.com\/cat\/wp-content\/uploads\/sites\/4\/beceite.jpg","datePublished":"2015-06-18T10:36:31+00:00","dateModified":"2015-12-17T15:47:54+00:00","author":{"@id":"https:\/\/valderrobres-candida.com\/cat\/#\/schema\/person\/8613fd4f70379c16b4872f38d1586c86"},"description":"La zona del Matarra\u00f1a constituye una explosi\u00f3n de patrimonio cultural y paisaj\u00edstico. Aqu\u00ed te mostramos qu\u00e9 es la toscana aragonesa.","breadcrumb":{"@id":"https:\/\/valderrobres-candida.com\/cat\/blog\/2015\/06\/18\/relajate-en-la-toscana-aragonesa\/#breadcrumb"},"inLanguage":"ca","potentialAction":[{"@type":"ReadAction","target":["https:\/\/valderrobres-candida.com\/cat\/blog\/2015\/06\/18\/relajate-en-la-toscana-aragonesa\/"]}]},{"@type":"ImageObject","inLanguage":"ca","@id":"https:\/\/valderrobres-candida.com\/cat\/blog\/2015\/06\/18\/relajate-en-la-toscana-aragonesa\/#primaryimage","url":"https:\/\/valderrobres-candida.com\/cat\/wp-content\/uploads\/sites\/4\/beceite.jpg","contentUrl":"https:\/\/valderrobres-candida.com\/cat\/wp-content\/uploads\/sites\/4\/beceite.jpg","width":800,"height":514},{"@type":"BreadcrumbList","@id":"https:\/\/valderrobres-candida.com\/cat\/blog\/2015\/06\/18\/relajate-en-la-toscana-aragonesa\/#breadcrumb","itemListElement":[{"@type":"ListItem","position":1,"name":"Portada","item":"https:\/\/valderrobres-candida.com\/cat\/"},{"@type":"ListItem","position":2,"name":"Rel\u00e1jate en la toscana aragonesa"}]},{"@type":"WebSite","@id":"https:\/\/valderrobres-candida.com\/cat\/#website","url":"https:\/\/valderrobres-candida.com\/cat\/","name":"Valderrobres Candida CAT","description":"","potentialAction":[{"@type":"SearchAction","target":{"@type":"EntryPoint","urlTemplate":"https:\/\/valderrobres-candida.com\/cat\/?s={search_term_string}"},"query-input":{"@type":"PropertyValueSpecification","valueRequired":true,"valueName":"search_term_string"}}],"inLanguage":"ca"},{"@type":"Person","@id":"https:\/\/valderrobres-candida.com\/cat\/#\/schema\/person\/8613fd4f70379c16b4872f38d1586c86","name":"Dona Candida","image":{"@type":"ImageObject","inLanguage":"ca","@id":"https:\/\/valderrobres-candida.com\/cat\/#\/schema\/person\/image\/","url":"https:\/\/secure.gravatar.com\/avatar\/76fd4c271644e4e26cd86dc06e3e376a616136f923138060c3acbe8187b3d2bc?s=96&d=mm&r=g","contentUrl":"https:\/\/secure.gravatar.com\/avatar\/76fd4c271644e4e26cd86dc06e3e376a616136f923138060c3acbe8187b3d2bc?s=96&d=mm&r=g","caption":"Dona Candida"},"url":"https:\/\/valderrobres-candida.com\/cat\/blog\/author\/dona-candida\/"}]}},"_links":{"self":[{"href":"https:\/\/valderrobres-candida.com\/cat\/wp-json\/wp\/v2\/posts\/775","targetHints":{"allow":["GET"]}}],"collection":[{"href":"https:\/\/valderrobres-candida.com\/cat\/wp-json\/wp\/v2\/posts"}],"about":[{"href":"https:\/\/valderrobres-candida.com\/cat\/wp-json\/wp\/v2\/types\/post"}],"author":[{"embeddable":true,"href":"https:\/\/valderrobres-candida.com\/cat\/wp-json\/wp\/v2\/users\/2"}],"replies":[{"embeddable":true,"href":"https:\/\/valderrobres-candida.com\/cat\/wp-json\/wp\/v2\/comments?post=775"}],"version-history":[{"count":3,"href":"https:\/\/valderrobres-candida.com\/cat\/wp-json\/wp\/v2\/posts\/775\/revisions"}],"predecessor-version":[{"id":904,"href":"https:\/\/valderrobres-candida.com\/cat\/wp-json\/wp\/v2\/posts\/775\/revisions\/904"}],"wp:featuredmedia":[{"embeddable":true,"href":"https:\/\/valderrobres-candida.com\/cat\/wp-json\/wp\/v2\/media\/780"}],"wp:attachment":[{"href":"https:\/\/valderrobres-candida.com\/cat\/wp-json\/wp\/v2\/media?parent=775"}],"wp:term":[{"taxonomy":"category","embeddable":true,"href":"https:\/\/valderrobres-candida.com\/cat\/wp-json\/wp\/v2\/categories?post=775"},{"taxonomy":"post_tag","embeddable":true,"href":"https:\/\/valderrobres-candida.com\/cat\/wp-json\/wp\/v2\/tags?post=775"}],"curies":[{"name":"wp","href":"https:\/\/api.w.org\/{rel}","templated":true}]}}