{"id":801,"date":"2015-07-27T11:51:39","date_gmt":"2015-07-27T11:51:39","guid":{"rendered":"http:\/\/valderrobres-candida.com\/?p=801"},"modified":"2015-12-17T15:42:35","modified_gmt":"2015-12-17T15:42:35","slug":"verano-y-lluvias-caracoles","status":"publish","type":"post","link":"https:\/\/valderrobres-candida.com\/cat\/blog\/2015\/07\/27\/verano-y-lluvias-caracoles\/","title":{"rendered":"Verano y lluvias = caracoles"},"content":{"rendered":"<p><strong><span style=\"font-family: Arial, sans-serif;\"><span style=\"font-size: small;\">\u00a1Hola aventureros!<\/span><\/span><\/strong><\/p>\n<p><span style=\"font-family: Arial, sans-serif;\"><span style=\"font-size: small;\">Hoy compartimos con vosotros una<strong> receta t\u00edpica del Matarra\u00f1a<\/strong> que, si llueve, incluso puedes hacerla sin comprar los ingredientes.<strong> \u00bfQuien no ha ido nunca a buscar caracoles<\/strong> despu\u00e9s de una llovizna? A parte de ser divertido es relajante: un perfecto plan familiar.<\/span><\/span><\/p>\n<p><a href=\"http:\/\/valderrobres-candida.com\/wp-content\/uploads\/coc_algrano_coles_bruselas.jpg\"><img loading=\"lazy\" decoding=\"async\" width=\"1600\" height=\"900\" class=\"aligncenter size-full wp-image-802\" src=\"http:\/\/valderrobres-candida.com\/wp-content\/uploads\/coc_algrano_coles_bruselas.jpg\" alt=\"coc_algrano_coles_bruselas\" srcset=\"https:\/\/valderrobres-candida.com\/cat\/wp-content\/uploads\/sites\/4\/coc_algrano_coles_bruselas.jpg 1600w, https:\/\/valderrobres-candida.com\/cat\/wp-content\/uploads\/sites\/4\/coc_algrano_coles_bruselas-300x168.jpg 300w, https:\/\/valderrobres-candida.com\/cat\/wp-content\/uploads\/sites\/4\/coc_algrano_coles_bruselas-1024x576.jpg 1024w, https:\/\/valderrobres-candida.com\/cat\/wp-content\/uploads\/sites\/4\/coc_algrano_coles_bruselas-100x56.jpg 100w\" sizes=\"auto, (max-width: 1600px) 100vw, 1600px\" \/><\/a><\/p>\n<p><span style=\"font-family: Arial, sans-serif;\"><span style=\"font-size: small;\">As\u00ed pues, ah\u00ed va la receta: <strong>cazuela del huerto, con caracoles como ingrediente estrella<\/strong>. \u00a1Para mojar pan!<\/span><\/span><\/p>\n<p><!--more--><\/p>\n<p><span style=\"font-family: Arial, sans-serif;\"><span style=\"font-size: small;\">\u00c9sta receta originariamente se hac\u00eda con los ingredientes que se encontraban en la temporada o que cada fam\u00edlia pod\u00eda adquirir dependiendo de su nivel econ\u00f3mico o el huerto personal. Hoy en d\u00eda, como encontramos de todo, se puede hacer como m\u00e1s os guste.<\/span><\/span><\/p>\n<p><span style=\"text-decoration: underline;\"><strong><span style=\"font-family: Arial, sans-serif;\"><span style=\"font-size: small;\">Ingredientes<\/span><\/span><\/strong><\/span><\/p>\n<p><span style=\"font-family: Arial, sans-serif;\"><span style=\"font-size: small;\">Aceite, sal, panceta, jam\u00f3n, caracoles, cebolla, ajo, jud\u00edas verdes, pimiento, calabaza, acelgas, patatas, tomate, arroz, azafr\u00e1n.<\/span><\/span><\/p>\n<p><span style=\"text-decoration: underline;\"><strong><span style=\"font-family: Arial, sans-serif;\"><span style=\"font-size: small;\">Modo de preparaci\u00f3n: <\/span><\/span><\/strong><\/span><\/p>\n<p><span style=\"font-family: Arial, sans-serif;\"><span style=\"font-size: small;\">Primeramente se coloca un una cazuela o sart\u00e9n muy grande el jam\u00f3n y la panceta con la cebolla y el tomate para hacer el sofrito. Poco a poco se a\u00f1aden los caracoles, las jud\u00edas verdes, el pimiento, y las dem\u00e1s verduras. Como \u00faltimo, las acelgas. Todos ellos cortados en trozos peque\u00f1os. Cuando han dorado un poco, se a\u00f1ade agua, m\u00e1s tomate y el arroz. Colocamos un poco de azafr\u00e1n para dar aroma y dejamos cocer el arroz con el agua y el caldo del sofrito. Cuando \u00e9ste est\u00e1 seco. Se prueba y se salpimenta. Si falta agua se a\u00f1ade un poco y si no&#8230;\u00a1Listo para servir!<\/span><\/span><\/p>\n<p><strong><span style=\"font-family: Arial, sans-serif;\"><span style=\"font-size: small;\">A comer!!! Plato perfecto para compartir en familia y disfrutar del verano.<\/span><\/span><\/strong><\/p>\n","protected":false},"excerpt":{"rendered":"<p>\u00a1Hola aventureros! Hoy compartimos con vosotros una receta t\u00edpica del Matarra\u00f1a que, si llueve, incluso puedes hacerla sin comprar los ingredientes. \u00bfQuien no ha ido nunca a buscar caracoles despu\u00e9s de una llovizna? A parte de ser divertido es relajante: un perfecto plan familiar. As\u00ed pues, ah\u00ed va la receta: cazuela del huerto, con caracoles<\/p>\n","protected":false},"author":2,"featured_media":802,"comment_status":"open","ping_status":"open","sticky":false,"template":"","format":"standard","meta":{"footnotes":""},"categories":[150,16],"tags":[120,123,119,121,75,122,77,56,32,28],"class_list":["post-801","post","type-post","status-publish","format-standard","has-post-thumbnail","hentry","category-blog","category-gastronomia","tag-arroz-con-caracoles","tag-arroz-con-verduras","tag-caracoles","tag-cazuela-del-huerto","tag-dona-candida","tag-receta-tipica","tag-receta-tipica-aragon","tag-receta-tradicional","tag-turismo-rural","tag-valderrobres"],"yoast_head":"<!-- This site is optimized with the Yoast SEO plugin v26.7 - https:\/\/yoast.com\/wordpress\/plugins\/seo\/ -->\n<title>Verano y lluvia = caracoles \/ Do\u00f1a C\u00e1ndida<\/title>\n<meta name=\"description\" content=\"Hoy compartimos con vosotros una receta t\u00edpica del Matarra\u00f1a con caracoles que, si llueve, incluso puedes hacer sin comprar los ingredientes.\" \/>\n<meta name=\"robots\" content=\"index, follow, max-snippet:-1, max-image-preview:large, max-video-preview:-1\" \/>\n<link rel=\"canonical\" href=\"https:\/\/valderrobres-candida.com\/cat\/blog\/2015\/07\/27\/verano-y-lluvias-caracoles\/\" \/>\n<meta property=\"og:locale\" content=\"ca_ES\" \/>\n<meta property=\"og:type\" content=\"article\" \/>\n<meta property=\"og:title\" content=\"Verano y lluvia = caracoles \/ Do\u00f1a C\u00e1ndida\" \/>\n<meta property=\"og:description\" content=\"Hoy compartimos con vosotros una receta t\u00edpica del Matarra\u00f1a con caracoles que, si llueve, incluso puedes hacer sin comprar los ingredientes.\" \/>\n<meta property=\"og:url\" content=\"https:\/\/valderrobres-candida.com\/cat\/blog\/2015\/07\/27\/verano-y-lluvias-caracoles\/\" \/>\n<meta property=\"og:site_name\" content=\"Valderrobres Candida CAT\" \/>\n<meta property=\"article:published_time\" content=\"2015-07-27T11:51:39+00:00\" \/>\n<meta property=\"article:modified_time\" content=\"2015-12-17T15:42:35+00:00\" \/>\n<meta property=\"og:image\" content=\"https:\/\/valderrobres-candida.com\/cat\/wp-content\/uploads\/sites\/4\/coc_algrano_coles_bruselas.jpg\" \/>\n\t<meta property=\"og:image:width\" content=\"1600\" \/>\n\t<meta property=\"og:image:height\" content=\"900\" \/>\n\t<meta property=\"og:image:type\" content=\"image\/jpeg\" \/>\n<meta name=\"author\" content=\"Dona Candida\" \/>\n<meta name=\"twitter:card\" content=\"summary_large_image\" \/>\n<meta name=\"twitter:label1\" content=\"Escrit per\" \/>\n\t<meta name=\"twitter:data1\" content=\"Dona Candida\" \/>\n\t<meta name=\"twitter:label2\" content=\"Temps estimat de lectura\" \/>\n\t<meta name=\"twitter:data2\" content=\"1 minut\" \/>\n<script type=\"application\/ld+json\" class=\"yoast-schema-graph\">{\"@context\":\"https:\/\/schema.org\",\"@graph\":[{\"@type\":\"Article\",\"@id\":\"https:\/\/valderrobres-candida.com\/cat\/blog\/2015\/07\/27\/verano-y-lluvias-caracoles\/#article\",\"isPartOf\":{\"@id\":\"https:\/\/valderrobres-candida.com\/cat\/blog\/2015\/07\/27\/verano-y-lluvias-caracoles\/\"},\"author\":{\"name\":\"Dona Candida\",\"@id\":\"https:\/\/valderrobres-candida.com\/cat\/#\/schema\/person\/8613fd4f70379c16b4872f38d1586c86\"},\"headline\":\"Verano y lluvias = caracoles\",\"datePublished\":\"2015-07-27T11:51:39+00:00\",\"dateModified\":\"2015-12-17T15:42:35+00:00\",\"mainEntityOfPage\":{\"@id\":\"https:\/\/valderrobres-candida.com\/cat\/blog\/2015\/07\/27\/verano-y-lluvias-caracoles\/\"},\"wordCount\":270,\"commentCount\":0,\"image\":{\"@id\":\"https:\/\/valderrobres-candida.com\/cat\/blog\/2015\/07\/27\/verano-y-lluvias-caracoles\/#primaryimage\"},\"thumbnailUrl\":\"https:\/\/valderrobres-candida.com\/cat\/wp-content\/uploads\/sites\/4\/coc_algrano_coles_bruselas.jpg\",\"keywords\":[\"arroz con caracoles\",\"arroz con verduras\",\"caracoles\",\"cazuela del huerto\",\"do\u00f1a c\u00e1ndida\",\"receta t\u00edpica\",\"receta tipica arag\u00f3n\",\"receta tradicional\",\"turismo rural\",\"valderrobres\"],\"articleSection\":[\"Blog\",\"Gastronom\u00eda\"],\"inLanguage\":\"ca\",\"potentialAction\":[{\"@type\":\"CommentAction\",\"name\":\"Comment\",\"target\":[\"https:\/\/valderrobres-candida.com\/cat\/blog\/2015\/07\/27\/verano-y-lluvias-caracoles\/#respond\"]}]},{\"@type\":\"WebPage\",\"@id\":\"https:\/\/valderrobres-candida.com\/cat\/blog\/2015\/07\/27\/verano-y-lluvias-caracoles\/\",\"url\":\"https:\/\/valderrobres-candida.com\/cat\/blog\/2015\/07\/27\/verano-y-lluvias-caracoles\/\",\"name\":\"Verano y lluvia = caracoles \/ Do\u00f1a C\u00e1ndida\",\"isPartOf\":{\"@id\":\"https:\/\/valderrobres-candida.com\/cat\/#website\"},\"primaryImageOfPage\":{\"@id\":\"https:\/\/valderrobres-candida.com\/cat\/blog\/2015\/07\/27\/verano-y-lluvias-caracoles\/#primaryimage\"},\"image\":{\"@id\":\"https:\/\/valderrobres-candida.com\/cat\/blog\/2015\/07\/27\/verano-y-lluvias-caracoles\/#primaryimage\"},\"thumbnailUrl\":\"https:\/\/valderrobres-candida.com\/cat\/wp-content\/uploads\/sites\/4\/coc_algrano_coles_bruselas.jpg\",\"datePublished\":\"2015-07-27T11:51:39+00:00\",\"dateModified\":\"2015-12-17T15:42:35+00:00\",\"author\":{\"@id\":\"https:\/\/valderrobres-candida.com\/cat\/#\/schema\/person\/8613fd4f70379c16b4872f38d1586c86\"},\"description\":\"Hoy compartimos con vosotros una receta t\u00edpica del Matarra\u00f1a con caracoles que, si llueve, incluso puedes hacer sin comprar los ingredientes.\",\"breadcrumb\":{\"@id\":\"https:\/\/valderrobres-candida.com\/cat\/blog\/2015\/07\/27\/verano-y-lluvias-caracoles\/#breadcrumb\"},\"inLanguage\":\"ca\",\"potentialAction\":[{\"@type\":\"ReadAction\",\"target\":[\"https:\/\/valderrobres-candida.com\/cat\/blog\/2015\/07\/27\/verano-y-lluvias-caracoles\/\"]}]},{\"@type\":\"ImageObject\",\"inLanguage\":\"ca\",\"@id\":\"https:\/\/valderrobres-candida.com\/cat\/blog\/2015\/07\/27\/verano-y-lluvias-caracoles\/#primaryimage\",\"url\":\"https:\/\/valderrobres-candida.com\/cat\/wp-content\/uploads\/sites\/4\/coc_algrano_coles_bruselas.jpg\",\"contentUrl\":\"https:\/\/valderrobres-candida.com\/cat\/wp-content\/uploads\/sites\/4\/coc_algrano_coles_bruselas.jpg\",\"width\":1600,\"height\":900},{\"@type\":\"BreadcrumbList\",\"@id\":\"https:\/\/valderrobres-candida.com\/cat\/blog\/2015\/07\/27\/verano-y-lluvias-caracoles\/#breadcrumb\",\"itemListElement\":[{\"@type\":\"ListItem\",\"position\":1,\"name\":\"Portada\",\"item\":\"https:\/\/valderrobres-candida.com\/cat\/\"},{\"@type\":\"ListItem\",\"position\":2,\"name\":\"Verano y lluvias = caracoles\"}]},{\"@type\":\"WebSite\",\"@id\":\"https:\/\/valderrobres-candida.com\/cat\/#website\",\"url\":\"https:\/\/valderrobres-candida.com\/cat\/\",\"name\":\"Valderrobres Candida CAT\",\"description\":\"\",\"potentialAction\":[{\"@type\":\"SearchAction\",\"target\":{\"@type\":\"EntryPoint\",\"urlTemplate\":\"https:\/\/valderrobres-candida.com\/cat\/?s={search_term_string}\"},\"query-input\":{\"@type\":\"PropertyValueSpecification\",\"valueRequired\":true,\"valueName\":\"search_term_string\"}}],\"inLanguage\":\"ca\"},{\"@type\":\"Person\",\"@id\":\"https:\/\/valderrobres-candida.com\/cat\/#\/schema\/person\/8613fd4f70379c16b4872f38d1586c86\",\"name\":\"Dona Candida\",\"image\":{\"@type\":\"ImageObject\",\"inLanguage\":\"ca\",\"@id\":\"https:\/\/valderrobres-candida.com\/cat\/#\/schema\/person\/image\/\",\"url\":\"https:\/\/secure.gravatar.com\/avatar\/76fd4c271644e4e26cd86dc06e3e376a616136f923138060c3acbe8187b3d2bc?s=96&d=mm&r=g\",\"contentUrl\":\"https:\/\/secure.gravatar.com\/avatar\/76fd4c271644e4e26cd86dc06e3e376a616136f923138060c3acbe8187b3d2bc?s=96&d=mm&r=g\",\"caption\":\"Dona Candida\"},\"url\":\"https:\/\/valderrobres-candida.com\/cat\/blog\/author\/dona-candida\/\"}]}<\/script>\n<!-- \/ Yoast SEO plugin. -->","yoast_head_json":{"title":"Verano y lluvia = caracoles \/ Do\u00f1a C\u00e1ndida","description":"Hoy compartimos con vosotros una receta t\u00edpica del Matarra\u00f1a con caracoles que, si llueve, incluso puedes hacer sin comprar los ingredientes.","robots":{"index":"index","follow":"follow","max-snippet":"max-snippet:-1","max-image-preview":"max-image-preview:large","max-video-preview":"max-video-preview:-1"},"canonical":"https:\/\/valderrobres-candida.com\/cat\/blog\/2015\/07\/27\/verano-y-lluvias-caracoles\/","og_locale":"ca_ES","og_type":"article","og_title":"Verano y lluvia = caracoles \/ Do\u00f1a C\u00e1ndida","og_description":"Hoy compartimos con vosotros una receta t\u00edpica del Matarra\u00f1a con caracoles que, si llueve, incluso puedes hacer sin comprar los ingredientes.","og_url":"https:\/\/valderrobres-candida.com\/cat\/blog\/2015\/07\/27\/verano-y-lluvias-caracoles\/","og_site_name":"Valderrobres Candida CAT","article_published_time":"2015-07-27T11:51:39+00:00","article_modified_time":"2015-12-17T15:42:35+00:00","og_image":[{"width":1600,"height":900,"url":"https:\/\/valderrobres-candida.com\/cat\/wp-content\/uploads\/sites\/4\/coc_algrano_coles_bruselas.jpg","type":"image\/jpeg"}],"author":"Dona Candida","twitter_card":"summary_large_image","twitter_misc":{"Escrit per":"Dona Candida","Temps estimat de lectura":"1 minut"},"schema":{"@context":"https:\/\/schema.org","@graph":[{"@type":"Article","@id":"https:\/\/valderrobres-candida.com\/cat\/blog\/2015\/07\/27\/verano-y-lluvias-caracoles\/#article","isPartOf":{"@id":"https:\/\/valderrobres-candida.com\/cat\/blog\/2015\/07\/27\/verano-y-lluvias-caracoles\/"},"author":{"name":"Dona Candida","@id":"https:\/\/valderrobres-candida.com\/cat\/#\/schema\/person\/8613fd4f70379c16b4872f38d1586c86"},"headline":"Verano y lluvias = caracoles","datePublished":"2015-07-27T11:51:39+00:00","dateModified":"2015-12-17T15:42:35+00:00","mainEntityOfPage":{"@id":"https:\/\/valderrobres-candida.com\/cat\/blog\/2015\/07\/27\/verano-y-lluvias-caracoles\/"},"wordCount":270,"commentCount":0,"image":{"@id":"https:\/\/valderrobres-candida.com\/cat\/blog\/2015\/07\/27\/verano-y-lluvias-caracoles\/#primaryimage"},"thumbnailUrl":"https:\/\/valderrobres-candida.com\/cat\/wp-content\/uploads\/sites\/4\/coc_algrano_coles_bruselas.jpg","keywords":["arroz con caracoles","arroz con verduras","caracoles","cazuela del huerto","do\u00f1a c\u00e1ndida","receta t\u00edpica","receta tipica arag\u00f3n","receta tradicional","turismo rural","valderrobres"],"articleSection":["Blog","Gastronom\u00eda"],"inLanguage":"ca","potentialAction":[{"@type":"CommentAction","name":"Comment","target":["https:\/\/valderrobres-candida.com\/cat\/blog\/2015\/07\/27\/verano-y-lluvias-caracoles\/#respond"]}]},{"@type":"WebPage","@id":"https:\/\/valderrobres-candida.com\/cat\/blog\/2015\/07\/27\/verano-y-lluvias-caracoles\/","url":"https:\/\/valderrobres-candida.com\/cat\/blog\/2015\/07\/27\/verano-y-lluvias-caracoles\/","name":"Verano y lluvia = caracoles \/ Do\u00f1a C\u00e1ndida","isPartOf":{"@id":"https:\/\/valderrobres-candida.com\/cat\/#website"},"primaryImageOfPage":{"@id":"https:\/\/valderrobres-candida.com\/cat\/blog\/2015\/07\/27\/verano-y-lluvias-caracoles\/#primaryimage"},"image":{"@id":"https:\/\/valderrobres-candida.com\/cat\/blog\/2015\/07\/27\/verano-y-lluvias-caracoles\/#primaryimage"},"thumbnailUrl":"https:\/\/valderrobres-candida.com\/cat\/wp-content\/uploads\/sites\/4\/coc_algrano_coles_bruselas.jpg","datePublished":"2015-07-27T11:51:39+00:00","dateModified":"2015-12-17T15:42:35+00:00","author":{"@id":"https:\/\/valderrobres-candida.com\/cat\/#\/schema\/person\/8613fd4f70379c16b4872f38d1586c86"},"description":"Hoy compartimos con vosotros una receta t\u00edpica del Matarra\u00f1a con caracoles que, si llueve, incluso puedes hacer sin comprar los ingredientes.","breadcrumb":{"@id":"https:\/\/valderrobres-candida.com\/cat\/blog\/2015\/07\/27\/verano-y-lluvias-caracoles\/#breadcrumb"},"inLanguage":"ca","potentialAction":[{"@type":"ReadAction","target":["https:\/\/valderrobres-candida.com\/cat\/blog\/2015\/07\/27\/verano-y-lluvias-caracoles\/"]}]},{"@type":"ImageObject","inLanguage":"ca","@id":"https:\/\/valderrobres-candida.com\/cat\/blog\/2015\/07\/27\/verano-y-lluvias-caracoles\/#primaryimage","url":"https:\/\/valderrobres-candida.com\/cat\/wp-content\/uploads\/sites\/4\/coc_algrano_coles_bruselas.jpg","contentUrl":"https:\/\/valderrobres-candida.com\/cat\/wp-content\/uploads\/sites\/4\/coc_algrano_coles_bruselas.jpg","width":1600,"height":900},{"@type":"BreadcrumbList","@id":"https:\/\/valderrobres-candida.com\/cat\/blog\/2015\/07\/27\/verano-y-lluvias-caracoles\/#breadcrumb","itemListElement":[{"@type":"ListItem","position":1,"name":"Portada","item":"https:\/\/valderrobres-candida.com\/cat\/"},{"@type":"ListItem","position":2,"name":"Verano y lluvias = caracoles"}]},{"@type":"WebSite","@id":"https:\/\/valderrobres-candida.com\/cat\/#website","url":"https:\/\/valderrobres-candida.com\/cat\/","name":"Valderrobres Candida CAT","description":"","potentialAction":[{"@type":"SearchAction","target":{"@type":"EntryPoint","urlTemplate":"https:\/\/valderrobres-candida.com\/cat\/?s={search_term_string}"},"query-input":{"@type":"PropertyValueSpecification","valueRequired":true,"valueName":"search_term_string"}}],"inLanguage":"ca"},{"@type":"Person","@id":"https:\/\/valderrobres-candida.com\/cat\/#\/schema\/person\/8613fd4f70379c16b4872f38d1586c86","name":"Dona Candida","image":{"@type":"ImageObject","inLanguage":"ca","@id":"https:\/\/valderrobres-candida.com\/cat\/#\/schema\/person\/image\/","url":"https:\/\/secure.gravatar.com\/avatar\/76fd4c271644e4e26cd86dc06e3e376a616136f923138060c3acbe8187b3d2bc?s=96&d=mm&r=g","contentUrl":"https:\/\/secure.gravatar.com\/avatar\/76fd4c271644e4e26cd86dc06e3e376a616136f923138060c3acbe8187b3d2bc?s=96&d=mm&r=g","caption":"Dona Candida"},"url":"https:\/\/valderrobres-candida.com\/cat\/blog\/author\/dona-candida\/"}]}},"_links":{"self":[{"href":"https:\/\/valderrobres-candida.com\/cat\/wp-json\/wp\/v2\/posts\/801","targetHints":{"allow":["GET"]}}],"collection":[{"href":"https:\/\/valderrobres-candida.com\/cat\/wp-json\/wp\/v2\/posts"}],"about":[{"href":"https:\/\/valderrobres-candida.com\/cat\/wp-json\/wp\/v2\/types\/post"}],"author":[{"embeddable":true,"href":"https:\/\/valderrobres-candida.com\/cat\/wp-json\/wp\/v2\/users\/2"}],"replies":[{"embeddable":true,"href":"https:\/\/valderrobres-candida.com\/cat\/wp-json\/wp\/v2\/comments?post=801"}],"version-history":[{"count":1,"href":"https:\/\/valderrobres-candida.com\/cat\/wp-json\/wp\/v2\/posts\/801\/revisions"}],"predecessor-version":[{"id":803,"href":"https:\/\/valderrobres-candida.com\/cat\/wp-json\/wp\/v2\/posts\/801\/revisions\/803"}],"wp:featuredmedia":[{"embeddable":true,"href":"https:\/\/valderrobres-candida.com\/cat\/wp-json\/wp\/v2\/media\/802"}],"wp:attachment":[{"href":"https:\/\/valderrobres-candida.com\/cat\/wp-json\/wp\/v2\/media?parent=801"}],"wp:term":[{"taxonomy":"category","embeddable":true,"href":"https:\/\/valderrobres-candida.com\/cat\/wp-json\/wp\/v2\/categories?post=801"},{"taxonomy":"post_tag","embeddable":true,"href":"https:\/\/valderrobres-candida.com\/cat\/wp-json\/wp\/v2\/tags?post=801"}],"curies":[{"name":"wp","href":"https:\/\/api.w.org\/{rel}","templated":true}]}}