{"id":881,"date":"2015-11-04T09:28:47","date_gmt":"2015-11-04T09:28:47","guid":{"rendered":"http:\/\/valderrobres-candida.com\/?p=881"},"modified":"2015-12-17T15:41:57","modified_gmt":"2015-12-17T15:41:57","slug":"val-de-xafan-un-dia-verde","status":"publish","type":"post","link":"https:\/\/valderrobres-candida.com\/cat\/blog\/2015\/11\/04\/val-de-xafan-un-dia-verde\/","title":{"rendered":"Val de Zaf\u00e1n, un d\u00eda Verde"},"content":{"rendered":"<p>Se llama V\u00eda Verde y est\u00e1 en <strong>Val de Zaf\u00e1n,<\/strong> es una ruta que transcurre por la antigua v\u00eda f\u00e9rrea de Val de Zaf\u00e1n.<\/p>\n<p>El paisaje se puede diferenciar en distintos paisajes que van alternando momentos m\u00e1s agr\u00edcolas:<br \/>\ncon presencia del olivar, almendros y vides, con otros paisajes menos alterados o formados por manchas boscosas variadas con predominio de las masas forestales de pinos.<\/p>\n<p><img loading=\"lazy\" decoding=\"async\" class=\"aligncenter  wp-image-882\" src=\"http:\/\/valderrobres-candida.com\/wp-content\/uploads\/Via-verda-Val-de-Zaf\u00e1n-\u00a9-Amfivia.png\" alt=\"Via-verda-Val-de-Zaf\u00e1n-\u00a9-Amfivia\" width=\"243\" height=\"162\" srcset=\"https:\/\/valderrobres-candida.com\/cat\/wp-content\/uploads\/sites\/4\/Via-verda-Val-de-Zaf\u00e1n-\u00a9-Amfivia.png 1600w, https:\/\/valderrobres-candida.com\/cat\/wp-content\/uploads\/sites\/4\/Via-verda-Val-de-Zaf\u00e1n-\u00a9-Amfivia-300x200.png 300w, https:\/\/valderrobres-candida.com\/cat\/wp-content\/uploads\/sites\/4\/Via-verda-Val-de-Zaf\u00e1n-\u00a9-Amfivia-1024x682.png 1024w, https:\/\/valderrobres-candida.com\/cat\/wp-content\/uploads\/sites\/4\/Via-verda-Val-de-Zaf\u00e1n-\u00a9-Amfivia-100x66.png 100w, https:\/\/valderrobres-candida.com\/cat\/wp-content\/uploads\/sites\/4\/Via-verda-Val-de-Zaf\u00e1n-\u00a9-Amfivia-330x220.png 330w, https:\/\/valderrobres-candida.com\/cat\/wp-content\/uploads\/sites\/4\/Via-verda-Val-de-Zaf\u00e1n-\u00a9-Amfivia-450x300.png 450w\" sizes=\"auto, (max-width: 243px) 100vw, 243px\" \/><\/p>\n<p>Se trata de un recorrido con pendientes m\u00e1ximas de 19 mil\u00e9simas y que la direcci\u00f3n es siempre Noroeste, con un punto de inflexi\u00f3n en <strong>Valderrobres.<\/strong><\/p>\n<p>La ruta tiene el punto de partida en la Estaci\u00f3n de Arnes, Lled\u00f3, sigue por Valderrobres hasta Torre del Compte. El final est\u00e1 en Valjunquera.<\/p>\n<p><strong>\u00a1Disfruta de esta maravilla de paisaje y no te pierdas ning\u00fan detalle!<\/strong><\/p>\n","protected":false},"excerpt":{"rendered":"<p>Se llama Via Verde y est\u00e1 en Val de Zafr\u00e1n, es una ruta que transcurre por la antigua v\u00eda f\u00e9rrea de Val de Zaf\u00e1n.<\/p>\n<p>El paisaje se puede diferenciar en distintos paisajes que van alternando momentos m\u00e1s agr\u00edcolas:<br \/>\ncon presencia del olivar, almendros y vides, con otros paisajes menos alterados o formados por manchas boscosas &#8230; <\/p>\n","protected":false},"author":2,"featured_media":882,"comment_status":"open","ping_status":"open","sticky":false,"template":"","format":"standard","meta":{"footnotes":""},"categories":[150,13],"tags":[12,97,130,51,28],"class_list":["post-881","post","type-post","status-publish","format-standard","has-post-thumbnail","hentry","category-blog","category-rutas","tag-matarrana","tag-ruta-matarrana","tag-ruta-valderrobres","tag-teruel","tag-valderrobres"],"yoast_head":"<!-- This site is optimized with the Yoast SEO plugin v26.7 - https:\/\/yoast.com\/wordpress\/plugins\/seo\/ -->\n<title>Val de Zaf\u00e1n: un d\u00eda verde<\/title>\n<meta name=\"description\" content=\"Se llama V\u00eda Verde y est\u00e1 en Val de Zaf\u00e1n, es una ruta que transcurre por la antigua v\u00eda f\u00e9rrea de Val de Zaf\u00e1n.\" \/>\n<meta name=\"robots\" content=\"index, follow, max-snippet:-1, max-image-preview:large, max-video-preview:-1\" \/>\n<link rel=\"canonical\" href=\"https:\/\/valderrobres-candida.com\/cat\/blog\/2015\/11\/04\/val-de-xafan-un-dia-verde\/\" \/>\n<meta property=\"og:locale\" content=\"ca_ES\" \/>\n<meta property=\"og:type\" content=\"article\" \/>\n<meta property=\"og:title\" content=\"Val de Zaf\u00e1n: un d\u00eda verde\" \/>\n<meta property=\"og:description\" content=\"Se llama V\u00eda Verde y est\u00e1 en Val de Zaf\u00e1n, es una ruta que transcurre por la antigua v\u00eda f\u00e9rrea de Val de Zaf\u00e1n.\" \/>\n<meta property=\"og:url\" content=\"https:\/\/valderrobres-candida.com\/cat\/blog\/2015\/11\/04\/val-de-xafan-un-dia-verde\/\" \/>\n<meta property=\"og:site_name\" content=\"Valderrobres Candida CAT\" \/>\n<meta property=\"article:published_time\" content=\"2015-11-04T09:28:47+00:00\" \/>\n<meta property=\"article:modified_time\" content=\"2015-12-17T15:41:57+00:00\" \/>\n<meta property=\"og:image\" content=\"https:\/\/valderrobres-candida.com\/cat\/wp-content\/uploads\/sites\/4\/Via-verda-Val-de-Zaf\u00e1n-\u00a9-Amfivia-1024x682.png\" \/>\n\t<meta property=\"og:image:width\" content=\"1024\" \/>\n\t<meta property=\"og:image:height\" content=\"682\" \/>\n\t<meta property=\"og:image:type\" content=\"image\/png\" \/>\n<meta name=\"author\" content=\"Dona Candida\" \/>\n<meta name=\"twitter:card\" content=\"summary_large_image\" \/>\n<meta name=\"twitter:label1\" content=\"Escrit per\" \/>\n\t<meta name=\"twitter:data1\" content=\"Dona Candida\" \/>\n\t<meta name=\"twitter:label2\" content=\"Temps estimat de lectura\" \/>\n\t<meta name=\"twitter:data2\" content=\"1 minut\" \/>\n<script type=\"application\/ld+json\" class=\"yoast-schema-graph\">{\"@context\":\"https:\/\/schema.org\",\"@graph\":[{\"@type\":\"Article\",\"@id\":\"https:\/\/valderrobres-candida.com\/cat\/blog\/2015\/11\/04\/val-de-xafan-un-dia-verde\/#article\",\"isPartOf\":{\"@id\":\"https:\/\/valderrobres-candida.com\/cat\/blog\/2015\/11\/04\/val-de-xafan-un-dia-verde\/\"},\"author\":{\"name\":\"Dona Candida\",\"@id\":\"https:\/\/valderrobres-candida.com\/cat\/#\/schema\/person\/8613fd4f70379c16b4872f38d1586c86\"},\"headline\":\"Val de Zaf\u00e1n, un d\u00eda Verde\",\"datePublished\":\"2015-11-04T09:28:47+00:00\",\"dateModified\":\"2015-12-17T15:41:57+00:00\",\"mainEntityOfPage\":{\"@id\":\"https:\/\/valderrobres-candida.com\/cat\/blog\/2015\/11\/04\/val-de-xafan-un-dia-verde\/\"},\"wordCount\":146,\"commentCount\":0,\"image\":{\"@id\":\"https:\/\/valderrobres-candida.com\/cat\/blog\/2015\/11\/04\/val-de-xafan-un-dia-verde\/#primaryimage\"},\"thumbnailUrl\":\"https:\/\/valderrobres-candida.com\/cat\/wp-content\/uploads\/sites\/4\/Via-verda-Val-de-Zaf\u00e1n-\u00a9-Amfivia.png\",\"keywords\":[\"matarra\u00f1a\",\"ruta matarra\u00f1a\",\"ruta valderrobres\",\"teruel\",\"valderrobres\"],\"articleSection\":[\"Blog\",\"Rutas\"],\"inLanguage\":\"ca\",\"potentialAction\":[{\"@type\":\"CommentAction\",\"name\":\"Comment\",\"target\":[\"https:\/\/valderrobres-candida.com\/cat\/blog\/2015\/11\/04\/val-de-xafan-un-dia-verde\/#respond\"]}]},{\"@type\":\"WebPage\",\"@id\":\"https:\/\/valderrobres-candida.com\/cat\/blog\/2015\/11\/04\/val-de-xafan-un-dia-verde\/\",\"url\":\"https:\/\/valderrobres-candida.com\/cat\/blog\/2015\/11\/04\/val-de-xafan-un-dia-verde\/\",\"name\":\"Val de Zaf\u00e1n: un d\u00eda verde\",\"isPartOf\":{\"@id\":\"https:\/\/valderrobres-candida.com\/cat\/#website\"},\"primaryImageOfPage\":{\"@id\":\"https:\/\/valderrobres-candida.com\/cat\/blog\/2015\/11\/04\/val-de-xafan-un-dia-verde\/#primaryimage\"},\"image\":{\"@id\":\"https:\/\/valderrobres-candida.com\/cat\/blog\/2015\/11\/04\/val-de-xafan-un-dia-verde\/#primaryimage\"},\"thumbnailUrl\":\"https:\/\/valderrobres-candida.com\/cat\/wp-content\/uploads\/sites\/4\/Via-verda-Val-de-Zaf\u00e1n-\u00a9-Amfivia.png\",\"datePublished\":\"2015-11-04T09:28:47+00:00\",\"dateModified\":\"2015-12-17T15:41:57+00:00\",\"author\":{\"@id\":\"https:\/\/valderrobres-candida.com\/cat\/#\/schema\/person\/8613fd4f70379c16b4872f38d1586c86\"},\"description\":\"Se llama V\u00eda Verde y est\u00e1 en Val de Zaf\u00e1n, es una ruta que transcurre por la antigua v\u00eda f\u00e9rrea de Val de Zaf\u00e1n.\",\"breadcrumb\":{\"@id\":\"https:\/\/valderrobres-candida.com\/cat\/blog\/2015\/11\/04\/val-de-xafan-un-dia-verde\/#breadcrumb\"},\"inLanguage\":\"ca\",\"potentialAction\":[{\"@type\":\"ReadAction\",\"target\":[\"https:\/\/valderrobres-candida.com\/cat\/blog\/2015\/11\/04\/val-de-xafan-un-dia-verde\/\"]}]},{\"@type\":\"ImageObject\",\"inLanguage\":\"ca\",\"@id\":\"https:\/\/valderrobres-candida.com\/cat\/blog\/2015\/11\/04\/val-de-xafan-un-dia-verde\/#primaryimage\",\"url\":\"https:\/\/valderrobres-candida.com\/cat\/wp-content\/uploads\/sites\/4\/Via-verda-Val-de-Zaf\u00e1n-\u00a9-Amfivia.png\",\"contentUrl\":\"https:\/\/valderrobres-candida.com\/cat\/wp-content\/uploads\/sites\/4\/Via-verda-Val-de-Zaf\u00e1n-\u00a9-Amfivia.png\",\"width\":1600,\"height\":1067},{\"@type\":\"BreadcrumbList\",\"@id\":\"https:\/\/valderrobres-candida.com\/cat\/blog\/2015\/11\/04\/val-de-xafan-un-dia-verde\/#breadcrumb\",\"itemListElement\":[{\"@type\":\"ListItem\",\"position\":1,\"name\":\"Portada\",\"item\":\"https:\/\/valderrobres-candida.com\/cat\/\"},{\"@type\":\"ListItem\",\"position\":2,\"name\":\"Val de Zaf\u00e1n, un d\u00eda Verde\"}]},{\"@type\":\"WebSite\",\"@id\":\"https:\/\/valderrobres-candida.com\/cat\/#website\",\"url\":\"https:\/\/valderrobres-candida.com\/cat\/\",\"name\":\"Valderrobres Candida CAT\",\"description\":\"\",\"potentialAction\":[{\"@type\":\"SearchAction\",\"target\":{\"@type\":\"EntryPoint\",\"urlTemplate\":\"https:\/\/valderrobres-candida.com\/cat\/?s={search_term_string}\"},\"query-input\":{\"@type\":\"PropertyValueSpecification\",\"valueRequired\":true,\"valueName\":\"search_term_string\"}}],\"inLanguage\":\"ca\"},{\"@type\":\"Person\",\"@id\":\"https:\/\/valderrobres-candida.com\/cat\/#\/schema\/person\/8613fd4f70379c16b4872f38d1586c86\",\"name\":\"Dona Candida\",\"image\":{\"@type\":\"ImageObject\",\"inLanguage\":\"ca\",\"@id\":\"https:\/\/valderrobres-candida.com\/cat\/#\/schema\/person\/image\/\",\"url\":\"https:\/\/secure.gravatar.com\/avatar\/76fd4c271644e4e26cd86dc06e3e376a616136f923138060c3acbe8187b3d2bc?s=96&d=mm&r=g\",\"contentUrl\":\"https:\/\/secure.gravatar.com\/avatar\/76fd4c271644e4e26cd86dc06e3e376a616136f923138060c3acbe8187b3d2bc?s=96&d=mm&r=g\",\"caption\":\"Dona Candida\"},\"url\":\"https:\/\/valderrobres-candida.com\/cat\/blog\/author\/dona-candida\/\"}]}<\/script>\n<!-- \/ Yoast SEO plugin. -->","yoast_head_json":{"title":"Val de Zaf\u00e1n: un d\u00eda verde","description":"Se llama V\u00eda Verde y est\u00e1 en Val de Zaf\u00e1n, es una ruta que transcurre por la antigua v\u00eda f\u00e9rrea de Val de Zaf\u00e1n.","robots":{"index":"index","follow":"follow","max-snippet":"max-snippet:-1","max-image-preview":"max-image-preview:large","max-video-preview":"max-video-preview:-1"},"canonical":"https:\/\/valderrobres-candida.com\/cat\/blog\/2015\/11\/04\/val-de-xafan-un-dia-verde\/","og_locale":"ca_ES","og_type":"article","og_title":"Val de Zaf\u00e1n: un d\u00eda verde","og_description":"Se llama V\u00eda Verde y est\u00e1 en Val de Zaf\u00e1n, es una ruta que transcurre por la antigua v\u00eda f\u00e9rrea de Val de Zaf\u00e1n.","og_url":"https:\/\/valderrobres-candida.com\/cat\/blog\/2015\/11\/04\/val-de-xafan-un-dia-verde\/","og_site_name":"Valderrobres Candida CAT","article_published_time":"2015-11-04T09:28:47+00:00","article_modified_time":"2015-12-17T15:41:57+00:00","og_image":[{"width":1024,"height":682,"url":"https:\/\/valderrobres-candida.com\/cat\/wp-content\/uploads\/sites\/4\/Via-verda-Val-de-Zaf\u00e1n-\u00a9-Amfivia-1024x682.png","type":"image\/png"}],"author":"Dona Candida","twitter_card":"summary_large_image","twitter_misc":{"Escrit per":"Dona Candida","Temps estimat de lectura":"1 minut"},"schema":{"@context":"https:\/\/schema.org","@graph":[{"@type":"Article","@id":"https:\/\/valderrobres-candida.com\/cat\/blog\/2015\/11\/04\/val-de-xafan-un-dia-verde\/#article","isPartOf":{"@id":"https:\/\/valderrobres-candida.com\/cat\/blog\/2015\/11\/04\/val-de-xafan-un-dia-verde\/"},"author":{"name":"Dona Candida","@id":"https:\/\/valderrobres-candida.com\/cat\/#\/schema\/person\/8613fd4f70379c16b4872f38d1586c86"},"headline":"Val de Zaf\u00e1n, un d\u00eda Verde","datePublished":"2015-11-04T09:28:47+00:00","dateModified":"2015-12-17T15:41:57+00:00","mainEntityOfPage":{"@id":"https:\/\/valderrobres-candida.com\/cat\/blog\/2015\/11\/04\/val-de-xafan-un-dia-verde\/"},"wordCount":146,"commentCount":0,"image":{"@id":"https:\/\/valderrobres-candida.com\/cat\/blog\/2015\/11\/04\/val-de-xafan-un-dia-verde\/#primaryimage"},"thumbnailUrl":"https:\/\/valderrobres-candida.com\/cat\/wp-content\/uploads\/sites\/4\/Via-verda-Val-de-Zaf\u00e1n-\u00a9-Amfivia.png","keywords":["matarra\u00f1a","ruta matarra\u00f1a","ruta valderrobres","teruel","valderrobres"],"articleSection":["Blog","Rutas"],"inLanguage":"ca","potentialAction":[{"@type":"CommentAction","name":"Comment","target":["https:\/\/valderrobres-candida.com\/cat\/blog\/2015\/11\/04\/val-de-xafan-un-dia-verde\/#respond"]}]},{"@type":"WebPage","@id":"https:\/\/valderrobres-candida.com\/cat\/blog\/2015\/11\/04\/val-de-xafan-un-dia-verde\/","url":"https:\/\/valderrobres-candida.com\/cat\/blog\/2015\/11\/04\/val-de-xafan-un-dia-verde\/","name":"Val de Zaf\u00e1n: un d\u00eda verde","isPartOf":{"@id":"https:\/\/valderrobres-candida.com\/cat\/#website"},"primaryImageOfPage":{"@id":"https:\/\/valderrobres-candida.com\/cat\/blog\/2015\/11\/04\/val-de-xafan-un-dia-verde\/#primaryimage"},"image":{"@id":"https:\/\/valderrobres-candida.com\/cat\/blog\/2015\/11\/04\/val-de-xafan-un-dia-verde\/#primaryimage"},"thumbnailUrl":"https:\/\/valderrobres-candida.com\/cat\/wp-content\/uploads\/sites\/4\/Via-verda-Val-de-Zaf\u00e1n-\u00a9-Amfivia.png","datePublished":"2015-11-04T09:28:47+00:00","dateModified":"2015-12-17T15:41:57+00:00","author":{"@id":"https:\/\/valderrobres-candida.com\/cat\/#\/schema\/person\/8613fd4f70379c16b4872f38d1586c86"},"description":"Se llama V\u00eda Verde y est\u00e1 en Val de Zaf\u00e1n, es una ruta que transcurre por la antigua v\u00eda f\u00e9rrea de Val de Zaf\u00e1n.","breadcrumb":{"@id":"https:\/\/valderrobres-candida.com\/cat\/blog\/2015\/11\/04\/val-de-xafan-un-dia-verde\/#breadcrumb"},"inLanguage":"ca","potentialAction":[{"@type":"ReadAction","target":["https:\/\/valderrobres-candida.com\/cat\/blog\/2015\/11\/04\/val-de-xafan-un-dia-verde\/"]}]},{"@type":"ImageObject","inLanguage":"ca","@id":"https:\/\/valderrobres-candida.com\/cat\/blog\/2015\/11\/04\/val-de-xafan-un-dia-verde\/#primaryimage","url":"https:\/\/valderrobres-candida.com\/cat\/wp-content\/uploads\/sites\/4\/Via-verda-Val-de-Zaf\u00e1n-\u00a9-Amfivia.png","contentUrl":"https:\/\/valderrobres-candida.com\/cat\/wp-content\/uploads\/sites\/4\/Via-verda-Val-de-Zaf\u00e1n-\u00a9-Amfivia.png","width":1600,"height":1067},{"@type":"BreadcrumbList","@id":"https:\/\/valderrobres-candida.com\/cat\/blog\/2015\/11\/04\/val-de-xafan-un-dia-verde\/#breadcrumb","itemListElement":[{"@type":"ListItem","position":1,"name":"Portada","item":"https:\/\/valderrobres-candida.com\/cat\/"},{"@type":"ListItem","position":2,"name":"Val de Zaf\u00e1n, un d\u00eda Verde"}]},{"@type":"WebSite","@id":"https:\/\/valderrobres-candida.com\/cat\/#website","url":"https:\/\/valderrobres-candida.com\/cat\/","name":"Valderrobres Candida CAT","description":"","potentialAction":[{"@type":"SearchAction","target":{"@type":"EntryPoint","urlTemplate":"https:\/\/valderrobres-candida.com\/cat\/?s={search_term_string}"},"query-input":{"@type":"PropertyValueSpecification","valueRequired":true,"valueName":"search_term_string"}}],"inLanguage":"ca"},{"@type":"Person","@id":"https:\/\/valderrobres-candida.com\/cat\/#\/schema\/person\/8613fd4f70379c16b4872f38d1586c86","name":"Dona Candida","image":{"@type":"ImageObject","inLanguage":"ca","@id":"https:\/\/valderrobres-candida.com\/cat\/#\/schema\/person\/image\/","url":"https:\/\/secure.gravatar.com\/avatar\/76fd4c271644e4e26cd86dc06e3e376a616136f923138060c3acbe8187b3d2bc?s=96&d=mm&r=g","contentUrl":"https:\/\/secure.gravatar.com\/avatar\/76fd4c271644e4e26cd86dc06e3e376a616136f923138060c3acbe8187b3d2bc?s=96&d=mm&r=g","caption":"Dona Candida"},"url":"https:\/\/valderrobres-candida.com\/cat\/blog\/author\/dona-candida\/"}]}},"_links":{"self":[{"href":"https:\/\/valderrobres-candida.com\/cat\/wp-json\/wp\/v2\/posts\/881","targetHints":{"allow":["GET"]}}],"collection":[{"href":"https:\/\/valderrobres-candida.com\/cat\/wp-json\/wp\/v2\/posts"}],"about":[{"href":"https:\/\/valderrobres-candida.com\/cat\/wp-json\/wp\/v2\/types\/post"}],"author":[{"embeddable":true,"href":"https:\/\/valderrobres-candida.com\/cat\/wp-json\/wp\/v2\/users\/2"}],"replies":[{"embeddable":true,"href":"https:\/\/valderrobres-candida.com\/cat\/wp-json\/wp\/v2\/comments?post=881"}],"version-history":[{"count":9,"href":"https:\/\/valderrobres-candida.com\/cat\/wp-json\/wp\/v2\/posts\/881\/revisions"}],"predecessor-version":[{"id":898,"href":"https:\/\/valderrobres-candida.com\/cat\/wp-json\/wp\/v2\/posts\/881\/revisions\/898"}],"wp:featuredmedia":[{"embeddable":true,"href":"https:\/\/valderrobres-candida.com\/cat\/wp-json\/wp\/v2\/media\/882"}],"wp:attachment":[{"href":"https:\/\/valderrobres-candida.com\/cat\/wp-json\/wp\/v2\/media?parent=881"}],"wp:term":[{"taxonomy":"category","embeddable":true,"href":"https:\/\/valderrobres-candida.com\/cat\/wp-json\/wp\/v2\/categories?post=881"},{"taxonomy":"post_tag","embeddable":true,"href":"https:\/\/valderrobres-candida.com\/cat\/wp-json\/wp\/v2\/tags?post=881"}],"curies":[{"name":"wp","href":"https:\/\/api.w.org\/{rel}","templated":true}]}}