{"id":913,"date":"2015-12-02T12:25:11","date_gmt":"2015-12-02T12:25:11","guid":{"rendered":"http:\/\/valderrobres-candida.com\/?p=913"},"modified":"2015-12-17T15:41:07","modified_gmt":"2015-12-17T15:41:07","slug":"4-dias-en-la-toscana-aragonesa","status":"publish","type":"post","link":"https:\/\/valderrobres-candida.com\/cat\/blog\/2015\/12\/02\/4-dias-en-la-toscana-aragonesa\/","title":{"rendered":"4 d\u00edas de ruta para este puente"},"content":{"rendered":"<p><strong>El Matarra\u00f1a<\/strong> es una zona de la <strong>comarca Turolense<\/strong> que se situa al noreste y es atravesado por el R\u00edo que le da nombre. \u00c9sta zona es nombrada Toscana Aragonesa por su belleza paisajista y \u00a0el destino perfecto para los amantes de la <strong>naturaleza, la gastronom\u00eda y el turismo rural:<\/strong> si ese eres t\u00fa, y tienes 4 d\u00edas de fiesta este fin de semana&#8230;<strong>\u00a1An\u00edmate a descubrirla con nosotros!<\/strong><\/p>\n<p><a href=\"http:\/\/valderrobres-candida.com\/wp-content\/uploads\/Valderrobres-2.jpg\"><img loading=\"lazy\" decoding=\"async\" width=\"418\" height=\"362\" class=\"aligncenter size-full wp-image-192\" src=\"http:\/\/valderrobres-candida.com\/wp-content\/uploads\/Valderrobres-2.jpg\" alt=\"Valderrobres 2\" srcset=\"https:\/\/valderrobres-candida.com\/cat\/wp-content\/uploads\/sites\/4\/Valderrobres-2.jpg 418w, https:\/\/valderrobres-candida.com\/cat\/wp-content\/uploads\/sites\/4\/Valderrobres-2-300x259.jpg 300w, https:\/\/valderrobres-candida.com\/cat\/wp-content\/uploads\/sites\/4\/Valderrobres-2-100x86.jpg 100w\" sizes=\"auto, (max-width: 418px) 100vw, 418px\" \/><\/a><\/p>\n<p><!--more-->Vamos all\u00e1, te proponemos la siguiente ruta:<\/p>\n<p><strong>D\u00cdA 1:<\/strong><\/p>\n<p>Elige <strong>Valderrobres<\/strong> para alojarte. Es, para nosotros, el <strong>pueblo m\u00e1s bonito<\/strong> (y claro, por eso vivimos all\u00ed). Adem\u00e1s, desde Valderrobres es muy f\u00e1cil acceder a los dem\u00e1s pueblos y localizaciones!<\/p>\n<p><a href=\"http:\/\/valderrobres-candida.com\/wp-content\/uploads\/400px-Valderrobres_-_Calle_076.jpg\"><img loading=\"lazy\" decoding=\"async\" width=\"400\" height=\"600\" class=\"aligncenter size-full wp-image-650\" src=\"http:\/\/valderrobres-candida.com\/wp-content\/uploads\/400px-Valderrobres_-_Calle_076.jpg\" alt=\"400px-Valderrobres_-_Calle_076\" srcset=\"https:\/\/valderrobres-candida.com\/cat\/wp-content\/uploads\/sites\/4\/400px-Valderrobres_-_Calle_076.jpg 400w, https:\/\/valderrobres-candida.com\/cat\/wp-content\/uploads\/sites\/4\/400px-Valderrobres_-_Calle_076-200x300.jpg 200w, https:\/\/valderrobres-candida.com\/cat\/wp-content\/uploads\/sites\/4\/400px-Valderrobres_-_Calle_076-66x100.jpg 66w\" sizes=\"auto, (max-width: 400px) 100vw, 400px\" \/><\/a> <a href=\"http:\/\/valderrobres-candida.com\/wp-content\/uploads\/es_20071227_1_5038157_captured.jpg\"><br \/>\n<\/a> <a href=\"http:\/\/valderrobres-candida.com\/wp-content\/uploads\/7120794661_0fea2318b5_z1.jpg\"><img loading=\"lazy\" decoding=\"async\" width=\"640\" height=\"425\" class=\"aligncenter size-full wp-image-646\" src=\"http:\/\/valderrobres-candida.com\/wp-content\/uploads\/7120794661_0fea2318b5_z1.jpg\" alt=\"7120794661_0fea2318b5_z\" srcset=\"https:\/\/valderrobres-candida.com\/cat\/wp-content\/uploads\/sites\/4\/7120794661_0fea2318b5_z1.jpg 640w, https:\/\/valderrobres-candida.com\/cat\/wp-content\/uploads\/sites\/4\/7120794661_0fea2318b5_z1-300x199.jpg 300w, https:\/\/valderrobres-candida.com\/cat\/wp-content\/uploads\/sites\/4\/7120794661_0fea2318b5_z1-100x66.jpg 100w, https:\/\/valderrobres-candida.com\/cat\/wp-content\/uploads\/sites\/4\/7120794661_0fea2318b5_z1-330x220.jpg 330w, https:\/\/valderrobres-candida.com\/cat\/wp-content\/uploads\/sites\/4\/7120794661_0fea2318b5_z1-450x300.jpg 450w\" sizes=\"auto, (max-width: 640px) 100vw, 640px\" \/><\/a><\/p>\n<p>Acom\u00f3date, p<strong>onte unas buenas zapatillas<\/strong> (el pueblo est\u00e1 lleno de escaleras) y avent\u00farate en las calles de Valderrobres: estrechas y llenas de a<strong>ntiguas fachadas de piedra<\/strong>, el imponente <strong>puente medieva<\/strong>l, la <strong>torre de San Roque<\/strong>, o la m\u00edtica pared azul con la bicicleta que siempre permanece.<\/p>\n<p><strong>D\u00cdA 2:<\/strong><\/p>\n<p><strong>Ac\u00e9rcate hasta Beceite<\/strong>. Esta preciosa localidad es la mejor para conocer el<strong> r\u00edo Matarra\u00f1a<\/strong> en su m\u00e1xima esplendor. Te recomendamos la <a href=\"%20http:\/\/valderrobres-candida.com\/el-parrizal-de-beceite\/\"><strong>ruta del Parrizal,<\/strong><\/a> que contamos entera en otro post. El paseo dura unas dos horas y puede hacerse en fam\u00edla. En \u00e9l encontrar\u00e1s <strong>pozas, caminos estrechos, ca\u00f1ones,<\/strong> y las incre\u00edbles agujas que salen del techo, llamadas <strong>Gub\u00edes.<\/strong><\/p>\n<p><a href=\"http:\/\/valderrobres-candida.com\/wp-content\/uploads\/imagen1326g.jpg\"><br \/>\n<\/a> <a href=\"http:\/\/valderrobres-candida.com\/wp-content\/uploads\/P-039.jpg\"><img loading=\"lazy\" decoding=\"async\" width=\"500\" height=\"667\" class=\"aligncenter size-full wp-image-589\" src=\"http:\/\/valderrobres-candida.com\/wp-content\/uploads\/P-039.jpg\" alt=\"P-039\" srcset=\"https:\/\/valderrobres-candida.com\/cat\/wp-content\/uploads\/sites\/4\/P-039.jpg 500w, https:\/\/valderrobres-candida.com\/cat\/wp-content\/uploads\/sites\/4\/P-039-224x300.jpg 224w, https:\/\/valderrobres-candida.com\/cat\/wp-content\/uploads\/sites\/4\/P-039-74x100.jpg 74w\" sizes=\"auto, (max-width: 500px) 100vw, 500px\" \/><\/a><\/p>\n<p>Al volver, puedes pasar por el Embalse de Pena: un bonito pantano de la regi\u00f3n. Si te queda tiempo para visitar Beceite, no te pierdas la Ermita Santa Ana.<\/p>\n<p><a href=\"http:\/\/valderrobres-candida.com\/wp-content\/uploads\/ermita-santa-ana-beseit-beceite-matarranya-matarra\u00f1a-evadirte-siente-teruel.jpg\"><img loading=\"lazy\" decoding=\"async\" class=\"aligncenter  wp-image-914\" src=\"http:\/\/valderrobres-candida.com\/wp-content\/uploads\/ermita-santa-ana-beseit-beceite-matarranya-matarra\u00f1a-evadirte-siente-teruel.jpg\" alt=\"ermita santa ana-beseit-beceite-matarranya-matarra\u00f1a-evadirte-siente teruel\" width=\"512\" height=\"354\" \/><\/a><\/p>\n<p>&nbsp;<\/p>\n<p><strong>D\u00cdA 3:<\/strong><\/p>\n<p>Levanta de la cama, observa la incre\u00edble tranquilidad de la naturaleza y ad\u00e9ntrate a la <strong>localidad de Pe\u00f1arroya de Tastavins:<\/strong> all\u00ed podr\u00e1s conocer las <strong>Rocas del Masmut<\/strong>, y si eres aventurero, escalar sus empinadas paredes verticales!!.<\/p>\n<p><a href=\"http:\/\/valderrobres-candida.com\/wp-content\/uploads\/Els_Ports.jpg\"><img loading=\"lazy\" decoding=\"async\" class=\"aligncenter  wp-image-553\" src=\"http:\/\/valderrobres-candida.com\/wp-content\/uploads\/Els_Ports.jpg\" alt=\"Els_Ports\" width=\"459\" height=\"315\" \/><\/a> Adem\u00e1s, si tienes suerte, podr\u00e1s observar algun buitre. Si tu puente est\u00e1 monopolizado por los ni\u00f1os, divi\u00e9rtelos en <a href=\"http:\/\/www.dinopolis.com\/inhospitak.html\"><strong>Territorio Din\u00f3polis<\/strong><\/a>: el centro donde se esconden los <strong>huesos<\/strong> originales de un <strong>dinosaurio<\/strong> que vivi\u00f3 hace 100 millones de a\u00f1os.<\/p>\n<p><strong>D\u00cdA 4:<\/strong><\/p>\n<p>Si a\u00fan te quedan energ\u00edas, no te olvides de <strong>Calaceite<\/strong>: una preciosa localidad que conserva a grande escala su conjunto hist\u00f3rico. Puedes visitar el <strong>poblado Ib\u00e9rico de San Antonio,<\/strong> y hacer una visita guiada por la<strong>s ruinas arqueol\u00f3gicas<\/strong> que, muchas veces, concluyen con una bonita velada gastron\u00f3mica con maridaje.<\/p>\n<p><a href=\"http:\/\/valderrobres-candida.com\/wp-content\/uploads\/4031377.jpg\"><img loading=\"lazy\" decoding=\"async\" width=\"500\" height=\"375\" class=\"aligncenter size-full wp-image-915\" src=\"http:\/\/valderrobres-candida.com\/wp-content\/uploads\/4031377.jpg\" alt=\"OLYMPUS DIGITAL CAMERA\" srcset=\"https:\/\/valderrobres-candida.com\/cat\/wp-content\/uploads\/sites\/4\/4031377.jpg 500w, https:\/\/valderrobres-candida.com\/cat\/wp-content\/uploads\/sites\/4\/4031377-300x225.jpg 300w, https:\/\/valderrobres-candida.com\/cat\/wp-content\/uploads\/sites\/4\/4031377-100x75.jpg 100w\" sizes=\"auto, (max-width: 500px) 100vw, 500px\" \/><\/a><\/p>\n<p><strong>\u00a1No hay mejo opci\u00f3n para este puente de la Constituci\u00f3n!<\/strong><\/p>\n","protected":false},"excerpt":{"rendered":"<p>El Matarra\u00f1a es una zona de la comarca Turolense que se situa al noreste y es atravesado por el R\u00edo que le da nombre. \u00c9sta zona es nombrada Toscana Aragonesa por su belleza paisajista y \u00a0el destino perfecto para los amantes de la naturaleza, la gastronom\u00eda y el turismo rural: si ese eres t\u00fa, y<\/p>\n","protected":false},"author":2,"featured_media":915,"comment_status":"open","ping_status":"open","sticky":false,"template":"","format":"standard","meta":{"footnotes":""},"categories":[150,16,13],"tags":[8,48,30,140,139,12,26,136,137,138,51,65,28],"class_list":["post-913","post","type-post","status-publish","format-standard","has-post-thumbnail","hentry","category-blog","category-gastronomia","category-rutas","tag-aragon","tag-calaceite","tag-casa-rural","tag-dianopolis","tag-ermita-santa-ana","tag-matarrana","tag-matarranya","tag-puente-constitucion","tag-rocas-del-masmut","tag-tastavins","tag-teruel","tag-toscana-aragonesa","tag-valderrobres"],"yoast_head":"<!-- This site is optimized with the Yoast SEO plugin v26.7 - https:\/\/yoast.com\/wordpress\/plugins\/seo\/ -->\n<title>4 d\u00edas de ruta para este puente - Valderrobres Candida CAT<\/title>\n<meta name=\"description\" content=\"El Matarra\u00f1a es una zona de Teruel atravesada por el R\u00edo que le da nombre. \u00c9sta zona es nombrada Toscana Aragonesa por su belleza paisajista\" \/>\n<meta name=\"robots\" content=\"index, follow, max-snippet:-1, max-image-preview:large, max-video-preview:-1\" \/>\n<link rel=\"canonical\" href=\"https:\/\/valderrobres-candida.com\/cat\/blog\/2015\/12\/02\/4-dias-en-la-toscana-aragonesa\/\" \/>\n<meta property=\"og:locale\" content=\"ca_ES\" \/>\n<meta property=\"og:type\" content=\"article\" \/>\n<meta property=\"og:title\" content=\"4 d\u00edas de ruta para este puente - Valderrobres Candida CAT\" \/>\n<meta property=\"og:description\" content=\"El Matarra\u00f1a es una zona de Teruel atravesada por el R\u00edo que le da nombre. \u00c9sta zona es nombrada Toscana Aragonesa por su belleza paisajista\" \/>\n<meta property=\"og:url\" content=\"https:\/\/valderrobres-candida.com\/cat\/blog\/2015\/12\/02\/4-dias-en-la-toscana-aragonesa\/\" \/>\n<meta property=\"og:site_name\" content=\"Valderrobres Candida CAT\" \/>\n<meta property=\"article:published_time\" content=\"2015-12-02T12:25:11+00:00\" \/>\n<meta property=\"article:modified_time\" content=\"2015-12-17T15:41:07+00:00\" \/>\n<meta property=\"og:image\" content=\"https:\/\/valderrobres-candida.com\/cat\/wp-content\/uploads\/sites\/4\/4031377.jpg\" \/>\n\t<meta property=\"og:image:width\" content=\"500\" \/>\n\t<meta property=\"og:image:height\" content=\"375\" \/>\n\t<meta property=\"og:image:type\" content=\"image\/jpeg\" \/>\n<meta name=\"author\" content=\"Dona Candida\" \/>\n<meta name=\"twitter:card\" content=\"summary_large_image\" \/>\n<meta name=\"twitter:label1\" content=\"Escrit per\" \/>\n\t<meta name=\"twitter:data1\" content=\"Dona Candida\" \/>\n\t<meta name=\"twitter:label2\" content=\"Temps estimat de lectura\" \/>\n\t<meta name=\"twitter:data2\" content=\"2 minuts\" \/>\n<script type=\"application\/ld+json\" class=\"yoast-schema-graph\">{\"@context\":\"https:\/\/schema.org\",\"@graph\":[{\"@type\":\"Article\",\"@id\":\"https:\/\/valderrobres-candida.com\/cat\/blog\/2015\/12\/02\/4-dias-en-la-toscana-aragonesa\/#article\",\"isPartOf\":{\"@id\":\"https:\/\/valderrobres-candida.com\/cat\/blog\/2015\/12\/02\/4-dias-en-la-toscana-aragonesa\/\"},\"author\":{\"name\":\"Dona Candida\",\"@id\":\"https:\/\/valderrobres-candida.com\/cat\/#\/schema\/person\/8613fd4f70379c16b4872f38d1586c86\"},\"headline\":\"4 d\u00edas de ruta para este puente\",\"datePublished\":\"2015-12-02T12:25:11+00:00\",\"dateModified\":\"2015-12-17T15:41:07+00:00\",\"mainEntityOfPage\":{\"@id\":\"https:\/\/valderrobres-candida.com\/cat\/blog\/2015\/12\/02\/4-dias-en-la-toscana-aragonesa\/\"},\"wordCount\":426,\"commentCount\":0,\"image\":{\"@id\":\"https:\/\/valderrobres-candida.com\/cat\/blog\/2015\/12\/02\/4-dias-en-la-toscana-aragonesa\/#primaryimage\"},\"thumbnailUrl\":\"https:\/\/valderrobres-candida.com\/cat\/wp-content\/uploads\/sites\/4\/4031377.jpg\",\"keywords\":[\"arag\u00f3n\",\"calaceite\",\"casa rural\",\"dian\u00f3polis\",\"ermita santa ana\",\"matarra\u00f1a\",\"matarranya\",\"puente constituci\u00f3n\",\"rocas del masmut\",\"tastavins\",\"teruel\",\"toscana aragonesa\",\"valderrobres\"],\"articleSection\":[\"Blog\",\"Gastronom\u00eda\",\"Rutas\"],\"inLanguage\":\"ca\",\"potentialAction\":[{\"@type\":\"CommentAction\",\"name\":\"Comment\",\"target\":[\"https:\/\/valderrobres-candida.com\/cat\/blog\/2015\/12\/02\/4-dias-en-la-toscana-aragonesa\/#respond\"]}]},{\"@type\":\"WebPage\",\"@id\":\"https:\/\/valderrobres-candida.com\/cat\/blog\/2015\/12\/02\/4-dias-en-la-toscana-aragonesa\/\",\"url\":\"https:\/\/valderrobres-candida.com\/cat\/blog\/2015\/12\/02\/4-dias-en-la-toscana-aragonesa\/\",\"name\":\"4 d\u00edas de ruta para este puente - Valderrobres Candida CAT\",\"isPartOf\":{\"@id\":\"https:\/\/valderrobres-candida.com\/cat\/#website\"},\"primaryImageOfPage\":{\"@id\":\"https:\/\/valderrobres-candida.com\/cat\/blog\/2015\/12\/02\/4-dias-en-la-toscana-aragonesa\/#primaryimage\"},\"image\":{\"@id\":\"https:\/\/valderrobres-candida.com\/cat\/blog\/2015\/12\/02\/4-dias-en-la-toscana-aragonesa\/#primaryimage\"},\"thumbnailUrl\":\"https:\/\/valderrobres-candida.com\/cat\/wp-content\/uploads\/sites\/4\/4031377.jpg\",\"datePublished\":\"2015-12-02T12:25:11+00:00\",\"dateModified\":\"2015-12-17T15:41:07+00:00\",\"author\":{\"@id\":\"https:\/\/valderrobres-candida.com\/cat\/#\/schema\/person\/8613fd4f70379c16b4872f38d1586c86\"},\"description\":\"El Matarra\u00f1a es una zona de Teruel atravesada por el R\u00edo que le da nombre. \u00c9sta zona es nombrada Toscana Aragonesa por su belleza paisajista\",\"breadcrumb\":{\"@id\":\"https:\/\/valderrobres-candida.com\/cat\/blog\/2015\/12\/02\/4-dias-en-la-toscana-aragonesa\/#breadcrumb\"},\"inLanguage\":\"ca\",\"potentialAction\":[{\"@type\":\"ReadAction\",\"target\":[\"https:\/\/valderrobres-candida.com\/cat\/blog\/2015\/12\/02\/4-dias-en-la-toscana-aragonesa\/\"]}]},{\"@type\":\"ImageObject\",\"inLanguage\":\"ca\",\"@id\":\"https:\/\/valderrobres-candida.com\/cat\/blog\/2015\/12\/02\/4-dias-en-la-toscana-aragonesa\/#primaryimage\",\"url\":\"https:\/\/valderrobres-candida.com\/cat\/wp-content\/uploads\/sites\/4\/4031377.jpg\",\"contentUrl\":\"https:\/\/valderrobres-candida.com\/cat\/wp-content\/uploads\/sites\/4\/4031377.jpg\",\"width\":500,\"height\":375},{\"@type\":\"BreadcrumbList\",\"@id\":\"https:\/\/valderrobres-candida.com\/cat\/blog\/2015\/12\/02\/4-dias-en-la-toscana-aragonesa\/#breadcrumb\",\"itemListElement\":[{\"@type\":\"ListItem\",\"position\":1,\"name\":\"Portada\",\"item\":\"https:\/\/valderrobres-candida.com\/cat\/\"},{\"@type\":\"ListItem\",\"position\":2,\"name\":\"4 d\u00edas de ruta para este puente\"}]},{\"@type\":\"WebSite\",\"@id\":\"https:\/\/valderrobres-candida.com\/cat\/#website\",\"url\":\"https:\/\/valderrobres-candida.com\/cat\/\",\"name\":\"Valderrobres Candida CAT\",\"description\":\"\",\"potentialAction\":[{\"@type\":\"SearchAction\",\"target\":{\"@type\":\"EntryPoint\",\"urlTemplate\":\"https:\/\/valderrobres-candida.com\/cat\/?s={search_term_string}\"},\"query-input\":{\"@type\":\"PropertyValueSpecification\",\"valueRequired\":true,\"valueName\":\"search_term_string\"}}],\"inLanguage\":\"ca\"},{\"@type\":\"Person\",\"@id\":\"https:\/\/valderrobres-candida.com\/cat\/#\/schema\/person\/8613fd4f70379c16b4872f38d1586c86\",\"name\":\"Dona Candida\",\"image\":{\"@type\":\"ImageObject\",\"inLanguage\":\"ca\",\"@id\":\"https:\/\/valderrobres-candida.com\/cat\/#\/schema\/person\/image\/\",\"url\":\"https:\/\/secure.gravatar.com\/avatar\/76fd4c271644e4e26cd86dc06e3e376a616136f923138060c3acbe8187b3d2bc?s=96&d=mm&r=g\",\"contentUrl\":\"https:\/\/secure.gravatar.com\/avatar\/76fd4c271644e4e26cd86dc06e3e376a616136f923138060c3acbe8187b3d2bc?s=96&d=mm&r=g\",\"caption\":\"Dona Candida\"},\"url\":\"https:\/\/valderrobres-candida.com\/cat\/blog\/author\/dona-candida\/\"}]}<\/script>\n<!-- \/ Yoast SEO plugin. -->","yoast_head_json":{"title":"4 d\u00edas de ruta para este puente - Valderrobres Candida CAT","description":"El Matarra\u00f1a es una zona de Teruel atravesada por el R\u00edo que le da nombre. \u00c9sta zona es nombrada Toscana Aragonesa por su belleza paisajista","robots":{"index":"index","follow":"follow","max-snippet":"max-snippet:-1","max-image-preview":"max-image-preview:large","max-video-preview":"max-video-preview:-1"},"canonical":"https:\/\/valderrobres-candida.com\/cat\/blog\/2015\/12\/02\/4-dias-en-la-toscana-aragonesa\/","og_locale":"ca_ES","og_type":"article","og_title":"4 d\u00edas de ruta para este puente - Valderrobres Candida CAT","og_description":"El Matarra\u00f1a es una zona de Teruel atravesada por el R\u00edo que le da nombre. \u00c9sta zona es nombrada Toscana Aragonesa por su belleza paisajista","og_url":"https:\/\/valderrobres-candida.com\/cat\/blog\/2015\/12\/02\/4-dias-en-la-toscana-aragonesa\/","og_site_name":"Valderrobres Candida CAT","article_published_time":"2015-12-02T12:25:11+00:00","article_modified_time":"2015-12-17T15:41:07+00:00","og_image":[{"width":500,"height":375,"url":"https:\/\/valderrobres-candida.com\/cat\/wp-content\/uploads\/sites\/4\/4031377.jpg","type":"image\/jpeg"}],"author":"Dona Candida","twitter_card":"summary_large_image","twitter_misc":{"Escrit per":"Dona Candida","Temps estimat de lectura":"2 minuts"},"schema":{"@context":"https:\/\/schema.org","@graph":[{"@type":"Article","@id":"https:\/\/valderrobres-candida.com\/cat\/blog\/2015\/12\/02\/4-dias-en-la-toscana-aragonesa\/#article","isPartOf":{"@id":"https:\/\/valderrobres-candida.com\/cat\/blog\/2015\/12\/02\/4-dias-en-la-toscana-aragonesa\/"},"author":{"name":"Dona Candida","@id":"https:\/\/valderrobres-candida.com\/cat\/#\/schema\/person\/8613fd4f70379c16b4872f38d1586c86"},"headline":"4 d\u00edas de ruta para este puente","datePublished":"2015-12-02T12:25:11+00:00","dateModified":"2015-12-17T15:41:07+00:00","mainEntityOfPage":{"@id":"https:\/\/valderrobres-candida.com\/cat\/blog\/2015\/12\/02\/4-dias-en-la-toscana-aragonesa\/"},"wordCount":426,"commentCount":0,"image":{"@id":"https:\/\/valderrobres-candida.com\/cat\/blog\/2015\/12\/02\/4-dias-en-la-toscana-aragonesa\/#primaryimage"},"thumbnailUrl":"https:\/\/valderrobres-candida.com\/cat\/wp-content\/uploads\/sites\/4\/4031377.jpg","keywords":["arag\u00f3n","calaceite","casa rural","dian\u00f3polis","ermita santa ana","matarra\u00f1a","matarranya","puente constituci\u00f3n","rocas del masmut","tastavins","teruel","toscana aragonesa","valderrobres"],"articleSection":["Blog","Gastronom\u00eda","Rutas"],"inLanguage":"ca","potentialAction":[{"@type":"CommentAction","name":"Comment","target":["https:\/\/valderrobres-candida.com\/cat\/blog\/2015\/12\/02\/4-dias-en-la-toscana-aragonesa\/#respond"]}]},{"@type":"WebPage","@id":"https:\/\/valderrobres-candida.com\/cat\/blog\/2015\/12\/02\/4-dias-en-la-toscana-aragonesa\/","url":"https:\/\/valderrobres-candida.com\/cat\/blog\/2015\/12\/02\/4-dias-en-la-toscana-aragonesa\/","name":"4 d\u00edas de ruta para este puente - Valderrobres Candida CAT","isPartOf":{"@id":"https:\/\/valderrobres-candida.com\/cat\/#website"},"primaryImageOfPage":{"@id":"https:\/\/valderrobres-candida.com\/cat\/blog\/2015\/12\/02\/4-dias-en-la-toscana-aragonesa\/#primaryimage"},"image":{"@id":"https:\/\/valderrobres-candida.com\/cat\/blog\/2015\/12\/02\/4-dias-en-la-toscana-aragonesa\/#primaryimage"},"thumbnailUrl":"https:\/\/valderrobres-candida.com\/cat\/wp-content\/uploads\/sites\/4\/4031377.jpg","datePublished":"2015-12-02T12:25:11+00:00","dateModified":"2015-12-17T15:41:07+00:00","author":{"@id":"https:\/\/valderrobres-candida.com\/cat\/#\/schema\/person\/8613fd4f70379c16b4872f38d1586c86"},"description":"El Matarra\u00f1a es una zona de Teruel atravesada por el R\u00edo que le da nombre. \u00c9sta zona es nombrada Toscana Aragonesa por su belleza paisajista","breadcrumb":{"@id":"https:\/\/valderrobres-candida.com\/cat\/blog\/2015\/12\/02\/4-dias-en-la-toscana-aragonesa\/#breadcrumb"},"inLanguage":"ca","potentialAction":[{"@type":"ReadAction","target":["https:\/\/valderrobres-candida.com\/cat\/blog\/2015\/12\/02\/4-dias-en-la-toscana-aragonesa\/"]}]},{"@type":"ImageObject","inLanguage":"ca","@id":"https:\/\/valderrobres-candida.com\/cat\/blog\/2015\/12\/02\/4-dias-en-la-toscana-aragonesa\/#primaryimage","url":"https:\/\/valderrobres-candida.com\/cat\/wp-content\/uploads\/sites\/4\/4031377.jpg","contentUrl":"https:\/\/valderrobres-candida.com\/cat\/wp-content\/uploads\/sites\/4\/4031377.jpg","width":500,"height":375},{"@type":"BreadcrumbList","@id":"https:\/\/valderrobres-candida.com\/cat\/blog\/2015\/12\/02\/4-dias-en-la-toscana-aragonesa\/#breadcrumb","itemListElement":[{"@type":"ListItem","position":1,"name":"Portada","item":"https:\/\/valderrobres-candida.com\/cat\/"},{"@type":"ListItem","position":2,"name":"4 d\u00edas de ruta para este puente"}]},{"@type":"WebSite","@id":"https:\/\/valderrobres-candida.com\/cat\/#website","url":"https:\/\/valderrobres-candida.com\/cat\/","name":"Valderrobres Candida CAT","description":"","potentialAction":[{"@type":"SearchAction","target":{"@type":"EntryPoint","urlTemplate":"https:\/\/valderrobres-candida.com\/cat\/?s={search_term_string}"},"query-input":{"@type":"PropertyValueSpecification","valueRequired":true,"valueName":"search_term_string"}}],"inLanguage":"ca"},{"@type":"Person","@id":"https:\/\/valderrobres-candida.com\/cat\/#\/schema\/person\/8613fd4f70379c16b4872f38d1586c86","name":"Dona Candida","image":{"@type":"ImageObject","inLanguage":"ca","@id":"https:\/\/valderrobres-candida.com\/cat\/#\/schema\/person\/image\/","url":"https:\/\/secure.gravatar.com\/avatar\/76fd4c271644e4e26cd86dc06e3e376a616136f923138060c3acbe8187b3d2bc?s=96&d=mm&r=g","contentUrl":"https:\/\/secure.gravatar.com\/avatar\/76fd4c271644e4e26cd86dc06e3e376a616136f923138060c3acbe8187b3d2bc?s=96&d=mm&r=g","caption":"Dona Candida"},"url":"https:\/\/valderrobres-candida.com\/cat\/blog\/author\/dona-candida\/"}]}},"_links":{"self":[{"href":"https:\/\/valderrobres-candida.com\/cat\/wp-json\/wp\/v2\/posts\/913","targetHints":{"allow":["GET"]}}],"collection":[{"href":"https:\/\/valderrobres-candida.com\/cat\/wp-json\/wp\/v2\/posts"}],"about":[{"href":"https:\/\/valderrobres-candida.com\/cat\/wp-json\/wp\/v2\/types\/post"}],"author":[{"embeddable":true,"href":"https:\/\/valderrobres-candida.com\/cat\/wp-json\/wp\/v2\/users\/2"}],"replies":[{"embeddable":true,"href":"https:\/\/valderrobres-candida.com\/cat\/wp-json\/wp\/v2\/comments?post=913"}],"version-history":[{"count":5,"href":"https:\/\/valderrobres-candida.com\/cat\/wp-json\/wp\/v2\/posts\/913\/revisions"}],"predecessor-version":[{"id":921,"href":"https:\/\/valderrobres-candida.com\/cat\/wp-json\/wp\/v2\/posts\/913\/revisions\/921"}],"wp:featuredmedia":[{"embeddable":true,"href":"https:\/\/valderrobres-candida.com\/cat\/wp-json\/wp\/v2\/media\/915"}],"wp:attachment":[{"href":"https:\/\/valderrobres-candida.com\/cat\/wp-json\/wp\/v2\/media?parent=913"}],"wp:term":[{"taxonomy":"category","embeddable":true,"href":"https:\/\/valderrobres-candida.com\/cat\/wp-json\/wp\/v2\/categories?post=913"},{"taxonomy":"post_tag","embeddable":true,"href":"https:\/\/valderrobres-candida.com\/cat\/wp-json\/wp\/v2\/tags?post=913"}],"curies":[{"name":"wp","href":"https:\/\/api.w.org\/{rel}","templated":true}]}}