{"id":978,"date":"2016-09-28T08:42:33","date_gmt":"2016-09-28T08:42:33","guid":{"rendered":"http:\/\/valderrobres-candida.com\/?p=978"},"modified":"2016-09-28T08:56:10","modified_gmt":"2016-09-28T08:56:10","slug":"ruta-toll-del-vidre-a-arnes","status":"publish","type":"post","link":"https:\/\/valderrobres-candida.com\/cat\/blog\/2016\/09\/28\/ruta-toll-del-vidre-a-arnes\/","title":{"rendered":"Ruta: Toll del Vidre (Arnes)"},"content":{"rendered":"<p style=\"text-align: justify;\">El <strong>Toll del Vidre<\/strong>, en Arnes, es un\u00a0lugar d\u00f3nde encontrar\u00e1s una zona de ba\u00f1o de f\u00e1cil acceso en coche o bicicleta de monta\u00f1a, dejando atr\u00e1s paisajes encantadores para adentraros en el bosque. Un itinerario con panor\u00e1micas espectaculares y una piscina natural del r\u00edo Algars con saltos y un tobog\u00e1n creado por la erosi\u00f3n de la piedra d\u00f3nde los ni\u00f1os se lo pasar\u00e1n genial.<\/p>\n<div id=\"attachment_980\" style=\"width: 310px\" class=\"wp-caption aligncenter\"><a href=\"http:\/\/valderrobres-candida.com\/wp-content\/uploads\/52.jpg\"><img loading=\"lazy\" decoding=\"async\" aria-describedby=\"caption-attachment-980\" class=\"wp-image-980 size-medium\" src=\"http:\/\/valderrobres-candida.com\/wp-content\/uploads\/52-300x199.jpg\" alt=\"FOTO: mendiak.net\" width=\"300\" height=\"199\" srcset=\"https:\/\/valderrobres-candida.com\/cat\/wp-content\/uploads\/sites\/4\/52-300x199.jpg 300w, https:\/\/valderrobres-candida.com\/cat\/wp-content\/uploads\/sites\/4\/52-100x66.jpg 100w, https:\/\/valderrobres-candida.com\/cat\/wp-content\/uploads\/sites\/4\/52-330x220.jpg 330w, https:\/\/valderrobres-candida.com\/cat\/wp-content\/uploads\/sites\/4\/52-450x300.jpg 450w, https:\/\/valderrobres-candida.com\/cat\/wp-content\/uploads\/sites\/4\/52.jpg 500w\" sizes=\"auto, (max-width: 300px) 100vw, 300px\" \/><\/a><p id=\"caption-attachment-980\" class=\"wp-caption-text\">FOTO: mendiak.net<\/p><\/div>\n<p style=\"text-align: justify;\"><strong>C\u00f3mo llegar:<\/strong><\/p>\n<p style=\"text-align: justify;\">Para acceder ten\u00e9is que coger la T320 \u00a0entre Horta de Sant Joan y Arnes. Entre el km 10 y el 11 encontrar\u00e9is una primera bifurcaci\u00f3n hacia Arnes. En la segunda encontrar\u00e9is un indicador hacia el Vilar Rural d\u2019Arnes y el Toll del Vidre. Solamente ten\u00e9is que seguir las indicaciones y a 400 metros, pasado el camino que os lleva al Vilar Rural d\u2019Arnes, encontrar\u00e9is una fuente de piedra. A la derecha hay un descampado d\u00f3nde podr\u00e9is dejar el coche.<\/p>\n<p style=\"text-align: justify;\">M\u00e1s informaci\u00f3n: <a href=\"http:\/\/www.youmekids.com\/toll-vidre-arnes-ruta-facil-riu-nens\/\">http:\/\/www.youmekids.com\/toll-vidre-arnes-ruta-facil-riu-nens\/<\/a><\/p>\n<p style=\"text-align: justify;\"><a href=\"http:\/\/valderrobres-candida.com\/wp-content\/uploads\/Captura-de-pantalla-2016-09-28-a-las-9.48.47.png\"><img loading=\"lazy\" decoding=\"async\" class=\"aligncenter wp-image-979 size-full\" src=\"http:\/\/valderrobres-candida.com\/wp-content\/uploads\/Captura-de-pantalla-2016-09-28-a-las-9.48.47.png\" alt=\"captura-de-pantalla-2016-09-28-a-las-9-48-47\" width=\"678\" height=\"381\" srcset=\"https:\/\/valderrobres-candida.com\/cat\/wp-content\/uploads\/sites\/4\/Captura-de-pantalla-2016-09-28-a-las-9.48.47.png 678w, https:\/\/valderrobres-candida.com\/cat\/wp-content\/uploads\/sites\/4\/Captura-de-pantalla-2016-09-28-a-las-9.48.47-300x168.png 300w, https:\/\/valderrobres-candida.com\/cat\/wp-content\/uploads\/sites\/4\/Captura-de-pantalla-2016-09-28-a-las-9.48.47-100x56.png 100w\" sizes=\"auto, (max-width: 678px) 100vw, 678px\" \/><\/a><\/p>\n","protected":false},"excerpt":{"rendered":"<p>El Toll del Vidre, en Arnes, es un\u00a0lugar d\u00f3nde encontrar\u00e1s una zona de ba\u00f1o de f\u00e1cil acceso en coche o bicicleta de monta\u00f1a, dejando atr\u00e1s paisajes encantadores para adentraros en el bosque. Un itinerario con panor\u00e1micas espectaculares y una piscina natural del r\u00edo Algars con saltos y un tobog\u00e1n creado por la erosi\u00f3n de la<\/p>\n","protected":false},"author":1,"featured_media":980,"comment_status":"open","ping_status":"open","sticky":false,"template":"","format":"standard","meta":{"footnotes":""},"categories":[150,18,13],"tags":[],"class_list":["post-978","post","type-post","status-publish","format-standard","has-post-thumbnail","hentry","category-blog","category-noticias","category-rutas"],"yoast_head":"<!-- This site is optimized with the Yoast SEO plugin v26.7 - https:\/\/yoast.com\/wordpress\/plugins\/seo\/ -->\n<title>Ruta: Toll del Vidre (Arnes) - Valderrobres Candida CAT<\/title>\n<meta name=\"robots\" content=\"index, follow, max-snippet:-1, max-image-preview:large, max-video-preview:-1\" \/>\n<link rel=\"canonical\" href=\"https:\/\/valderrobres-candida.com\/cat\/blog\/2016\/09\/28\/ruta-toll-del-vidre-a-arnes\/\" \/>\n<meta property=\"og:locale\" content=\"ca_ES\" \/>\n<meta property=\"og:type\" content=\"article\" \/>\n<meta property=\"og:title\" content=\"Ruta: Toll del Vidre (Arnes) - Valderrobres Candida CAT\" \/>\n<meta property=\"og:description\" content=\"El Toll del Vidre, en Arnes, es un\u00a0lugar d\u00f3nde encontrar\u00e1s una zona de ba\u00f1o de f\u00e1cil acceso en coche o bicicleta de monta\u00f1a, dejando atr\u00e1s paisajes encantadores para adentraros en el bosque. Un itinerario con panor\u00e1micas espectaculares y una piscina natural del r\u00edo Algars con saltos y un tobog\u00e1n creado por la erosi\u00f3n de la\" \/>\n<meta property=\"og:url\" content=\"https:\/\/valderrobres-candida.com\/cat\/blog\/2016\/09\/28\/ruta-toll-del-vidre-a-arnes\/\" \/>\n<meta property=\"og:site_name\" content=\"Valderrobres Candida CAT\" \/>\n<meta property=\"article:published_time\" content=\"2016-09-28T08:42:33+00:00\" \/>\n<meta property=\"article:modified_time\" content=\"2016-09-28T08:56:10+00:00\" \/>\n<meta property=\"og:image\" content=\"https:\/\/valderrobres-candida.com\/cat\/wp-content\/uploads\/sites\/4\/52.jpg\" \/>\n\t<meta property=\"og:image:width\" content=\"500\" \/>\n\t<meta property=\"og:image:height\" content=\"333\" \/>\n\t<meta property=\"og:image:type\" content=\"image\/jpeg\" \/>\n<meta name=\"author\" content=\"admin\" \/>\n<meta name=\"twitter:card\" content=\"summary_large_image\" \/>\n<meta name=\"twitter:label1\" content=\"Escrit per\" \/>\n\t<meta name=\"twitter:data1\" content=\"admin\" \/>\n\t<meta name=\"twitter:label2\" content=\"Temps estimat de lectura\" \/>\n\t<meta name=\"twitter:data2\" content=\"1 minut\" \/>\n<script type=\"application\/ld+json\" class=\"yoast-schema-graph\">{\"@context\":\"https:\/\/schema.org\",\"@graph\":[{\"@type\":\"Article\",\"@id\":\"https:\/\/valderrobres-candida.com\/cat\/blog\/2016\/09\/28\/ruta-toll-del-vidre-a-arnes\/#article\",\"isPartOf\":{\"@id\":\"https:\/\/valderrobres-candida.com\/cat\/blog\/2016\/09\/28\/ruta-toll-del-vidre-a-arnes\/\"},\"author\":{\"name\":\"admin\",\"@id\":\"https:\/\/valderrobres-candida.com\/cat\/#\/schema\/person\/592724f30d9f633dc775fbe3b215b45e\"},\"headline\":\"Ruta: Toll del Vidre (Arnes)\",\"datePublished\":\"2016-09-28T08:42:33+00:00\",\"dateModified\":\"2016-09-28T08:56:10+00:00\",\"mainEntityOfPage\":{\"@id\":\"https:\/\/valderrobres-candida.com\/cat\/blog\/2016\/09\/28\/ruta-toll-del-vidre-a-arnes\/\"},\"wordCount\":190,\"commentCount\":0,\"image\":{\"@id\":\"https:\/\/valderrobres-candida.com\/cat\/blog\/2016\/09\/28\/ruta-toll-del-vidre-a-arnes\/#primaryimage\"},\"thumbnailUrl\":\"https:\/\/valderrobres-candida.com\/cat\/wp-content\/uploads\/sites\/4\/52.jpg\",\"articleSection\":[\"Blog\",\"Not\u00edcias\",\"Rutas\"],\"inLanguage\":\"ca\",\"potentialAction\":[{\"@type\":\"CommentAction\",\"name\":\"Comment\",\"target\":[\"https:\/\/valderrobres-candida.com\/cat\/blog\/2016\/09\/28\/ruta-toll-del-vidre-a-arnes\/#respond\"]}]},{\"@type\":\"WebPage\",\"@id\":\"https:\/\/valderrobres-candida.com\/cat\/blog\/2016\/09\/28\/ruta-toll-del-vidre-a-arnes\/\",\"url\":\"https:\/\/valderrobres-candida.com\/cat\/blog\/2016\/09\/28\/ruta-toll-del-vidre-a-arnes\/\",\"name\":\"Ruta: Toll del Vidre (Arnes) - Valderrobres Candida CAT\",\"isPartOf\":{\"@id\":\"https:\/\/valderrobres-candida.com\/cat\/#website\"},\"primaryImageOfPage\":{\"@id\":\"https:\/\/valderrobres-candida.com\/cat\/blog\/2016\/09\/28\/ruta-toll-del-vidre-a-arnes\/#primaryimage\"},\"image\":{\"@id\":\"https:\/\/valderrobres-candida.com\/cat\/blog\/2016\/09\/28\/ruta-toll-del-vidre-a-arnes\/#primaryimage\"},\"thumbnailUrl\":\"https:\/\/valderrobres-candida.com\/cat\/wp-content\/uploads\/sites\/4\/52.jpg\",\"datePublished\":\"2016-09-28T08:42:33+00:00\",\"dateModified\":\"2016-09-28T08:56:10+00:00\",\"author\":{\"@id\":\"https:\/\/valderrobres-candida.com\/cat\/#\/schema\/person\/592724f30d9f633dc775fbe3b215b45e\"},\"breadcrumb\":{\"@id\":\"https:\/\/valderrobres-candida.com\/cat\/blog\/2016\/09\/28\/ruta-toll-del-vidre-a-arnes\/#breadcrumb\"},\"inLanguage\":\"ca\",\"potentialAction\":[{\"@type\":\"ReadAction\",\"target\":[\"https:\/\/valderrobres-candida.com\/cat\/blog\/2016\/09\/28\/ruta-toll-del-vidre-a-arnes\/\"]}]},{\"@type\":\"ImageObject\",\"inLanguage\":\"ca\",\"@id\":\"https:\/\/valderrobres-candida.com\/cat\/blog\/2016\/09\/28\/ruta-toll-del-vidre-a-arnes\/#primaryimage\",\"url\":\"https:\/\/valderrobres-candida.com\/cat\/wp-content\/uploads\/sites\/4\/52.jpg\",\"contentUrl\":\"https:\/\/valderrobres-candida.com\/cat\/wp-content\/uploads\/sites\/4\/52.jpg\",\"width\":500,\"height\":333,\"caption\":\"FOTO: mendiak.net\"},{\"@type\":\"BreadcrumbList\",\"@id\":\"https:\/\/valderrobres-candida.com\/cat\/blog\/2016\/09\/28\/ruta-toll-del-vidre-a-arnes\/#breadcrumb\",\"itemListElement\":[{\"@type\":\"ListItem\",\"position\":1,\"name\":\"Portada\",\"item\":\"https:\/\/valderrobres-candida.com\/cat\/\"},{\"@type\":\"ListItem\",\"position\":2,\"name\":\"Ruta: Toll del Vidre (Arnes)\"}]},{\"@type\":\"WebSite\",\"@id\":\"https:\/\/valderrobres-candida.com\/cat\/#website\",\"url\":\"https:\/\/valderrobres-candida.com\/cat\/\",\"name\":\"Valderrobres Candida CAT\",\"description\":\"\",\"potentialAction\":[{\"@type\":\"SearchAction\",\"target\":{\"@type\":\"EntryPoint\",\"urlTemplate\":\"https:\/\/valderrobres-candida.com\/cat\/?s={search_term_string}\"},\"query-input\":{\"@type\":\"PropertyValueSpecification\",\"valueRequired\":true,\"valueName\":\"search_term_string\"}}],\"inLanguage\":\"ca\"},{\"@type\":\"Person\",\"@id\":\"https:\/\/valderrobres-candida.com\/cat\/#\/schema\/person\/592724f30d9f633dc775fbe3b215b45e\",\"name\":\"admin\",\"image\":{\"@type\":\"ImageObject\",\"inLanguage\":\"ca\",\"@id\":\"https:\/\/valderrobres-candida.com\/cat\/#\/schema\/person\/image\/\",\"url\":\"https:\/\/secure.gravatar.com\/avatar\/6593ee61f0881136cad83437ff20a0e7a7e66b6fb8ebe95c1f89f896a627e56a?s=96&d=mm&r=g\",\"contentUrl\":\"https:\/\/secure.gravatar.com\/avatar\/6593ee61f0881136cad83437ff20a0e7a7e66b6fb8ebe95c1f89f896a627e56a?s=96&d=mm&r=g\",\"caption\":\"admin\"},\"url\":\"https:\/\/valderrobres-candida.com\/cat\/blog\/author\/admin\/\"}]}<\/script>\n<!-- \/ Yoast SEO plugin. -->","yoast_head_json":{"title":"Ruta: Toll del Vidre (Arnes) - Valderrobres Candida CAT","robots":{"index":"index","follow":"follow","max-snippet":"max-snippet:-1","max-image-preview":"max-image-preview:large","max-video-preview":"max-video-preview:-1"},"canonical":"https:\/\/valderrobres-candida.com\/cat\/blog\/2016\/09\/28\/ruta-toll-del-vidre-a-arnes\/","og_locale":"ca_ES","og_type":"article","og_title":"Ruta: Toll del Vidre (Arnes) - Valderrobres Candida CAT","og_description":"El Toll del Vidre, en Arnes, es un\u00a0lugar d\u00f3nde encontrar\u00e1s una zona de ba\u00f1o de f\u00e1cil acceso en coche o bicicleta de monta\u00f1a, dejando atr\u00e1s paisajes encantadores para adentraros en el bosque. Un itinerario con panor\u00e1micas espectaculares y una piscina natural del r\u00edo Algars con saltos y un tobog\u00e1n creado por la erosi\u00f3n de la","og_url":"https:\/\/valderrobres-candida.com\/cat\/blog\/2016\/09\/28\/ruta-toll-del-vidre-a-arnes\/","og_site_name":"Valderrobres Candida CAT","article_published_time":"2016-09-28T08:42:33+00:00","article_modified_time":"2016-09-28T08:56:10+00:00","og_image":[{"width":500,"height":333,"url":"https:\/\/valderrobres-candida.com\/cat\/wp-content\/uploads\/sites\/4\/52.jpg","type":"image\/jpeg"}],"author":"admin","twitter_card":"summary_large_image","twitter_misc":{"Escrit per":"admin","Temps estimat de lectura":"1 minut"},"schema":{"@context":"https:\/\/schema.org","@graph":[{"@type":"Article","@id":"https:\/\/valderrobres-candida.com\/cat\/blog\/2016\/09\/28\/ruta-toll-del-vidre-a-arnes\/#article","isPartOf":{"@id":"https:\/\/valderrobres-candida.com\/cat\/blog\/2016\/09\/28\/ruta-toll-del-vidre-a-arnes\/"},"author":{"name":"admin","@id":"https:\/\/valderrobres-candida.com\/cat\/#\/schema\/person\/592724f30d9f633dc775fbe3b215b45e"},"headline":"Ruta: Toll del Vidre (Arnes)","datePublished":"2016-09-28T08:42:33+00:00","dateModified":"2016-09-28T08:56:10+00:00","mainEntityOfPage":{"@id":"https:\/\/valderrobres-candida.com\/cat\/blog\/2016\/09\/28\/ruta-toll-del-vidre-a-arnes\/"},"wordCount":190,"commentCount":0,"image":{"@id":"https:\/\/valderrobres-candida.com\/cat\/blog\/2016\/09\/28\/ruta-toll-del-vidre-a-arnes\/#primaryimage"},"thumbnailUrl":"https:\/\/valderrobres-candida.com\/cat\/wp-content\/uploads\/sites\/4\/52.jpg","articleSection":["Blog","Not\u00edcias","Rutas"],"inLanguage":"ca","potentialAction":[{"@type":"CommentAction","name":"Comment","target":["https:\/\/valderrobres-candida.com\/cat\/blog\/2016\/09\/28\/ruta-toll-del-vidre-a-arnes\/#respond"]}]},{"@type":"WebPage","@id":"https:\/\/valderrobres-candida.com\/cat\/blog\/2016\/09\/28\/ruta-toll-del-vidre-a-arnes\/","url":"https:\/\/valderrobres-candida.com\/cat\/blog\/2016\/09\/28\/ruta-toll-del-vidre-a-arnes\/","name":"Ruta: Toll del Vidre (Arnes) - Valderrobres Candida CAT","isPartOf":{"@id":"https:\/\/valderrobres-candida.com\/cat\/#website"},"primaryImageOfPage":{"@id":"https:\/\/valderrobres-candida.com\/cat\/blog\/2016\/09\/28\/ruta-toll-del-vidre-a-arnes\/#primaryimage"},"image":{"@id":"https:\/\/valderrobres-candida.com\/cat\/blog\/2016\/09\/28\/ruta-toll-del-vidre-a-arnes\/#primaryimage"},"thumbnailUrl":"https:\/\/valderrobres-candida.com\/cat\/wp-content\/uploads\/sites\/4\/52.jpg","datePublished":"2016-09-28T08:42:33+00:00","dateModified":"2016-09-28T08:56:10+00:00","author":{"@id":"https:\/\/valderrobres-candida.com\/cat\/#\/schema\/person\/592724f30d9f633dc775fbe3b215b45e"},"breadcrumb":{"@id":"https:\/\/valderrobres-candida.com\/cat\/blog\/2016\/09\/28\/ruta-toll-del-vidre-a-arnes\/#breadcrumb"},"inLanguage":"ca","potentialAction":[{"@type":"ReadAction","target":["https:\/\/valderrobres-candida.com\/cat\/blog\/2016\/09\/28\/ruta-toll-del-vidre-a-arnes\/"]}]},{"@type":"ImageObject","inLanguage":"ca","@id":"https:\/\/valderrobres-candida.com\/cat\/blog\/2016\/09\/28\/ruta-toll-del-vidre-a-arnes\/#primaryimage","url":"https:\/\/valderrobres-candida.com\/cat\/wp-content\/uploads\/sites\/4\/52.jpg","contentUrl":"https:\/\/valderrobres-candida.com\/cat\/wp-content\/uploads\/sites\/4\/52.jpg","width":500,"height":333,"caption":"FOTO: mendiak.net"},{"@type":"BreadcrumbList","@id":"https:\/\/valderrobres-candida.com\/cat\/blog\/2016\/09\/28\/ruta-toll-del-vidre-a-arnes\/#breadcrumb","itemListElement":[{"@type":"ListItem","position":1,"name":"Portada","item":"https:\/\/valderrobres-candida.com\/cat\/"},{"@type":"ListItem","position":2,"name":"Ruta: Toll del Vidre (Arnes)"}]},{"@type":"WebSite","@id":"https:\/\/valderrobres-candida.com\/cat\/#website","url":"https:\/\/valderrobres-candida.com\/cat\/","name":"Valderrobres Candida CAT","description":"","potentialAction":[{"@type":"SearchAction","target":{"@type":"EntryPoint","urlTemplate":"https:\/\/valderrobres-candida.com\/cat\/?s={search_term_string}"},"query-input":{"@type":"PropertyValueSpecification","valueRequired":true,"valueName":"search_term_string"}}],"inLanguage":"ca"},{"@type":"Person","@id":"https:\/\/valderrobres-candida.com\/cat\/#\/schema\/person\/592724f30d9f633dc775fbe3b215b45e","name":"admin","image":{"@type":"ImageObject","inLanguage":"ca","@id":"https:\/\/valderrobres-candida.com\/cat\/#\/schema\/person\/image\/","url":"https:\/\/secure.gravatar.com\/avatar\/6593ee61f0881136cad83437ff20a0e7a7e66b6fb8ebe95c1f89f896a627e56a?s=96&d=mm&r=g","contentUrl":"https:\/\/secure.gravatar.com\/avatar\/6593ee61f0881136cad83437ff20a0e7a7e66b6fb8ebe95c1f89f896a627e56a?s=96&d=mm&r=g","caption":"admin"},"url":"https:\/\/valderrobres-candida.com\/cat\/blog\/author\/admin\/"}]}},"_links":{"self":[{"href":"https:\/\/valderrobres-candida.com\/cat\/wp-json\/wp\/v2\/posts\/978","targetHints":{"allow":["GET"]}}],"collection":[{"href":"https:\/\/valderrobres-candida.com\/cat\/wp-json\/wp\/v2\/posts"}],"about":[{"href":"https:\/\/valderrobres-candida.com\/cat\/wp-json\/wp\/v2\/types\/post"}],"author":[{"embeddable":true,"href":"https:\/\/valderrobres-candida.com\/cat\/wp-json\/wp\/v2\/users\/1"}],"replies":[{"embeddable":true,"href":"https:\/\/valderrobres-candida.com\/cat\/wp-json\/wp\/v2\/comments?post=978"}],"version-history":[{"count":5,"href":"https:\/\/valderrobres-candida.com\/cat\/wp-json\/wp\/v2\/posts\/978\/revisions"}],"predecessor-version":[{"id":986,"href":"https:\/\/valderrobres-candida.com\/cat\/wp-json\/wp\/v2\/posts\/978\/revisions\/986"}],"wp:featuredmedia":[{"embeddable":true,"href":"https:\/\/valderrobres-candida.com\/cat\/wp-json\/wp\/v2\/media\/980"}],"wp:attachment":[{"href":"https:\/\/valderrobres-candida.com\/cat\/wp-json\/wp\/v2\/media?parent=978"}],"wp:term":[{"taxonomy":"category","embeddable":true,"href":"https:\/\/valderrobres-candida.com\/cat\/wp-json\/wp\/v2\/categories?post=978"},{"taxonomy":"post_tag","embeddable":true,"href":"https:\/\/valderrobres-candida.com\/cat\/wp-json\/wp\/v2\/tags?post=978"}],"curies":[{"name":"wp","href":"https:\/\/api.w.org\/{rel}","templated":true}]}}