{"id":1049,"date":"2017-02-22T10:19:56","date_gmt":"2017-02-22T10:19:56","guid":{"rendered":"http:\/\/valderrobres-candida.com\/?p=1049"},"modified":"2017-02-22T10:19:56","modified_gmt":"2017-02-22T10:19:56","slug":"valderrobres-acoge-la-i-edicion-del-crimen-en-la-historia","status":"publish","type":"post","link":"https:\/\/valderrobres-candida.com\/en\/blog\/2017\/02\/22\/valderrobres-acoge-la-i-edicion-del-crimen-en-la-historia\/","title":{"rendered":"Valderrobres acoge la I edici\u00f3n del \u2018Crimen en la Historia\u2019"},"content":{"rendered":"<h2>Los escritores Jose Luis Corral, Luis Zueco y Alejandro Corral protagonizaron las jornadas de literatura negra<\/h2>\n<p>Tres escritores, todos ellos aragoneses, fueron en esta ocasi\u00f3n los protagonistas de los actos programados a iniciativa de Librer\u00eda Serret de Valderrobres: El escritor y Catedr\u00e1tico de Historia Medieval de la Universidad de Zaragoza, Jose Luis Corral; Alejandro Corral, joven escritor e hijo de Jose Luis y el tambi\u00e9n novelista, historiador y fot\u00f3grafo aragon\u00e9s Luis Zueco.<\/p>\n<p>Los actos comenzaron el viernes en el comedor subterr\u00e1neo de Fonda la Plaza, donde decenas de personas acudieron a la charla-tertulia que ofrecieron los tres novelistas y que cont\u00f3 con la participaci\u00f3n de los que all\u00ed se congregaron. \u00abEstamos hablando de un lugar muy evocador precisamente en una de las Fondas m\u00e1s antiguas de Espa\u00f1a. Quiero destacar adem\u00e1s que los tres escritores han venido por amor al arte, les encanta el Matarra\u00f1a\u00bb, explic\u00f3 el librero Octavio Serret, organizador de las jornadas. .<\/p>\n<p>\u00abEs curioso c\u00f3mo el crimen ha cambiado mucho a lo largo de los siglos, sobretodo ahora con las nuevas tecnolog\u00edas; pero los m\u00f3viles suelen ser siempre los mismos\u00bb, explic\u00f3 el borjano Luis Zueco, que acudi\u00f3 con su \u00faltima novela \u2018La Ciudad\u2019, ambientada en el Albarrac\u00edn del siglo XIII y autor, del mismo modo, de El Castillo presentado tambi\u00e9n en Valderrobres y que ya se encuentra trabajando en su pr\u00f3ximo libro , \u2018El Monasterio\u2019.<\/p>\n<p>La ponencia cont\u00f3 tambi\u00e9n con la presencia de Jose Luis Corral, considerado como uno de los historiadores espa\u00f1oles m\u00e1s influyentes del panorama actual. \u00abSomos novelistas y lo interesante de esto es contar los cr\u00edmenes vistos a trav\u00e9s de la novela\u00bb, explic\u00f3 Corral, que present\u00f3 en Valderrobres la novela \u2018Los Austrias\u2019.<\/p>\n<p>Por su parte, el m\u00e1s joven de los tres, Alejandro Corral, el zaragozano, de 27 a\u00f1os de edad, acudi\u00f3 a la capital del Matarra\u00f1a con el primero de sus trabajos \u2018El Cielo en Nueva York\u2019, un libro tambi\u00e9n negro pero ambientado en el contexto actual de la gran ciudad americana y que tiene como protagonista un crimen pol\u00edtico. \u00abComo dec\u00eda Zueco, la tecnolog\u00eda ha cambiado tambi\u00e9n el crimen en la novela. Yo reconozco que me apasionan los cr\u00edmenes cometidos por las ideolog\u00edas\u00bb, explic\u00f3 Alejandro Corral.\u00a0El domingo por la ma\u00f1ana fue el turno de la firma de ejemplares, en este caso en la librer\u00eda valderrobrense donde los tres autores firmaron su obra.<\/p>\n<p>&nbsp;<\/p>\n<p>v\u00eda LaComarca.net<\/p>\n","protected":false},"excerpt":{"rendered":"<p>Los escritores Jose Luis Corral, Luis Zueco y Alejandro Corral protagonizaron las jornadas de literatura negra Tres escritores, todos ellos aragoneses, fueron en esta ocasi\u00f3n los protagonistas de los actos programados a iniciativa de Librer\u00eda Serret de Valderrobres: El escritor y Catedr\u00e1tico de Historia Medieval de la Universidad de Zaragoza, Jose Luis Corral; Alejandro Corral,<\/p>\n","protected":false},"author":1,"featured_media":1050,"comment_status":"open","ping_status":"open","sticky":false,"template":"","format":"standard","meta":{"footnotes":""},"categories":[150,18],"tags":[],"class_list":["post-1049","post","type-post","status-publish","format-standard","has-post-thumbnail","hentry","category-blog","category-noticias"],"yoast_head":"<!-- This site is optimized with the Yoast SEO plugin v26.7 - https:\/\/yoast.com\/wordpress\/plugins\/seo\/ -->\n<title>Valderrobres acoge la I edici\u00f3n del \u2018Crimen en la Historia\u2019 - Valderrobres Candida EN<\/title>\n<meta name=\"robots\" content=\"index, follow, max-snippet:-1, max-image-preview:large, max-video-preview:-1\" \/>\n<link rel=\"canonical\" href=\"https:\/\/valderrobres-candida.com\/en\/blog\/2017\/02\/22\/valderrobres-acoge-la-i-edicion-del-crimen-en-la-historia\/\" \/>\n<meta property=\"og:locale\" content=\"en_US\" \/>\n<meta property=\"og:type\" content=\"article\" \/>\n<meta property=\"og:title\" content=\"Valderrobres acoge la I edici\u00f3n del \u2018Crimen en la Historia\u2019 - Valderrobres Candida EN\" \/>\n<meta property=\"og:description\" content=\"Los escritores Jose Luis Corral, Luis Zueco y Alejandro Corral protagonizaron las jornadas de literatura negra Tres escritores, todos ellos aragoneses, fueron en esta ocasi\u00f3n los protagonistas de los actos programados a iniciativa de Librer\u00eda Serret de Valderrobres: El escritor y Catedr\u00e1tico de Historia Medieval de la Universidad de Zaragoza, Jose Luis Corral; Alejandro Corral,\" \/>\n<meta property=\"og:url\" content=\"https:\/\/valderrobres-candida.com\/en\/blog\/2017\/02\/22\/valderrobres-acoge-la-i-edicion-del-crimen-en-la-historia\/\" \/>\n<meta property=\"og:site_name\" content=\"Valderrobres Candida EN\" \/>\n<meta property=\"article:published_time\" content=\"2017-02-22T10:19:56+00:00\" \/>\n<meta property=\"og:image\" content=\"https:\/\/valderrobres-candida.com\/en\/wp-content\/uploads\/sites\/3\/valderrobres-serret-literatura-1080x675.jpg\" \/>\n\t<meta property=\"og:image:width\" content=\"1080\" \/>\n\t<meta property=\"og:image:height\" content=\"675\" \/>\n\t<meta property=\"og:image:type\" content=\"image\/jpeg\" \/>\n<meta name=\"author\" content=\"admin\" \/>\n<meta name=\"twitter:card\" content=\"summary_large_image\" \/>\n<meta name=\"twitter:label1\" content=\"Written by\" \/>\n\t<meta name=\"twitter:data1\" content=\"admin\" \/>\n\t<meta name=\"twitter:label2\" content=\"Est. reading time\" \/>\n\t<meta name=\"twitter:data2\" content=\"2 minutes\" \/>\n<script type=\"application\/ld+json\" class=\"yoast-schema-graph\">{\"@context\":\"https:\/\/schema.org\",\"@graph\":[{\"@type\":\"Article\",\"@id\":\"https:\/\/valderrobres-candida.com\/en\/blog\/2017\/02\/22\/valderrobres-acoge-la-i-edicion-del-crimen-en-la-historia\/#article\",\"isPartOf\":{\"@id\":\"https:\/\/valderrobres-candida.com\/en\/blog\/2017\/02\/22\/valderrobres-acoge-la-i-edicion-del-crimen-en-la-historia\/\"},\"author\":{\"name\":\"admin\",\"@id\":\"http:\/\/valderrobres-candida.com\/en\/#\/schema\/person\/592724f30d9f633dc775fbe3b215b45e\"},\"headline\":\"Valderrobres acoge la I edici\u00f3n del \u2018Crimen en la Historia\u2019\",\"datePublished\":\"2017-02-22T10:19:56+00:00\",\"mainEntityOfPage\":{\"@id\":\"https:\/\/valderrobres-candida.com\/en\/blog\/2017\/02\/22\/valderrobres-acoge-la-i-edicion-del-crimen-en-la-historia\/\"},\"wordCount\":437,\"commentCount\":0,\"image\":{\"@id\":\"https:\/\/valderrobres-candida.com\/en\/blog\/2017\/02\/22\/valderrobres-acoge-la-i-edicion-del-crimen-en-la-historia\/#primaryimage\"},\"thumbnailUrl\":\"https:\/\/valderrobres-candida.com\/en\/wp-content\/uploads\/sites\/3\/valderrobres-serret-literatura-1080x675.jpg\",\"articleSection\":[\"Blog\",\"Not\u00edcias\"],\"inLanguage\":\"en-US\",\"potentialAction\":[{\"@type\":\"CommentAction\",\"name\":\"Comment\",\"target\":[\"https:\/\/valderrobres-candida.com\/en\/blog\/2017\/02\/22\/valderrobres-acoge-la-i-edicion-del-crimen-en-la-historia\/#respond\"]}]},{\"@type\":\"WebPage\",\"@id\":\"https:\/\/valderrobres-candida.com\/en\/blog\/2017\/02\/22\/valderrobres-acoge-la-i-edicion-del-crimen-en-la-historia\/\",\"url\":\"https:\/\/valderrobres-candida.com\/en\/blog\/2017\/02\/22\/valderrobres-acoge-la-i-edicion-del-crimen-en-la-historia\/\",\"name\":\"Valderrobres acoge la I edici\u00f3n del \u2018Crimen en la Historia\u2019 - Valderrobres Candida EN\",\"isPartOf\":{\"@id\":\"http:\/\/valderrobres-candida.com\/en\/#website\"},\"primaryImageOfPage\":{\"@id\":\"https:\/\/valderrobres-candida.com\/en\/blog\/2017\/02\/22\/valderrobres-acoge-la-i-edicion-del-crimen-en-la-historia\/#primaryimage\"},\"image\":{\"@id\":\"https:\/\/valderrobres-candida.com\/en\/blog\/2017\/02\/22\/valderrobres-acoge-la-i-edicion-del-crimen-en-la-historia\/#primaryimage\"},\"thumbnailUrl\":\"https:\/\/valderrobres-candida.com\/en\/wp-content\/uploads\/sites\/3\/valderrobres-serret-literatura-1080x675.jpg\",\"datePublished\":\"2017-02-22T10:19:56+00:00\",\"author\":{\"@id\":\"http:\/\/valderrobres-candida.com\/en\/#\/schema\/person\/592724f30d9f633dc775fbe3b215b45e\"},\"breadcrumb\":{\"@id\":\"https:\/\/valderrobres-candida.com\/en\/blog\/2017\/02\/22\/valderrobres-acoge-la-i-edicion-del-crimen-en-la-historia\/#breadcrumb\"},\"inLanguage\":\"en-US\",\"potentialAction\":[{\"@type\":\"ReadAction\",\"target\":[\"https:\/\/valderrobres-candida.com\/en\/blog\/2017\/02\/22\/valderrobres-acoge-la-i-edicion-del-crimen-en-la-historia\/\"]}]},{\"@type\":\"ImageObject\",\"inLanguage\":\"en-US\",\"@id\":\"https:\/\/valderrobres-candida.com\/en\/blog\/2017\/02\/22\/valderrobres-acoge-la-i-edicion-del-crimen-en-la-historia\/#primaryimage\",\"url\":\"https:\/\/valderrobres-candida.com\/en\/wp-content\/uploads\/sites\/3\/valderrobres-serret-literatura-1080x675.jpg\",\"contentUrl\":\"https:\/\/valderrobres-candida.com\/en\/wp-content\/uploads\/sites\/3\/valderrobres-serret-literatura-1080x675.jpg\",\"width\":1080,\"height\":675},{\"@type\":\"BreadcrumbList\",\"@id\":\"https:\/\/valderrobres-candida.com\/en\/blog\/2017\/02\/22\/valderrobres-acoge-la-i-edicion-del-crimen-en-la-historia\/#breadcrumb\",\"itemListElement\":[{\"@type\":\"ListItem\",\"position\":1,\"name\":\"Home\",\"item\":\"http:\/\/valderrobres-candida.com\/en\/\"},{\"@type\":\"ListItem\",\"position\":2,\"name\":\"Valderrobres acoge la I edici\u00f3n del \u2018Crimen en la Historia\u2019\"}]},{\"@type\":\"WebSite\",\"@id\":\"http:\/\/valderrobres-candida.com\/en\/#website\",\"url\":\"http:\/\/valderrobres-candida.com\/en\/\",\"name\":\"Valderrobres Candida EN\",\"description\":\"\",\"potentialAction\":[{\"@type\":\"SearchAction\",\"target\":{\"@type\":\"EntryPoint\",\"urlTemplate\":\"http:\/\/valderrobres-candida.com\/en\/?s={search_term_string}\"},\"query-input\":{\"@type\":\"PropertyValueSpecification\",\"valueRequired\":true,\"valueName\":\"search_term_string\"}}],\"inLanguage\":\"en-US\"},{\"@type\":\"Person\",\"@id\":\"http:\/\/valderrobres-candida.com\/en\/#\/schema\/person\/592724f30d9f633dc775fbe3b215b45e\",\"name\":\"admin\",\"image\":{\"@type\":\"ImageObject\",\"inLanguage\":\"en-US\",\"@id\":\"http:\/\/valderrobres-candida.com\/en\/#\/schema\/person\/image\/\",\"url\":\"https:\/\/secure.gravatar.com\/avatar\/6593ee61f0881136cad83437ff20a0e7a7e66b6fb8ebe95c1f89f896a627e56a?s=96&d=mm&r=g\",\"contentUrl\":\"https:\/\/secure.gravatar.com\/avatar\/6593ee61f0881136cad83437ff20a0e7a7e66b6fb8ebe95c1f89f896a627e56a?s=96&d=mm&r=g\",\"caption\":\"admin\"},\"url\":\"https:\/\/valderrobres-candida.com\/en\/blog\/author\/admin\/\"}]}<\/script>\n<!-- \/ Yoast SEO plugin. -->","yoast_head_json":{"title":"Valderrobres acoge la I edici\u00f3n del \u2018Crimen en la Historia\u2019 - Valderrobres Candida EN","robots":{"index":"index","follow":"follow","max-snippet":"max-snippet:-1","max-image-preview":"max-image-preview:large","max-video-preview":"max-video-preview:-1"},"canonical":"https:\/\/valderrobres-candida.com\/en\/blog\/2017\/02\/22\/valderrobres-acoge-la-i-edicion-del-crimen-en-la-historia\/","og_locale":"en_US","og_type":"article","og_title":"Valderrobres acoge la I edici\u00f3n del \u2018Crimen en la Historia\u2019 - Valderrobres Candida EN","og_description":"Los escritores Jose Luis Corral, Luis Zueco y Alejandro Corral protagonizaron las jornadas de literatura negra Tres escritores, todos ellos aragoneses, fueron en esta ocasi\u00f3n los protagonistas de los actos programados a iniciativa de Librer\u00eda Serret de Valderrobres: El escritor y Catedr\u00e1tico de Historia Medieval de la Universidad de Zaragoza, Jose Luis Corral; Alejandro Corral,","og_url":"https:\/\/valderrobres-candida.com\/en\/blog\/2017\/02\/22\/valderrobres-acoge-la-i-edicion-del-crimen-en-la-historia\/","og_site_name":"Valderrobres Candida EN","article_published_time":"2017-02-22T10:19:56+00:00","og_image":[{"width":1080,"height":675,"url":"https:\/\/valderrobres-candida.com\/en\/wp-content\/uploads\/sites\/3\/valderrobres-serret-literatura-1080x675.jpg","type":"image\/jpeg"}],"author":"admin","twitter_card":"summary_large_image","twitter_misc":{"Written by":"admin","Est. reading time":"2 minutes"},"schema":{"@context":"https:\/\/schema.org","@graph":[{"@type":"Article","@id":"https:\/\/valderrobres-candida.com\/en\/blog\/2017\/02\/22\/valderrobres-acoge-la-i-edicion-del-crimen-en-la-historia\/#article","isPartOf":{"@id":"https:\/\/valderrobres-candida.com\/en\/blog\/2017\/02\/22\/valderrobres-acoge-la-i-edicion-del-crimen-en-la-historia\/"},"author":{"name":"admin","@id":"http:\/\/valderrobres-candida.com\/en\/#\/schema\/person\/592724f30d9f633dc775fbe3b215b45e"},"headline":"Valderrobres acoge la I edici\u00f3n del \u2018Crimen en la Historia\u2019","datePublished":"2017-02-22T10:19:56+00:00","mainEntityOfPage":{"@id":"https:\/\/valderrobres-candida.com\/en\/blog\/2017\/02\/22\/valderrobres-acoge-la-i-edicion-del-crimen-en-la-historia\/"},"wordCount":437,"commentCount":0,"image":{"@id":"https:\/\/valderrobres-candida.com\/en\/blog\/2017\/02\/22\/valderrobres-acoge-la-i-edicion-del-crimen-en-la-historia\/#primaryimage"},"thumbnailUrl":"https:\/\/valderrobres-candida.com\/en\/wp-content\/uploads\/sites\/3\/valderrobres-serret-literatura-1080x675.jpg","articleSection":["Blog","Not\u00edcias"],"inLanguage":"en-US","potentialAction":[{"@type":"CommentAction","name":"Comment","target":["https:\/\/valderrobres-candida.com\/en\/blog\/2017\/02\/22\/valderrobres-acoge-la-i-edicion-del-crimen-en-la-historia\/#respond"]}]},{"@type":"WebPage","@id":"https:\/\/valderrobres-candida.com\/en\/blog\/2017\/02\/22\/valderrobres-acoge-la-i-edicion-del-crimen-en-la-historia\/","url":"https:\/\/valderrobres-candida.com\/en\/blog\/2017\/02\/22\/valderrobres-acoge-la-i-edicion-del-crimen-en-la-historia\/","name":"Valderrobres acoge la I edici\u00f3n del \u2018Crimen en la Historia\u2019 - Valderrobres Candida EN","isPartOf":{"@id":"http:\/\/valderrobres-candida.com\/en\/#website"},"primaryImageOfPage":{"@id":"https:\/\/valderrobres-candida.com\/en\/blog\/2017\/02\/22\/valderrobres-acoge-la-i-edicion-del-crimen-en-la-historia\/#primaryimage"},"image":{"@id":"https:\/\/valderrobres-candida.com\/en\/blog\/2017\/02\/22\/valderrobres-acoge-la-i-edicion-del-crimen-en-la-historia\/#primaryimage"},"thumbnailUrl":"https:\/\/valderrobres-candida.com\/en\/wp-content\/uploads\/sites\/3\/valderrobres-serret-literatura-1080x675.jpg","datePublished":"2017-02-22T10:19:56+00:00","author":{"@id":"http:\/\/valderrobres-candida.com\/en\/#\/schema\/person\/592724f30d9f633dc775fbe3b215b45e"},"breadcrumb":{"@id":"https:\/\/valderrobres-candida.com\/en\/blog\/2017\/02\/22\/valderrobres-acoge-la-i-edicion-del-crimen-en-la-historia\/#breadcrumb"},"inLanguage":"en-US","potentialAction":[{"@type":"ReadAction","target":["https:\/\/valderrobres-candida.com\/en\/blog\/2017\/02\/22\/valderrobres-acoge-la-i-edicion-del-crimen-en-la-historia\/"]}]},{"@type":"ImageObject","inLanguage":"en-US","@id":"https:\/\/valderrobres-candida.com\/en\/blog\/2017\/02\/22\/valderrobres-acoge-la-i-edicion-del-crimen-en-la-historia\/#primaryimage","url":"https:\/\/valderrobres-candida.com\/en\/wp-content\/uploads\/sites\/3\/valderrobres-serret-literatura-1080x675.jpg","contentUrl":"https:\/\/valderrobres-candida.com\/en\/wp-content\/uploads\/sites\/3\/valderrobres-serret-literatura-1080x675.jpg","width":1080,"height":675},{"@type":"BreadcrumbList","@id":"https:\/\/valderrobres-candida.com\/en\/blog\/2017\/02\/22\/valderrobres-acoge-la-i-edicion-del-crimen-en-la-historia\/#breadcrumb","itemListElement":[{"@type":"ListItem","position":1,"name":"Home","item":"http:\/\/valderrobres-candida.com\/en\/"},{"@type":"ListItem","position":2,"name":"Valderrobres acoge la I edici\u00f3n del \u2018Crimen en la Historia\u2019"}]},{"@type":"WebSite","@id":"http:\/\/valderrobres-candida.com\/en\/#website","url":"http:\/\/valderrobres-candida.com\/en\/","name":"Valderrobres Candida EN","description":"","potentialAction":[{"@type":"SearchAction","target":{"@type":"EntryPoint","urlTemplate":"http:\/\/valderrobres-candida.com\/en\/?s={search_term_string}"},"query-input":{"@type":"PropertyValueSpecification","valueRequired":true,"valueName":"search_term_string"}}],"inLanguage":"en-US"},{"@type":"Person","@id":"http:\/\/valderrobres-candida.com\/en\/#\/schema\/person\/592724f30d9f633dc775fbe3b215b45e","name":"admin","image":{"@type":"ImageObject","inLanguage":"en-US","@id":"http:\/\/valderrobres-candida.com\/en\/#\/schema\/person\/image\/","url":"https:\/\/secure.gravatar.com\/avatar\/6593ee61f0881136cad83437ff20a0e7a7e66b6fb8ebe95c1f89f896a627e56a?s=96&d=mm&r=g","contentUrl":"https:\/\/secure.gravatar.com\/avatar\/6593ee61f0881136cad83437ff20a0e7a7e66b6fb8ebe95c1f89f896a627e56a?s=96&d=mm&r=g","caption":"admin"},"url":"https:\/\/valderrobres-candida.com\/en\/blog\/author\/admin\/"}]}},"_links":{"self":[{"href":"https:\/\/valderrobres-candida.com\/en\/wp-json\/wp\/v2\/posts\/1049","targetHints":{"allow":["GET"]}}],"collection":[{"href":"https:\/\/valderrobres-candida.com\/en\/wp-json\/wp\/v2\/posts"}],"about":[{"href":"https:\/\/valderrobres-candida.com\/en\/wp-json\/wp\/v2\/types\/post"}],"author":[{"embeddable":true,"href":"https:\/\/valderrobres-candida.com\/en\/wp-json\/wp\/v2\/users\/1"}],"replies":[{"embeddable":true,"href":"https:\/\/valderrobres-candida.com\/en\/wp-json\/wp\/v2\/comments?post=1049"}],"version-history":[{"count":1,"href":"https:\/\/valderrobres-candida.com\/en\/wp-json\/wp\/v2\/posts\/1049\/revisions"}],"predecessor-version":[{"id":1051,"href":"https:\/\/valderrobres-candida.com\/en\/wp-json\/wp\/v2\/posts\/1049\/revisions\/1051"}],"wp:featuredmedia":[{"embeddable":true,"href":"https:\/\/valderrobres-candida.com\/en\/wp-json\/wp\/v2\/media\/1050"}],"wp:attachment":[{"href":"https:\/\/valderrobres-candida.com\/en\/wp-json\/wp\/v2\/media?parent=1049"}],"wp:term":[{"taxonomy":"category","embeddable":true,"href":"https:\/\/valderrobres-candida.com\/en\/wp-json\/wp\/v2\/categories?post=1049"},{"taxonomy":"post_tag","embeddable":true,"href":"https:\/\/valderrobres-candida.com\/en\/wp-json\/wp\/v2\/tags?post=1049"}],"curies":[{"name":"wp","href":"https:\/\/api.w.org\/{rel}","templated":true}]}}