{"id":1055,"date":"2017-04-19T07:58:29","date_gmt":"2017-04-19T07:58:29","guid":{"rendered":"http:\/\/valderrobres-candida.com\/?p=1055"},"modified":"2017-04-19T07:59:50","modified_gmt":"2017-04-19T07:59:50","slug":"dia-mundial-de-la-bicicleta","status":"publish","type":"post","link":"https:\/\/valderrobres-candida.com\/en\/blog\/2017\/04\/19\/dia-mundial-de-la-bicicleta\/","title":{"rendered":"D\u00eda Mundial de la Bicicleta"},"content":{"rendered":"<div id=\"attachment_1056\" style=\"width: 310px\" class=\"wp-caption aligncenter\"><a href=\"http:\/\/valderrobres-candida.com\/wp-content\/uploads\/IMG_8087-e1492588677983.jpg\"><img loading=\"lazy\" decoding=\"async\" aria-describedby=\"caption-attachment-1056\" class=\"wp-image-1056 size-medium\" src=\"http:\/\/valderrobres-candida.com\/wp-content\/uploads\/IMG_8087-e1492588677983-300x300.jpg\" alt=\"D\u00eda Mundial de la Bicicleta\" width=\"300\" height=\"300\" srcset=\"https:\/\/valderrobres-candida.com\/en\/wp-content\/uploads\/sites\/3\/IMG_8087-e1492588677983-300x300.jpg 300w, https:\/\/valderrobres-candida.com\/en\/wp-content\/uploads\/sites\/3\/IMG_8087-e1492588677983-150x150.jpg 150w, https:\/\/valderrobres-candida.com\/en\/wp-content\/uploads\/sites\/3\/IMG_8087-e1492588677983-1024x1024.jpg 1024w, https:\/\/valderrobres-candida.com\/en\/wp-content\/uploads\/sites\/3\/IMG_8087-e1492588677983-100x100.jpg 100w, https:\/\/valderrobres-candida.com\/en\/wp-content\/uploads\/sites\/3\/IMG_8087-e1492588677983-65x65.jpg 65w, https:\/\/valderrobres-candida.com\/en\/wp-content\/uploads\/sites\/3\/IMG_8087-e1492588677983-75x75.jpg 75w, https:\/\/valderrobres-candida.com\/en\/wp-content\/uploads\/sites\/3\/IMG_8087-e1492588677983-60x60.jpg 60w\" sizes=\"auto, (max-width: 300px) 100vw, 300px\" \/><\/a><p id=\"caption-attachment-1056\" class=\"wp-caption-text\">D\u00eda Mundial de la Bicicleta<\/p><\/div>\n<p>El 19 de abril se celebra el D\u00eda Mundial de la Bicicleta, con el objetivo de promover el uso de este medio de transporte sostenible, sano y divertido, y concienciar sobre los derechos de los ciclistas.<\/p>\n<p>Y como muchos D\u00edas Mundiales e Internacionales, este d\u00eda tiene una curiosa historia detr\u00e1s, que te sorprender\u00e1 seguro.<\/p>\n<p>La fecha hace referencia al 19 de abril de 1943 cuando Albert Hofmann, conocido como el padre del LSD, realizara en su laboratorio un experimento en el que ingiri\u00f3 0,25 miligramos de \u00e1cido lis\u00e9rgico (LSD) para ver sus efectos y tuvo que volver a casa en bicicleta porque a consecuencia de la guerra no estaba permitido el desplazamiento en veh\u00edculos a motor.<\/p>\n<p>En ese viaje tuvo algunos problemas y acab\u00f3 en el m\u00e9dico porque pensaba que la sustancia lo hab\u00eda envenenado. Despu\u00e9s de algunos efectos de terror, empez\u00f3 a sentir disfrute y buenas sensaciones. Y finalmente acab\u00f3 bien. Hofmann hab\u00eda descubierto una sustancia que pens\u00f3 que podr\u00eda tener aplicaci\u00f3n en el mundo de la psiquiatr\u00eda, por sus efectos introspectivos, aunque nunca pens\u00f3 que nadie lo usar\u00eda de modo recreativo.<\/p>\n<p>Pero realmente la primera vez que se celebr\u00f3 el D\u00eda Mundial de la Bicicleta fue en DeKalb, una ciudad estadounidense del estado de Illinois, en 1985. El profesor de Universidad Thomas B. Roberts quiso conmemorar la primera experiencia de Hofmann con el LSD.<\/p>\n<p>\u00bfA que no te esperabas esta curiosa correlaci\u00f3n entre la bicicleta y el LSD?<\/p>\n<p>&nbsp;<\/p>\n<p>V\u00eda\u00a0diainternacionalde.com<\/p>\n","protected":false},"excerpt":{"rendered":"<p>El 19 de abril se celebra el D\u00eda Mundial de la Bicicleta, con el objetivo de promover el uso de este medio de transporte sostenible, sano y divertido, y concienciar sobre los derechos de los ciclistas. Y como muchos D\u00edas Mundiales e Internacionales, este d\u00eda tiene una curiosa historia detr\u00e1s, que te sorprender\u00e1 seguro. La<\/p>\n","protected":false},"author":1,"featured_media":1056,"comment_status":"open","ping_status":"open","sticky":false,"template":"","format":"standard","meta":{"footnotes":""},"categories":[150,18],"tags":[],"class_list":["post-1055","post","type-post","status-publish","format-standard","has-post-thumbnail","hentry","category-blog","category-noticias"],"yoast_head":"<!-- This site is optimized with the Yoast SEO plugin v26.7 - https:\/\/yoast.com\/wordpress\/plugins\/seo\/ -->\n<title>D\u00eda Mundial de la Bicicleta - Valderrobres Candida EN<\/title>\n<meta name=\"robots\" content=\"index, follow, max-snippet:-1, max-image-preview:large, max-video-preview:-1\" \/>\n<link rel=\"canonical\" href=\"https:\/\/valderrobres-candida.com\/en\/blog\/2017\/04\/19\/dia-mundial-de-la-bicicleta\/\" \/>\n<meta property=\"og:locale\" content=\"en_US\" \/>\n<meta property=\"og:type\" content=\"article\" \/>\n<meta property=\"og:title\" content=\"D\u00eda Mundial de la Bicicleta - Valderrobres Candida EN\" \/>\n<meta property=\"og:description\" content=\"El 19 de abril se celebra el D\u00eda Mundial de la Bicicleta, con el objetivo de promover el uso de este medio de transporte sostenible, sano y divertido, y concienciar sobre los derechos de los ciclistas. Y como muchos D\u00edas Mundiales e Internacionales, este d\u00eda tiene una curiosa historia detr\u00e1s, que te sorprender\u00e1 seguro. La\" \/>\n<meta property=\"og:url\" content=\"https:\/\/valderrobres-candida.com\/en\/blog\/2017\/04\/19\/dia-mundial-de-la-bicicleta\/\" \/>\n<meta property=\"og:site_name\" content=\"Valderrobres Candida EN\" \/>\n<meta property=\"article:published_time\" content=\"2017-04-19T07:58:29+00:00\" \/>\n<meta property=\"article:modified_time\" content=\"2017-04-19T07:59:50+00:00\" \/>\n<meta property=\"og:image\" content=\"https:\/\/valderrobres-candida.com\/en\/wp-content\/uploads\/sites\/3\/IMG_8087-e1492588677983.jpg\" \/>\n\t<meta property=\"og:image:width\" content=\"2448\" \/>\n\t<meta property=\"og:image:height\" content=\"2448\" \/>\n\t<meta property=\"og:image:type\" content=\"image\/jpeg\" \/>\n<meta name=\"author\" content=\"admin\" \/>\n<meta name=\"twitter:card\" content=\"summary_large_image\" \/>\n<meta name=\"twitter:label1\" content=\"Written by\" \/>\n\t<meta name=\"twitter:data1\" content=\"admin\" \/>\n\t<meta name=\"twitter:label2\" content=\"Est. reading time\" \/>\n\t<meta name=\"twitter:data2\" content=\"1 minute\" \/>\n<script type=\"application\/ld+json\" class=\"yoast-schema-graph\">{\"@context\":\"https:\/\/schema.org\",\"@graph\":[{\"@type\":\"Article\",\"@id\":\"https:\/\/valderrobres-candida.com\/en\/blog\/2017\/04\/19\/dia-mundial-de-la-bicicleta\/#article\",\"isPartOf\":{\"@id\":\"https:\/\/valderrobres-candida.com\/en\/blog\/2017\/04\/19\/dia-mundial-de-la-bicicleta\/\"},\"author\":{\"name\":\"admin\",\"@id\":\"http:\/\/valderrobres-candida.com\/en\/#\/schema\/person\/592724f30d9f633dc775fbe3b215b45e\"},\"headline\":\"D\u00eda Mundial de la Bicicleta\",\"datePublished\":\"2017-04-19T07:58:29+00:00\",\"dateModified\":\"2017-04-19T07:59:50+00:00\",\"mainEntityOfPage\":{\"@id\":\"https:\/\/valderrobres-candida.com\/en\/blog\/2017\/04\/19\/dia-mundial-de-la-bicicleta\/\"},\"wordCount\":275,\"commentCount\":0,\"image\":{\"@id\":\"https:\/\/valderrobres-candida.com\/en\/blog\/2017\/04\/19\/dia-mundial-de-la-bicicleta\/#primaryimage\"},\"thumbnailUrl\":\"https:\/\/valderrobres-candida.com\/en\/wp-content\/uploads\/sites\/3\/IMG_8087-e1492588677983.jpg\",\"articleSection\":[\"Blog\",\"Not\u00edcias\"],\"inLanguage\":\"en-US\",\"potentialAction\":[{\"@type\":\"CommentAction\",\"name\":\"Comment\",\"target\":[\"https:\/\/valderrobres-candida.com\/en\/blog\/2017\/04\/19\/dia-mundial-de-la-bicicleta\/#respond\"]}]},{\"@type\":\"WebPage\",\"@id\":\"https:\/\/valderrobres-candida.com\/en\/blog\/2017\/04\/19\/dia-mundial-de-la-bicicleta\/\",\"url\":\"https:\/\/valderrobres-candida.com\/en\/blog\/2017\/04\/19\/dia-mundial-de-la-bicicleta\/\",\"name\":\"D\u00eda Mundial de la Bicicleta - Valderrobres Candida EN\",\"isPartOf\":{\"@id\":\"http:\/\/valderrobres-candida.com\/en\/#website\"},\"primaryImageOfPage\":{\"@id\":\"https:\/\/valderrobres-candida.com\/en\/blog\/2017\/04\/19\/dia-mundial-de-la-bicicleta\/#primaryimage\"},\"image\":{\"@id\":\"https:\/\/valderrobres-candida.com\/en\/blog\/2017\/04\/19\/dia-mundial-de-la-bicicleta\/#primaryimage\"},\"thumbnailUrl\":\"https:\/\/valderrobres-candida.com\/en\/wp-content\/uploads\/sites\/3\/IMG_8087-e1492588677983.jpg\",\"datePublished\":\"2017-04-19T07:58:29+00:00\",\"dateModified\":\"2017-04-19T07:59:50+00:00\",\"author\":{\"@id\":\"http:\/\/valderrobres-candida.com\/en\/#\/schema\/person\/592724f30d9f633dc775fbe3b215b45e\"},\"breadcrumb\":{\"@id\":\"https:\/\/valderrobres-candida.com\/en\/blog\/2017\/04\/19\/dia-mundial-de-la-bicicleta\/#breadcrumb\"},\"inLanguage\":\"en-US\",\"potentialAction\":[{\"@type\":\"ReadAction\",\"target\":[\"https:\/\/valderrobres-candida.com\/en\/blog\/2017\/04\/19\/dia-mundial-de-la-bicicleta\/\"]}]},{\"@type\":\"ImageObject\",\"inLanguage\":\"en-US\",\"@id\":\"https:\/\/valderrobres-candida.com\/en\/blog\/2017\/04\/19\/dia-mundial-de-la-bicicleta\/#primaryimage\",\"url\":\"https:\/\/valderrobres-candida.com\/en\/wp-content\/uploads\/sites\/3\/IMG_8087-e1492588677983.jpg\",\"contentUrl\":\"https:\/\/valderrobres-candida.com\/en\/wp-content\/uploads\/sites\/3\/IMG_8087-e1492588677983.jpg\",\"width\":2448,\"height\":2448,\"caption\":\"D\u00eda Mundial de la Bicicleta\"},{\"@type\":\"BreadcrumbList\",\"@id\":\"https:\/\/valderrobres-candida.com\/en\/blog\/2017\/04\/19\/dia-mundial-de-la-bicicleta\/#breadcrumb\",\"itemListElement\":[{\"@type\":\"ListItem\",\"position\":1,\"name\":\"Home\",\"item\":\"http:\/\/valderrobres-candida.com\/en\/\"},{\"@type\":\"ListItem\",\"position\":2,\"name\":\"D\u00eda Mundial de la Bicicleta\"}]},{\"@type\":\"WebSite\",\"@id\":\"http:\/\/valderrobres-candida.com\/en\/#website\",\"url\":\"http:\/\/valderrobres-candida.com\/en\/\",\"name\":\"Valderrobres Candida EN\",\"description\":\"\",\"potentialAction\":[{\"@type\":\"SearchAction\",\"target\":{\"@type\":\"EntryPoint\",\"urlTemplate\":\"http:\/\/valderrobres-candida.com\/en\/?s={search_term_string}\"},\"query-input\":{\"@type\":\"PropertyValueSpecification\",\"valueRequired\":true,\"valueName\":\"search_term_string\"}}],\"inLanguage\":\"en-US\"},{\"@type\":\"Person\",\"@id\":\"http:\/\/valderrobres-candida.com\/en\/#\/schema\/person\/592724f30d9f633dc775fbe3b215b45e\",\"name\":\"admin\",\"image\":{\"@type\":\"ImageObject\",\"inLanguage\":\"en-US\",\"@id\":\"http:\/\/valderrobres-candida.com\/en\/#\/schema\/person\/image\/\",\"url\":\"https:\/\/secure.gravatar.com\/avatar\/6593ee61f0881136cad83437ff20a0e7a7e66b6fb8ebe95c1f89f896a627e56a?s=96&d=mm&r=g\",\"contentUrl\":\"https:\/\/secure.gravatar.com\/avatar\/6593ee61f0881136cad83437ff20a0e7a7e66b6fb8ebe95c1f89f896a627e56a?s=96&d=mm&r=g\",\"caption\":\"admin\"},\"url\":\"https:\/\/valderrobres-candida.com\/en\/blog\/author\/admin\/\"}]}<\/script>\n<!-- \/ Yoast SEO plugin. -->","yoast_head_json":{"title":"D\u00eda Mundial de la Bicicleta - Valderrobres Candida EN","robots":{"index":"index","follow":"follow","max-snippet":"max-snippet:-1","max-image-preview":"max-image-preview:large","max-video-preview":"max-video-preview:-1"},"canonical":"https:\/\/valderrobres-candida.com\/en\/blog\/2017\/04\/19\/dia-mundial-de-la-bicicleta\/","og_locale":"en_US","og_type":"article","og_title":"D\u00eda Mundial de la Bicicleta - Valderrobres Candida EN","og_description":"El 19 de abril se celebra el D\u00eda Mundial de la Bicicleta, con el objetivo de promover el uso de este medio de transporte sostenible, sano y divertido, y concienciar sobre los derechos de los ciclistas. Y como muchos D\u00edas Mundiales e Internacionales, este d\u00eda tiene una curiosa historia detr\u00e1s, que te sorprender\u00e1 seguro. La","og_url":"https:\/\/valderrobres-candida.com\/en\/blog\/2017\/04\/19\/dia-mundial-de-la-bicicleta\/","og_site_name":"Valderrobres Candida EN","article_published_time":"2017-04-19T07:58:29+00:00","article_modified_time":"2017-04-19T07:59:50+00:00","og_image":[{"width":2448,"height":2448,"url":"https:\/\/valderrobres-candida.com\/en\/wp-content\/uploads\/sites\/3\/IMG_8087-e1492588677983.jpg","type":"image\/jpeg"}],"author":"admin","twitter_card":"summary_large_image","twitter_misc":{"Written by":"admin","Est. reading time":"1 minute"},"schema":{"@context":"https:\/\/schema.org","@graph":[{"@type":"Article","@id":"https:\/\/valderrobres-candida.com\/en\/blog\/2017\/04\/19\/dia-mundial-de-la-bicicleta\/#article","isPartOf":{"@id":"https:\/\/valderrobres-candida.com\/en\/blog\/2017\/04\/19\/dia-mundial-de-la-bicicleta\/"},"author":{"name":"admin","@id":"http:\/\/valderrobres-candida.com\/en\/#\/schema\/person\/592724f30d9f633dc775fbe3b215b45e"},"headline":"D\u00eda Mundial de la Bicicleta","datePublished":"2017-04-19T07:58:29+00:00","dateModified":"2017-04-19T07:59:50+00:00","mainEntityOfPage":{"@id":"https:\/\/valderrobres-candida.com\/en\/blog\/2017\/04\/19\/dia-mundial-de-la-bicicleta\/"},"wordCount":275,"commentCount":0,"image":{"@id":"https:\/\/valderrobres-candida.com\/en\/blog\/2017\/04\/19\/dia-mundial-de-la-bicicleta\/#primaryimage"},"thumbnailUrl":"https:\/\/valderrobres-candida.com\/en\/wp-content\/uploads\/sites\/3\/IMG_8087-e1492588677983.jpg","articleSection":["Blog","Not\u00edcias"],"inLanguage":"en-US","potentialAction":[{"@type":"CommentAction","name":"Comment","target":["https:\/\/valderrobres-candida.com\/en\/blog\/2017\/04\/19\/dia-mundial-de-la-bicicleta\/#respond"]}]},{"@type":"WebPage","@id":"https:\/\/valderrobres-candida.com\/en\/blog\/2017\/04\/19\/dia-mundial-de-la-bicicleta\/","url":"https:\/\/valderrobres-candida.com\/en\/blog\/2017\/04\/19\/dia-mundial-de-la-bicicleta\/","name":"D\u00eda Mundial de la Bicicleta - Valderrobres Candida EN","isPartOf":{"@id":"http:\/\/valderrobres-candida.com\/en\/#website"},"primaryImageOfPage":{"@id":"https:\/\/valderrobres-candida.com\/en\/blog\/2017\/04\/19\/dia-mundial-de-la-bicicleta\/#primaryimage"},"image":{"@id":"https:\/\/valderrobres-candida.com\/en\/blog\/2017\/04\/19\/dia-mundial-de-la-bicicleta\/#primaryimage"},"thumbnailUrl":"https:\/\/valderrobres-candida.com\/en\/wp-content\/uploads\/sites\/3\/IMG_8087-e1492588677983.jpg","datePublished":"2017-04-19T07:58:29+00:00","dateModified":"2017-04-19T07:59:50+00:00","author":{"@id":"http:\/\/valderrobres-candida.com\/en\/#\/schema\/person\/592724f30d9f633dc775fbe3b215b45e"},"breadcrumb":{"@id":"https:\/\/valderrobres-candida.com\/en\/blog\/2017\/04\/19\/dia-mundial-de-la-bicicleta\/#breadcrumb"},"inLanguage":"en-US","potentialAction":[{"@type":"ReadAction","target":["https:\/\/valderrobres-candida.com\/en\/blog\/2017\/04\/19\/dia-mundial-de-la-bicicleta\/"]}]},{"@type":"ImageObject","inLanguage":"en-US","@id":"https:\/\/valderrobres-candida.com\/en\/blog\/2017\/04\/19\/dia-mundial-de-la-bicicleta\/#primaryimage","url":"https:\/\/valderrobres-candida.com\/en\/wp-content\/uploads\/sites\/3\/IMG_8087-e1492588677983.jpg","contentUrl":"https:\/\/valderrobres-candida.com\/en\/wp-content\/uploads\/sites\/3\/IMG_8087-e1492588677983.jpg","width":2448,"height":2448,"caption":"D\u00eda Mundial de la Bicicleta"},{"@type":"BreadcrumbList","@id":"https:\/\/valderrobres-candida.com\/en\/blog\/2017\/04\/19\/dia-mundial-de-la-bicicleta\/#breadcrumb","itemListElement":[{"@type":"ListItem","position":1,"name":"Home","item":"http:\/\/valderrobres-candida.com\/en\/"},{"@type":"ListItem","position":2,"name":"D\u00eda Mundial de la Bicicleta"}]},{"@type":"WebSite","@id":"http:\/\/valderrobres-candida.com\/en\/#website","url":"http:\/\/valderrobres-candida.com\/en\/","name":"Valderrobres Candida EN","description":"","potentialAction":[{"@type":"SearchAction","target":{"@type":"EntryPoint","urlTemplate":"http:\/\/valderrobres-candida.com\/en\/?s={search_term_string}"},"query-input":{"@type":"PropertyValueSpecification","valueRequired":true,"valueName":"search_term_string"}}],"inLanguage":"en-US"},{"@type":"Person","@id":"http:\/\/valderrobres-candida.com\/en\/#\/schema\/person\/592724f30d9f633dc775fbe3b215b45e","name":"admin","image":{"@type":"ImageObject","inLanguage":"en-US","@id":"http:\/\/valderrobres-candida.com\/en\/#\/schema\/person\/image\/","url":"https:\/\/secure.gravatar.com\/avatar\/6593ee61f0881136cad83437ff20a0e7a7e66b6fb8ebe95c1f89f896a627e56a?s=96&d=mm&r=g","contentUrl":"https:\/\/secure.gravatar.com\/avatar\/6593ee61f0881136cad83437ff20a0e7a7e66b6fb8ebe95c1f89f896a627e56a?s=96&d=mm&r=g","caption":"admin"},"url":"https:\/\/valderrobres-candida.com\/en\/blog\/author\/admin\/"}]}},"_links":{"self":[{"href":"https:\/\/valderrobres-candida.com\/en\/wp-json\/wp\/v2\/posts\/1055","targetHints":{"allow":["GET"]}}],"collection":[{"href":"https:\/\/valderrobres-candida.com\/en\/wp-json\/wp\/v2\/posts"}],"about":[{"href":"https:\/\/valderrobres-candida.com\/en\/wp-json\/wp\/v2\/types\/post"}],"author":[{"embeddable":true,"href":"https:\/\/valderrobres-candida.com\/en\/wp-json\/wp\/v2\/users\/1"}],"replies":[{"embeddable":true,"href":"https:\/\/valderrobres-candida.com\/en\/wp-json\/wp\/v2\/comments?post=1055"}],"version-history":[{"count":3,"href":"https:\/\/valderrobres-candida.com\/en\/wp-json\/wp\/v2\/posts\/1055\/revisions"}],"predecessor-version":[{"id":1059,"href":"https:\/\/valderrobres-candida.com\/en\/wp-json\/wp\/v2\/posts\/1055\/revisions\/1059"}],"wp:featuredmedia":[{"embeddable":true,"href":"https:\/\/valderrobres-candida.com\/en\/wp-json\/wp\/v2\/media\/1056"}],"wp:attachment":[{"href":"https:\/\/valderrobres-candida.com\/en\/wp-json\/wp\/v2\/media?parent=1055"}],"wp:term":[{"taxonomy":"category","embeddable":true,"href":"https:\/\/valderrobres-candida.com\/en\/wp-json\/wp\/v2\/categories?post=1055"},{"taxonomy":"post_tag","embeddable":true,"href":"https:\/\/valderrobres-candida.com\/en\/wp-json\/wp\/v2\/tags?post=1055"}],"curies":[{"name":"wp","href":"https:\/\/api.w.org\/{rel}","templated":true}]}}