{"id":1066,"date":"2017-04-26T10:04:10","date_gmt":"2017-04-26T10:04:10","guid":{"rendered":"http:\/\/valderrobres-candida.com\/?p=1066"},"modified":"2017-04-26T10:04:10","modified_gmt":"2017-04-26T10:04:10","slug":"por-que-se-celebra-el-dia-del-trabajo-el-1-de-mayo","status":"publish","type":"post","link":"https:\/\/valderrobres-candida.com\/en\/blog\/2017\/04\/26\/por-que-se-celebra-el-dia-del-trabajo-el-1-de-mayo\/","title":{"rendered":"\u00bfPor qu\u00e9 se celebra el D\u00eda del Trabajo el 1 de mayo?"},"content":{"rendered":"<div id=\"attachment_1067\" style=\"width: 310px\" class=\"wp-caption aligncenter\"><a href=\"http:\/\/valderrobres-candida.com\/wp-content\/uploads\/original.jpg\"><img loading=\"lazy\" decoding=\"async\" aria-describedby=\"caption-attachment-1067\" class=\"wp-image-1067 size-medium\" src=\"http:\/\/valderrobres-candida.com\/wp-content\/uploads\/original-300x224.jpg\" alt=\"original\" width=\"300\" height=\"224\" srcset=\"https:\/\/valderrobres-candida.com\/en\/wp-content\/uploads\/sites\/3\/original-300x224.jpg 300w, https:\/\/valderrobres-candida.com\/en\/wp-content\/uploads\/sites\/3\/original-100x74.jpg 100w, https:\/\/valderrobres-candida.com\/en\/wp-content\/uploads\/sites\/3\/original.jpg 627w\" sizes=\"auto, (max-width: 300px) 100vw, 300px\" \/><\/a><p id=\"caption-attachment-1067\" class=\"wp-caption-text\">El 1 de mayo se celebra el D\u00eda del Trabajo<\/p><\/div>\n<p class=\"articulo-subtitulo\"><strong>La lucha por conseguir la jornada laboral de ocho horas es el origen de esta festividad, en honor a la clase obrera, que se celebra en casi todos los pa\u00edses del mundo<\/strong><\/p>\n<div id=\"cuerpo_noticia\" class=\"articulo-cuerpo\">\n<p>Para conseguir un derecho que hoy consideramos incuestionable, la jornada la laboral de ocho horas, hizo falta sangre, sudor, l\u00e1grimas&#8230; Y un pu\u00f1ado de muertos. El 1 de mayo, se celebra el <a href=\"http:\/\/elpais.com\/tag\/dia_internacional_trabajo\/a\/\">D\u00eda del Trabajo<\/a>\u00a0en casi todos los pa\u00edses del mundo. Una jornada que ha ido perdiendo su car\u00e1cter reivindicativo para convertirse en un d\u00eda festivo sin m\u00e1s, pero que sigue siendo uno de los pilares del movimiento obrero.<\/p>\n<div id=\"elpais_gpt-INTEXT\" data-google-query-id=\"CLf_0v7rwdMCFRIW0wodpEcJag\">\n<div id=\"google_ads_iframe_\/7811748\/elpais_web\/internacional\/intext_0__container__\">La fecha se fij\u00f3 durante el Congreso Obrero Socialista de la Segunda Internacional celebrado en Par\u00eds en 1889. La idea era rendir tributo a los M\u00e1rtires de Chicago, un grupo de sindicalistas que fueron condenados en Estados Unidos por su participaci\u00f3n en una huelga que se inici\u00f3 el 1 de mayo de 1886 en todo el pa\u00eds y, en ese estado, se prolong\u00f3 hasta el 4 de mayo con la sangrienta Revuelta de Haymarket. Tres fueron a prisi\u00f3n y cinco ejecutados en la horca. El fin era conseguir la jornada labora de ocho horas que en 1886 ya establec\u00eda la Ley Ingersoll pero que la patronal incumpl\u00eda, lo que rearm\u00f3 y moviliz\u00f3 a las organizaciones laborales y sindicales del pa\u00eds.<\/div>\n<\/div>\n<p>Parad\u00f3jicamente en Estados Unidos (y pa\u00edses como Canad\u00e1) la fecha se traslad\u00f3 al primer lunes de septiembre por miedo a que el movimiento socialista se reforzase y pas\u00f3 a llamarse Labor Day. Pero en esa huelga, que se sald\u00f3 con miles de trabajadores despedidos, detenidos o heridos, la mayor\u00eda inmigrantes europeos, estaba la mecha del D\u00eda del Trabajo, una festividad en honor a la clase obrera que poco a poco se fue extendiendo al resto del mundo.<\/p>\n<p>Espa\u00f1a fue el primer pa\u00eds de Europa que aprob\u00f3 mediante un decreto la jornada de ocho horas tras la huelga de La Canadiense llevada a cabo por anaquistas de Barcelona, aunque durante la dictadura militar de Primo de Rivera (1923-30) y la de Franco (1939-77) dej\u00f3 de celebrarse. Dos meses despu\u00e9s Francia hizo lo propio.<\/p>\n<p>Pero cuando el Primero de Mayo adquiri\u00f3 su mayor protagonismo fue tras la <a href=\"http:\/\/elpais.com\/tag\/segunda_guerra_mundial\/a\/\">Segunda Guerra Mundial<\/a> gracias a los fastos de pa\u00edses socialistas como la Uni\u00f3n Sovi\u00e9tica y el aumento de poder de los partidos de izquierda en los pa\u00edses capitalista de Europa. Hasta el Vaticano se vio obligado a abrazar esta festividad y en 1954 el Papa P\u00edo XII declar\u00f3 el 1 mayo el d\u00eda de San Jos\u00e9 Obrero. Su objetivo era darle un tinte cat\u00f3lico a un d\u00eda que hasta entonces se mostraba hostil a la religi\u00f3n y, seg\u00fan ellos, se basaba en el odio.<\/p>\n<p>Pese a que no podemos relajarnos, pues muchas de las conquistas laborales peligran, el D\u00eda del Trabajo se ha convertido en un d\u00eda festivo m\u00e1s que ha perdido su car\u00e1cter obrero y reivindicativo. En la mayor\u00eda de pa\u00edses los partidos de izquierda y los sindicatos organizan una manifestaci\u00f3n p\u00e1cifica, que no deja de ser testimonial, mientras el resto de los trabajadores la ignoran pensando, equivocados, que ya no queda nada por lo que luchar.<\/p>\n<p>v\u00eda ElPa\u00eds.com<\/p>\n<\/div>\n<section id=\"articulo-tags\" class=\"articulo-tags\"><\/section>\n","protected":false},"excerpt":{"rendered":"<p>La lucha por conseguir la jornada laboral de ocho horas es el origen de esta festividad, en honor a la clase obrera, que se celebra en casi todos los pa\u00edses del mundo Para conseguir un derecho que hoy consideramos incuestionable, la jornada la laboral de ocho horas, hizo falta sangre, sudor, l\u00e1grimas&#8230; Y un pu\u00f1ado<\/p>\n","protected":false},"author":1,"featured_media":1067,"comment_status":"open","ping_status":"open","sticky":false,"template":"","format":"standard","meta":{"footnotes":""},"categories":[150,18],"tags":[158,156,155,160,159,161,162,157],"class_list":["post-1066","post","type-post","status-publish","format-standard","has-post-thumbnail","hentry","category-blog","category-noticias","tag-dia-del-trabajador","tag-dia-del-trabajo","tag-diadeltrabajo","tag-fue-a-por-trabajo","tag-laboral-day","tag-por-que-es-el-dia-del-trabajador","tag-que-dias-de-fiesta-son-el-dia-del-trabajador","tag-trabajador"],"yoast_head":"<!-- This site is optimized with the Yoast SEO plugin v26.7 - https:\/\/yoast.com\/wordpress\/plugins\/seo\/ -->\n<title>\u00bfPor qu\u00e9 se celebra el D\u00eda del Trabajo el 1 de mayo? - Valderrobres Candida EN<\/title>\n<meta name=\"robots\" content=\"index, follow, max-snippet:-1, max-image-preview:large, max-video-preview:-1\" \/>\n<link rel=\"canonical\" href=\"https:\/\/valderrobres-candida.com\/en\/blog\/2017\/04\/26\/por-que-se-celebra-el-dia-del-trabajo-el-1-de-mayo\/\" \/>\n<meta property=\"og:locale\" content=\"en_US\" \/>\n<meta property=\"og:type\" content=\"article\" \/>\n<meta property=\"og:title\" content=\"\u00bfPor qu\u00e9 se celebra el D\u00eda del Trabajo el 1 de mayo? - Valderrobres Candida EN\" \/>\n<meta property=\"og:description\" content=\"La lucha por conseguir la jornada laboral de ocho horas es el origen de esta festividad, en honor a la clase obrera, que se celebra en casi todos los pa\u00edses del mundo Para conseguir un derecho que hoy consideramos incuestionable, la jornada la laboral de ocho horas, hizo falta sangre, sudor, l\u00e1grimas&#8230; Y un pu\u00f1ado\" \/>\n<meta property=\"og:url\" content=\"https:\/\/valderrobres-candida.com\/en\/blog\/2017\/04\/26\/por-que-se-celebra-el-dia-del-trabajo-el-1-de-mayo\/\" \/>\n<meta property=\"og:site_name\" content=\"Valderrobres Candida EN\" \/>\n<meta property=\"article:published_time\" content=\"2017-04-26T10:04:10+00:00\" \/>\n<meta property=\"og:image\" content=\"https:\/\/valderrobres-candida.com\/en\/wp-content\/uploads\/sites\/3\/original.jpg\" \/>\n\t<meta property=\"og:image:width\" content=\"627\" \/>\n\t<meta property=\"og:image:height\" content=\"470\" \/>\n\t<meta property=\"og:image:type\" content=\"image\/jpeg\" \/>\n<meta name=\"author\" content=\"admin\" \/>\n<meta name=\"twitter:card\" content=\"summary_large_image\" \/>\n<meta name=\"twitter:label1\" content=\"Written by\" \/>\n\t<meta name=\"twitter:data1\" content=\"admin\" \/>\n\t<meta name=\"twitter:label2\" content=\"Est. reading time\" \/>\n\t<meta name=\"twitter:data2\" content=\"3 minutes\" \/>\n<script type=\"application\/ld+json\" class=\"yoast-schema-graph\">{\"@context\":\"https:\/\/schema.org\",\"@graph\":[{\"@type\":\"Article\",\"@id\":\"https:\/\/valderrobres-candida.com\/en\/blog\/2017\/04\/26\/por-que-se-celebra-el-dia-del-trabajo-el-1-de-mayo\/#article\",\"isPartOf\":{\"@id\":\"https:\/\/valderrobres-candida.com\/en\/blog\/2017\/04\/26\/por-que-se-celebra-el-dia-del-trabajo-el-1-de-mayo\/\"},\"author\":{\"name\":\"admin\",\"@id\":\"http:\/\/valderrobres-candida.com\/en\/#\/schema\/person\/592724f30d9f633dc775fbe3b215b45e\"},\"headline\":\"\u00bfPor qu\u00e9 se celebra el D\u00eda del Trabajo el 1 de mayo?\",\"datePublished\":\"2017-04-26T10:04:10+00:00\",\"mainEntityOfPage\":{\"@id\":\"https:\/\/valderrobres-candida.com\/en\/blog\/2017\/04\/26\/por-que-se-celebra-el-dia-del-trabajo-el-1-de-mayo\/\"},\"wordCount\":592,\"commentCount\":0,\"image\":{\"@id\":\"https:\/\/valderrobres-candida.com\/en\/blog\/2017\/04\/26\/por-que-se-celebra-el-dia-del-trabajo-el-1-de-mayo\/#primaryimage\"},\"thumbnailUrl\":\"https:\/\/valderrobres-candida.com\/en\/wp-content\/uploads\/sites\/3\/original.jpg\",\"keywords\":[\"d\u00eda del trabajador\",\"d\u00eda del trabajo\",\"d\u00edadeltrabajo\",\"fue a por trabajo\",\"laboral day\",\"por qu\u00e9 es el d\u00eda del trabajador\",\"que d\u00edas de fiesta son el d\u00eda del trabajador\",\"trabajador\"],\"articleSection\":[\"Blog\",\"Not\u00edcias\"],\"inLanguage\":\"en-US\",\"potentialAction\":[{\"@type\":\"CommentAction\",\"name\":\"Comment\",\"target\":[\"https:\/\/valderrobres-candida.com\/en\/blog\/2017\/04\/26\/por-que-se-celebra-el-dia-del-trabajo-el-1-de-mayo\/#respond\"]}]},{\"@type\":\"WebPage\",\"@id\":\"https:\/\/valderrobres-candida.com\/en\/blog\/2017\/04\/26\/por-que-se-celebra-el-dia-del-trabajo-el-1-de-mayo\/\",\"url\":\"https:\/\/valderrobres-candida.com\/en\/blog\/2017\/04\/26\/por-que-se-celebra-el-dia-del-trabajo-el-1-de-mayo\/\",\"name\":\"\u00bfPor qu\u00e9 se celebra el D\u00eda del Trabajo el 1 de mayo? - Valderrobres Candida EN\",\"isPartOf\":{\"@id\":\"http:\/\/valderrobres-candida.com\/en\/#website\"},\"primaryImageOfPage\":{\"@id\":\"https:\/\/valderrobres-candida.com\/en\/blog\/2017\/04\/26\/por-que-se-celebra-el-dia-del-trabajo-el-1-de-mayo\/#primaryimage\"},\"image\":{\"@id\":\"https:\/\/valderrobres-candida.com\/en\/blog\/2017\/04\/26\/por-que-se-celebra-el-dia-del-trabajo-el-1-de-mayo\/#primaryimage\"},\"thumbnailUrl\":\"https:\/\/valderrobres-candida.com\/en\/wp-content\/uploads\/sites\/3\/original.jpg\",\"datePublished\":\"2017-04-26T10:04:10+00:00\",\"author\":{\"@id\":\"http:\/\/valderrobres-candida.com\/en\/#\/schema\/person\/592724f30d9f633dc775fbe3b215b45e\"},\"breadcrumb\":{\"@id\":\"https:\/\/valderrobres-candida.com\/en\/blog\/2017\/04\/26\/por-que-se-celebra-el-dia-del-trabajo-el-1-de-mayo\/#breadcrumb\"},\"inLanguage\":\"en-US\",\"potentialAction\":[{\"@type\":\"ReadAction\",\"target\":[\"https:\/\/valderrobres-candida.com\/en\/blog\/2017\/04\/26\/por-que-se-celebra-el-dia-del-trabajo-el-1-de-mayo\/\"]}]},{\"@type\":\"ImageObject\",\"inLanguage\":\"en-US\",\"@id\":\"https:\/\/valderrobres-candida.com\/en\/blog\/2017\/04\/26\/por-que-se-celebra-el-dia-del-trabajo-el-1-de-mayo\/#primaryimage\",\"url\":\"https:\/\/valderrobres-candida.com\/en\/wp-content\/uploads\/sites\/3\/original.jpg\",\"contentUrl\":\"https:\/\/valderrobres-candida.com\/en\/wp-content\/uploads\/sites\/3\/original.jpg\",\"width\":627,\"height\":470},{\"@type\":\"BreadcrumbList\",\"@id\":\"https:\/\/valderrobres-candida.com\/en\/blog\/2017\/04\/26\/por-que-se-celebra-el-dia-del-trabajo-el-1-de-mayo\/#breadcrumb\",\"itemListElement\":[{\"@type\":\"ListItem\",\"position\":1,\"name\":\"Home\",\"item\":\"http:\/\/valderrobres-candida.com\/en\/\"},{\"@type\":\"ListItem\",\"position\":2,\"name\":\"\u00bfPor qu\u00e9 se celebra el D\u00eda del Trabajo el 1 de mayo?\"}]},{\"@type\":\"WebSite\",\"@id\":\"http:\/\/valderrobres-candida.com\/en\/#website\",\"url\":\"http:\/\/valderrobres-candida.com\/en\/\",\"name\":\"Valderrobres Candida EN\",\"description\":\"\",\"potentialAction\":[{\"@type\":\"SearchAction\",\"target\":{\"@type\":\"EntryPoint\",\"urlTemplate\":\"http:\/\/valderrobres-candida.com\/en\/?s={search_term_string}\"},\"query-input\":{\"@type\":\"PropertyValueSpecification\",\"valueRequired\":true,\"valueName\":\"search_term_string\"}}],\"inLanguage\":\"en-US\"},{\"@type\":\"Person\",\"@id\":\"http:\/\/valderrobres-candida.com\/en\/#\/schema\/person\/592724f30d9f633dc775fbe3b215b45e\",\"name\":\"admin\",\"image\":{\"@type\":\"ImageObject\",\"inLanguage\":\"en-US\",\"@id\":\"http:\/\/valderrobres-candida.com\/en\/#\/schema\/person\/image\/\",\"url\":\"https:\/\/secure.gravatar.com\/avatar\/6593ee61f0881136cad83437ff20a0e7a7e66b6fb8ebe95c1f89f896a627e56a?s=96&d=mm&r=g\",\"contentUrl\":\"https:\/\/secure.gravatar.com\/avatar\/6593ee61f0881136cad83437ff20a0e7a7e66b6fb8ebe95c1f89f896a627e56a?s=96&d=mm&r=g\",\"caption\":\"admin\"},\"url\":\"https:\/\/valderrobres-candida.com\/en\/blog\/author\/admin\/\"}]}<\/script>\n<!-- \/ Yoast SEO plugin. -->","yoast_head_json":{"title":"\u00bfPor qu\u00e9 se celebra el D\u00eda del Trabajo el 1 de mayo? - Valderrobres Candida EN","robots":{"index":"index","follow":"follow","max-snippet":"max-snippet:-1","max-image-preview":"max-image-preview:large","max-video-preview":"max-video-preview:-1"},"canonical":"https:\/\/valderrobres-candida.com\/en\/blog\/2017\/04\/26\/por-que-se-celebra-el-dia-del-trabajo-el-1-de-mayo\/","og_locale":"en_US","og_type":"article","og_title":"\u00bfPor qu\u00e9 se celebra el D\u00eda del Trabajo el 1 de mayo? - Valderrobres Candida EN","og_description":"La lucha por conseguir la jornada laboral de ocho horas es el origen de esta festividad, en honor a la clase obrera, que se celebra en casi todos los pa\u00edses del mundo Para conseguir un derecho que hoy consideramos incuestionable, la jornada la laboral de ocho horas, hizo falta sangre, sudor, l\u00e1grimas&#8230; Y un pu\u00f1ado","og_url":"https:\/\/valderrobres-candida.com\/en\/blog\/2017\/04\/26\/por-que-se-celebra-el-dia-del-trabajo-el-1-de-mayo\/","og_site_name":"Valderrobres Candida EN","article_published_time":"2017-04-26T10:04:10+00:00","og_image":[{"width":627,"height":470,"url":"https:\/\/valderrobres-candida.com\/en\/wp-content\/uploads\/sites\/3\/original.jpg","type":"image\/jpeg"}],"author":"admin","twitter_card":"summary_large_image","twitter_misc":{"Written by":"admin","Est. reading time":"3 minutes"},"schema":{"@context":"https:\/\/schema.org","@graph":[{"@type":"Article","@id":"https:\/\/valderrobres-candida.com\/en\/blog\/2017\/04\/26\/por-que-se-celebra-el-dia-del-trabajo-el-1-de-mayo\/#article","isPartOf":{"@id":"https:\/\/valderrobres-candida.com\/en\/blog\/2017\/04\/26\/por-que-se-celebra-el-dia-del-trabajo-el-1-de-mayo\/"},"author":{"name":"admin","@id":"http:\/\/valderrobres-candida.com\/en\/#\/schema\/person\/592724f30d9f633dc775fbe3b215b45e"},"headline":"\u00bfPor qu\u00e9 se celebra el D\u00eda del Trabajo el 1 de mayo?","datePublished":"2017-04-26T10:04:10+00:00","mainEntityOfPage":{"@id":"https:\/\/valderrobres-candida.com\/en\/blog\/2017\/04\/26\/por-que-se-celebra-el-dia-del-trabajo-el-1-de-mayo\/"},"wordCount":592,"commentCount":0,"image":{"@id":"https:\/\/valderrobres-candida.com\/en\/blog\/2017\/04\/26\/por-que-se-celebra-el-dia-del-trabajo-el-1-de-mayo\/#primaryimage"},"thumbnailUrl":"https:\/\/valderrobres-candida.com\/en\/wp-content\/uploads\/sites\/3\/original.jpg","keywords":["d\u00eda del trabajador","d\u00eda del trabajo","d\u00edadeltrabajo","fue a por trabajo","laboral day","por qu\u00e9 es el d\u00eda del trabajador","que d\u00edas de fiesta son el d\u00eda del trabajador","trabajador"],"articleSection":["Blog","Not\u00edcias"],"inLanguage":"en-US","potentialAction":[{"@type":"CommentAction","name":"Comment","target":["https:\/\/valderrobres-candida.com\/en\/blog\/2017\/04\/26\/por-que-se-celebra-el-dia-del-trabajo-el-1-de-mayo\/#respond"]}]},{"@type":"WebPage","@id":"https:\/\/valderrobres-candida.com\/en\/blog\/2017\/04\/26\/por-que-se-celebra-el-dia-del-trabajo-el-1-de-mayo\/","url":"https:\/\/valderrobres-candida.com\/en\/blog\/2017\/04\/26\/por-que-se-celebra-el-dia-del-trabajo-el-1-de-mayo\/","name":"\u00bfPor qu\u00e9 se celebra el D\u00eda del Trabajo el 1 de mayo? - Valderrobres Candida EN","isPartOf":{"@id":"http:\/\/valderrobres-candida.com\/en\/#website"},"primaryImageOfPage":{"@id":"https:\/\/valderrobres-candida.com\/en\/blog\/2017\/04\/26\/por-que-se-celebra-el-dia-del-trabajo-el-1-de-mayo\/#primaryimage"},"image":{"@id":"https:\/\/valderrobres-candida.com\/en\/blog\/2017\/04\/26\/por-que-se-celebra-el-dia-del-trabajo-el-1-de-mayo\/#primaryimage"},"thumbnailUrl":"https:\/\/valderrobres-candida.com\/en\/wp-content\/uploads\/sites\/3\/original.jpg","datePublished":"2017-04-26T10:04:10+00:00","author":{"@id":"http:\/\/valderrobres-candida.com\/en\/#\/schema\/person\/592724f30d9f633dc775fbe3b215b45e"},"breadcrumb":{"@id":"https:\/\/valderrobres-candida.com\/en\/blog\/2017\/04\/26\/por-que-se-celebra-el-dia-del-trabajo-el-1-de-mayo\/#breadcrumb"},"inLanguage":"en-US","potentialAction":[{"@type":"ReadAction","target":["https:\/\/valderrobres-candida.com\/en\/blog\/2017\/04\/26\/por-que-se-celebra-el-dia-del-trabajo-el-1-de-mayo\/"]}]},{"@type":"ImageObject","inLanguage":"en-US","@id":"https:\/\/valderrobres-candida.com\/en\/blog\/2017\/04\/26\/por-que-se-celebra-el-dia-del-trabajo-el-1-de-mayo\/#primaryimage","url":"https:\/\/valderrobres-candida.com\/en\/wp-content\/uploads\/sites\/3\/original.jpg","contentUrl":"https:\/\/valderrobres-candida.com\/en\/wp-content\/uploads\/sites\/3\/original.jpg","width":627,"height":470},{"@type":"BreadcrumbList","@id":"https:\/\/valderrobres-candida.com\/en\/blog\/2017\/04\/26\/por-que-se-celebra-el-dia-del-trabajo-el-1-de-mayo\/#breadcrumb","itemListElement":[{"@type":"ListItem","position":1,"name":"Home","item":"http:\/\/valderrobres-candida.com\/en\/"},{"@type":"ListItem","position":2,"name":"\u00bfPor qu\u00e9 se celebra el D\u00eda del Trabajo el 1 de mayo?"}]},{"@type":"WebSite","@id":"http:\/\/valderrobres-candida.com\/en\/#website","url":"http:\/\/valderrobres-candida.com\/en\/","name":"Valderrobres Candida EN","description":"","potentialAction":[{"@type":"SearchAction","target":{"@type":"EntryPoint","urlTemplate":"http:\/\/valderrobres-candida.com\/en\/?s={search_term_string}"},"query-input":{"@type":"PropertyValueSpecification","valueRequired":true,"valueName":"search_term_string"}}],"inLanguage":"en-US"},{"@type":"Person","@id":"http:\/\/valderrobres-candida.com\/en\/#\/schema\/person\/592724f30d9f633dc775fbe3b215b45e","name":"admin","image":{"@type":"ImageObject","inLanguage":"en-US","@id":"http:\/\/valderrobres-candida.com\/en\/#\/schema\/person\/image\/","url":"https:\/\/secure.gravatar.com\/avatar\/6593ee61f0881136cad83437ff20a0e7a7e66b6fb8ebe95c1f89f896a627e56a?s=96&d=mm&r=g","contentUrl":"https:\/\/secure.gravatar.com\/avatar\/6593ee61f0881136cad83437ff20a0e7a7e66b6fb8ebe95c1f89f896a627e56a?s=96&d=mm&r=g","caption":"admin"},"url":"https:\/\/valderrobres-candida.com\/en\/blog\/author\/admin\/"}]}},"_links":{"self":[{"href":"https:\/\/valderrobres-candida.com\/en\/wp-json\/wp\/v2\/posts\/1066","targetHints":{"allow":["GET"]}}],"collection":[{"href":"https:\/\/valderrobres-candida.com\/en\/wp-json\/wp\/v2\/posts"}],"about":[{"href":"https:\/\/valderrobres-candida.com\/en\/wp-json\/wp\/v2\/types\/post"}],"author":[{"embeddable":true,"href":"https:\/\/valderrobres-candida.com\/en\/wp-json\/wp\/v2\/users\/1"}],"replies":[{"embeddable":true,"href":"https:\/\/valderrobres-candida.com\/en\/wp-json\/wp\/v2\/comments?post=1066"}],"version-history":[{"count":1,"href":"https:\/\/valderrobres-candida.com\/en\/wp-json\/wp\/v2\/posts\/1066\/revisions"}],"predecessor-version":[{"id":1068,"href":"https:\/\/valderrobres-candida.com\/en\/wp-json\/wp\/v2\/posts\/1066\/revisions\/1068"}],"wp:featuredmedia":[{"embeddable":true,"href":"https:\/\/valderrobres-candida.com\/en\/wp-json\/wp\/v2\/media\/1067"}],"wp:attachment":[{"href":"https:\/\/valderrobres-candida.com\/en\/wp-json\/wp\/v2\/media?parent=1066"}],"wp:term":[{"taxonomy":"category","embeddable":true,"href":"https:\/\/valderrobres-candida.com\/en\/wp-json\/wp\/v2\/categories?post=1066"},{"taxonomy":"post_tag","embeddable":true,"href":"https:\/\/valderrobres-candida.com\/en\/wp-json\/wp\/v2\/tags?post=1066"}],"curies":[{"name":"wp","href":"https:\/\/api.w.org\/{rel}","templated":true}]}}