{"id":1069,"date":"2017-05-03T08:23:58","date_gmt":"2017-05-03T08:23:58","guid":{"rendered":"http:\/\/valderrobres-candida.com\/?p=1069"},"modified":"2017-05-03T08:23:58","modified_gmt":"2017-05-03T08:23:58","slug":"que-sabes-sobre-el-dia-de-la-madre","status":"publish","type":"post","link":"https:\/\/valderrobres-candida.com\/en\/blog\/2017\/05\/03\/que-sabes-sobre-el-dia-de-la-madre\/","title":{"rendered":"\u00bfQu\u00e9 sabes sobre el d\u00eda de la madre?"},"content":{"rendered":"<div id=\"attachment_1070\" style=\"width: 310px\" class=\"wp-caption aligncenter\"><a href=\"http:\/\/valderrobres-candida.com\/wp-content\/uploads\/D\u00cdA-DE-LA-MADRE.jpg\"><img loading=\"lazy\" decoding=\"async\" aria-describedby=\"caption-attachment-1070\" class=\"wp-image-1070 size-medium\" src=\"http:\/\/valderrobres-candida.com\/wp-content\/uploads\/D\u00cdA-DE-LA-MADRE-300x294.jpg\" alt=\"D\u00cdA DE LA MADRE\" width=\"300\" height=\"294\" srcset=\"https:\/\/valderrobres-candida.com\/en\/wp-content\/uploads\/sites\/3\/D\u00cdA-DE-LA-MADRE-300x294.jpg 300w, https:\/\/valderrobres-candida.com\/en\/wp-content\/uploads\/sites\/3\/D\u00cdA-DE-LA-MADRE-100x98.jpg 100w, https:\/\/valderrobres-candida.com\/en\/wp-content\/uploads\/sites\/3\/D\u00cdA-DE-LA-MADRE-65x65.jpg 65w, https:\/\/valderrobres-candida.com\/en\/wp-content\/uploads\/sites\/3\/D\u00cdA-DE-LA-MADRE-75x75.jpg 75w, https:\/\/valderrobres-candida.com\/en\/wp-content\/uploads\/sites\/3\/D\u00cdA-DE-LA-MADRE-60x60.jpg 60w, https:\/\/valderrobres-candida.com\/en\/wp-content\/uploads\/sites\/3\/D\u00cdA-DE-LA-MADRE.jpg 750w\" sizes=\"auto, (max-width: 300px) 100vw, 300px\" \/><\/a><p id=\"caption-attachment-1070\" class=\"wp-caption-text\">El d\u00eda de la madre se celebra en Espa\u00f1a el pr\u00f3ximo 7 de mayo<\/p><\/div>\n<p style=\"text-align: justify;\">La pregunta surge de forma habitual con la llegada del mes de <strong>mayo<\/strong>, ante el riesgo de pasar por alto una <strong>fecha <\/strong>tan se\u00f1alada. En <strong>Espa\u00f1a<\/strong>, la festividad se celebra tradicionalmente el primer domingo de mayo, que este a\u00f1o corresponde al<strong> d\u00eda 7<\/strong>.<\/p>\n<p style=\"text-align: justify;\">Sin embargo, no siempre fue as\u00ed. El D\u00eda de la Madre lleg\u00f3 a Espa\u00f1a como una tradici\u00f3n cat\u00f3lica que al principio se celebraba el mismo d\u00eda que la<strong> Inmaculada Concepci\u00f3n<\/strong>, el 8 de diciembre. No fue hasta 1965 cuando, por influencia de otros pa\u00edses (sobre todo Estados Unidos), se decidi\u00f3 separar ambas tradiciones y dejar el D\u00eda de la Madre para el mes de mayo (el mes de Mar\u00eda y de las flores).<\/p>\n<p style=\"text-align: justify;\">El origen de la celebraci\u00f3n se remonta al menos hasta la <strong>Antigua Grecia<\/strong>, donde se homenajeaba a <strong>Rea<\/strong>, madre de los Zeus, Poseid\u00f3n y Hades, entre otros dioses. La Iglesia lo adapt\u00f3 para honrar a la <strong>Virgen Mar\u00eda<\/strong>, por lo que esta fiesta se celebr\u00f3 inicialmente el 8 de diciembre en los pa\u00edses cat\u00f3licos.<\/p>\n<p style=\"text-align: justify;\">v\u00eda elperiodico.com<\/p>\n","protected":false},"excerpt":{"rendered":"<p>La pregunta surge de forma habitual con la llegada del mes de mayo, ante el riesgo de pasar por alto una fecha tan se\u00f1alada. En Espa\u00f1a, la festividad se celebra tradicionalmente el primer domingo de mayo, que este a\u00f1o corresponde al d\u00eda 7. Sin embargo, no siempre fue as\u00ed. El D\u00eda de la Madre lleg\u00f3<\/p>\n","protected":false},"author":1,"featured_media":1070,"comment_status":"open","ping_status":"open","sticky":false,"template":"","format":"standard","meta":{"footnotes":""},"categories":[150,18],"tags":[],"class_list":["post-1069","post","type-post","status-publish","format-standard","has-post-thumbnail","hentry","category-blog","category-noticias"],"yoast_head":"<!-- This site is optimized with the Yoast SEO plugin v26.7 - https:\/\/yoast.com\/wordpress\/plugins\/seo\/ -->\n<title>\u00bfQu\u00e9 sabes sobre el d\u00eda de la madre? - Valderrobres Candida EN<\/title>\n<meta name=\"robots\" content=\"index, follow, max-snippet:-1, max-image-preview:large, max-video-preview:-1\" \/>\n<link rel=\"canonical\" href=\"https:\/\/valderrobres-candida.com\/en\/blog\/2017\/05\/03\/que-sabes-sobre-el-dia-de-la-madre\/\" \/>\n<meta property=\"og:locale\" content=\"en_US\" \/>\n<meta property=\"og:type\" content=\"article\" \/>\n<meta property=\"og:title\" content=\"\u00bfQu\u00e9 sabes sobre el d\u00eda de la madre? - Valderrobres Candida EN\" \/>\n<meta property=\"og:description\" content=\"La pregunta surge de forma habitual con la llegada del mes de mayo, ante el riesgo de pasar por alto una fecha tan se\u00f1alada. En Espa\u00f1a, la festividad se celebra tradicionalmente el primer domingo de mayo, que este a\u00f1o corresponde al d\u00eda 7. Sin embargo, no siempre fue as\u00ed. El D\u00eda de la Madre lleg\u00f3\" \/>\n<meta property=\"og:url\" content=\"https:\/\/valderrobres-candida.com\/en\/blog\/2017\/05\/03\/que-sabes-sobre-el-dia-de-la-madre\/\" \/>\n<meta property=\"og:site_name\" content=\"Valderrobres Candida EN\" \/>\n<meta property=\"article:published_time\" content=\"2017-05-03T08:23:58+00:00\" \/>\n<meta property=\"og:image\" content=\"https:\/\/valderrobres-candida.com\/en\/wp-content\/uploads\/sites\/3\/D\u00cdA-DE-LA-MADRE.jpg\" \/>\n\t<meta property=\"og:image:width\" content=\"750\" \/>\n\t<meta property=\"og:image:height\" content=\"737\" \/>\n\t<meta property=\"og:image:type\" content=\"image\/jpeg\" \/>\n<meta name=\"author\" content=\"admin\" \/>\n<meta name=\"twitter:card\" content=\"summary_large_image\" \/>\n<meta name=\"twitter:label1\" content=\"Written by\" \/>\n\t<meta name=\"twitter:data1\" content=\"admin\" \/>\n\t<meta name=\"twitter:label2\" content=\"Est. reading time\" \/>\n\t<meta name=\"twitter:data2\" content=\"1 minute\" \/>\n<script type=\"application\/ld+json\" class=\"yoast-schema-graph\">{\"@context\":\"https:\/\/schema.org\",\"@graph\":[{\"@type\":\"Article\",\"@id\":\"https:\/\/valderrobres-candida.com\/en\/blog\/2017\/05\/03\/que-sabes-sobre-el-dia-de-la-madre\/#article\",\"isPartOf\":{\"@id\":\"https:\/\/valderrobres-candida.com\/en\/blog\/2017\/05\/03\/que-sabes-sobre-el-dia-de-la-madre\/\"},\"author\":{\"name\":\"admin\",\"@id\":\"http:\/\/valderrobres-candida.com\/en\/#\/schema\/person\/592724f30d9f633dc775fbe3b215b45e\"},\"headline\":\"\u00bfQu\u00e9 sabes sobre el d\u00eda de la madre?\",\"datePublished\":\"2017-05-03T08:23:58+00:00\",\"mainEntityOfPage\":{\"@id\":\"https:\/\/valderrobres-candida.com\/en\/blog\/2017\/05\/03\/que-sabes-sobre-el-dia-de-la-madre\/\"},\"wordCount\":220,\"commentCount\":0,\"image\":{\"@id\":\"https:\/\/valderrobres-candida.com\/en\/blog\/2017\/05\/03\/que-sabes-sobre-el-dia-de-la-madre\/#primaryimage\"},\"thumbnailUrl\":\"https:\/\/valderrobres-candida.com\/en\/wp-content\/uploads\/sites\/3\/D\u00cdA-DE-LA-MADRE.jpg\",\"articleSection\":[\"Blog\",\"Not\u00edcias\"],\"inLanguage\":\"en-US\",\"potentialAction\":[{\"@type\":\"CommentAction\",\"name\":\"Comment\",\"target\":[\"https:\/\/valderrobres-candida.com\/en\/blog\/2017\/05\/03\/que-sabes-sobre-el-dia-de-la-madre\/#respond\"]}]},{\"@type\":\"WebPage\",\"@id\":\"https:\/\/valderrobres-candida.com\/en\/blog\/2017\/05\/03\/que-sabes-sobre-el-dia-de-la-madre\/\",\"url\":\"https:\/\/valderrobres-candida.com\/en\/blog\/2017\/05\/03\/que-sabes-sobre-el-dia-de-la-madre\/\",\"name\":\"\u00bfQu\u00e9 sabes sobre el d\u00eda de la madre? - Valderrobres Candida EN\",\"isPartOf\":{\"@id\":\"http:\/\/valderrobres-candida.com\/en\/#website\"},\"primaryImageOfPage\":{\"@id\":\"https:\/\/valderrobres-candida.com\/en\/blog\/2017\/05\/03\/que-sabes-sobre-el-dia-de-la-madre\/#primaryimage\"},\"image\":{\"@id\":\"https:\/\/valderrobres-candida.com\/en\/blog\/2017\/05\/03\/que-sabes-sobre-el-dia-de-la-madre\/#primaryimage\"},\"thumbnailUrl\":\"https:\/\/valderrobres-candida.com\/en\/wp-content\/uploads\/sites\/3\/D\u00cdA-DE-LA-MADRE.jpg\",\"datePublished\":\"2017-05-03T08:23:58+00:00\",\"author\":{\"@id\":\"http:\/\/valderrobres-candida.com\/en\/#\/schema\/person\/592724f30d9f633dc775fbe3b215b45e\"},\"breadcrumb\":{\"@id\":\"https:\/\/valderrobres-candida.com\/en\/blog\/2017\/05\/03\/que-sabes-sobre-el-dia-de-la-madre\/#breadcrumb\"},\"inLanguage\":\"en-US\",\"potentialAction\":[{\"@type\":\"ReadAction\",\"target\":[\"https:\/\/valderrobres-candida.com\/en\/blog\/2017\/05\/03\/que-sabes-sobre-el-dia-de-la-madre\/\"]}]},{\"@type\":\"ImageObject\",\"inLanguage\":\"en-US\",\"@id\":\"https:\/\/valderrobres-candida.com\/en\/blog\/2017\/05\/03\/que-sabes-sobre-el-dia-de-la-madre\/#primaryimage\",\"url\":\"https:\/\/valderrobres-candida.com\/en\/wp-content\/uploads\/sites\/3\/D\u00cdA-DE-LA-MADRE.jpg\",\"contentUrl\":\"https:\/\/valderrobres-candida.com\/en\/wp-content\/uploads\/sites\/3\/D\u00cdA-DE-LA-MADRE.jpg\",\"width\":750,\"height\":737},{\"@type\":\"BreadcrumbList\",\"@id\":\"https:\/\/valderrobres-candida.com\/en\/blog\/2017\/05\/03\/que-sabes-sobre-el-dia-de-la-madre\/#breadcrumb\",\"itemListElement\":[{\"@type\":\"ListItem\",\"position\":1,\"name\":\"Home\",\"item\":\"http:\/\/valderrobres-candida.com\/en\/\"},{\"@type\":\"ListItem\",\"position\":2,\"name\":\"\u00bfQu\u00e9 sabes sobre el d\u00eda de la madre?\"}]},{\"@type\":\"WebSite\",\"@id\":\"http:\/\/valderrobres-candida.com\/en\/#website\",\"url\":\"http:\/\/valderrobres-candida.com\/en\/\",\"name\":\"Valderrobres Candida EN\",\"description\":\"\",\"potentialAction\":[{\"@type\":\"SearchAction\",\"target\":{\"@type\":\"EntryPoint\",\"urlTemplate\":\"http:\/\/valderrobres-candida.com\/en\/?s={search_term_string}\"},\"query-input\":{\"@type\":\"PropertyValueSpecification\",\"valueRequired\":true,\"valueName\":\"search_term_string\"}}],\"inLanguage\":\"en-US\"},{\"@type\":\"Person\",\"@id\":\"http:\/\/valderrobres-candida.com\/en\/#\/schema\/person\/592724f30d9f633dc775fbe3b215b45e\",\"name\":\"admin\",\"image\":{\"@type\":\"ImageObject\",\"inLanguage\":\"en-US\",\"@id\":\"http:\/\/valderrobres-candida.com\/en\/#\/schema\/person\/image\/\",\"url\":\"https:\/\/secure.gravatar.com\/avatar\/6593ee61f0881136cad83437ff20a0e7a7e66b6fb8ebe95c1f89f896a627e56a?s=96&d=mm&r=g\",\"contentUrl\":\"https:\/\/secure.gravatar.com\/avatar\/6593ee61f0881136cad83437ff20a0e7a7e66b6fb8ebe95c1f89f896a627e56a?s=96&d=mm&r=g\",\"caption\":\"admin\"},\"url\":\"https:\/\/valderrobres-candida.com\/en\/blog\/author\/admin\/\"}]}<\/script>\n<!-- \/ Yoast SEO plugin. -->","yoast_head_json":{"title":"\u00bfQu\u00e9 sabes sobre el d\u00eda de la madre? - Valderrobres Candida EN","robots":{"index":"index","follow":"follow","max-snippet":"max-snippet:-1","max-image-preview":"max-image-preview:large","max-video-preview":"max-video-preview:-1"},"canonical":"https:\/\/valderrobres-candida.com\/en\/blog\/2017\/05\/03\/que-sabes-sobre-el-dia-de-la-madre\/","og_locale":"en_US","og_type":"article","og_title":"\u00bfQu\u00e9 sabes sobre el d\u00eda de la madre? - Valderrobres Candida EN","og_description":"La pregunta surge de forma habitual con la llegada del mes de mayo, ante el riesgo de pasar por alto una fecha tan se\u00f1alada. En Espa\u00f1a, la festividad se celebra tradicionalmente el primer domingo de mayo, que este a\u00f1o corresponde al d\u00eda 7. Sin embargo, no siempre fue as\u00ed. El D\u00eda de la Madre lleg\u00f3","og_url":"https:\/\/valderrobres-candida.com\/en\/blog\/2017\/05\/03\/que-sabes-sobre-el-dia-de-la-madre\/","og_site_name":"Valderrobres Candida EN","article_published_time":"2017-05-03T08:23:58+00:00","og_image":[{"width":750,"height":737,"url":"https:\/\/valderrobres-candida.com\/en\/wp-content\/uploads\/sites\/3\/D\u00cdA-DE-LA-MADRE.jpg","type":"image\/jpeg"}],"author":"admin","twitter_card":"summary_large_image","twitter_misc":{"Written by":"admin","Est. reading time":"1 minute"},"schema":{"@context":"https:\/\/schema.org","@graph":[{"@type":"Article","@id":"https:\/\/valderrobres-candida.com\/en\/blog\/2017\/05\/03\/que-sabes-sobre-el-dia-de-la-madre\/#article","isPartOf":{"@id":"https:\/\/valderrobres-candida.com\/en\/blog\/2017\/05\/03\/que-sabes-sobre-el-dia-de-la-madre\/"},"author":{"name":"admin","@id":"http:\/\/valderrobres-candida.com\/en\/#\/schema\/person\/592724f30d9f633dc775fbe3b215b45e"},"headline":"\u00bfQu\u00e9 sabes sobre el d\u00eda de la madre?","datePublished":"2017-05-03T08:23:58+00:00","mainEntityOfPage":{"@id":"https:\/\/valderrobres-candida.com\/en\/blog\/2017\/05\/03\/que-sabes-sobre-el-dia-de-la-madre\/"},"wordCount":220,"commentCount":0,"image":{"@id":"https:\/\/valderrobres-candida.com\/en\/blog\/2017\/05\/03\/que-sabes-sobre-el-dia-de-la-madre\/#primaryimage"},"thumbnailUrl":"https:\/\/valderrobres-candida.com\/en\/wp-content\/uploads\/sites\/3\/D\u00cdA-DE-LA-MADRE.jpg","articleSection":["Blog","Not\u00edcias"],"inLanguage":"en-US","potentialAction":[{"@type":"CommentAction","name":"Comment","target":["https:\/\/valderrobres-candida.com\/en\/blog\/2017\/05\/03\/que-sabes-sobre-el-dia-de-la-madre\/#respond"]}]},{"@type":"WebPage","@id":"https:\/\/valderrobres-candida.com\/en\/blog\/2017\/05\/03\/que-sabes-sobre-el-dia-de-la-madre\/","url":"https:\/\/valderrobres-candida.com\/en\/blog\/2017\/05\/03\/que-sabes-sobre-el-dia-de-la-madre\/","name":"\u00bfQu\u00e9 sabes sobre el d\u00eda de la madre? - Valderrobres Candida EN","isPartOf":{"@id":"http:\/\/valderrobres-candida.com\/en\/#website"},"primaryImageOfPage":{"@id":"https:\/\/valderrobres-candida.com\/en\/blog\/2017\/05\/03\/que-sabes-sobre-el-dia-de-la-madre\/#primaryimage"},"image":{"@id":"https:\/\/valderrobres-candida.com\/en\/blog\/2017\/05\/03\/que-sabes-sobre-el-dia-de-la-madre\/#primaryimage"},"thumbnailUrl":"https:\/\/valderrobres-candida.com\/en\/wp-content\/uploads\/sites\/3\/D\u00cdA-DE-LA-MADRE.jpg","datePublished":"2017-05-03T08:23:58+00:00","author":{"@id":"http:\/\/valderrobres-candida.com\/en\/#\/schema\/person\/592724f30d9f633dc775fbe3b215b45e"},"breadcrumb":{"@id":"https:\/\/valderrobres-candida.com\/en\/blog\/2017\/05\/03\/que-sabes-sobre-el-dia-de-la-madre\/#breadcrumb"},"inLanguage":"en-US","potentialAction":[{"@type":"ReadAction","target":["https:\/\/valderrobres-candida.com\/en\/blog\/2017\/05\/03\/que-sabes-sobre-el-dia-de-la-madre\/"]}]},{"@type":"ImageObject","inLanguage":"en-US","@id":"https:\/\/valderrobres-candida.com\/en\/blog\/2017\/05\/03\/que-sabes-sobre-el-dia-de-la-madre\/#primaryimage","url":"https:\/\/valderrobres-candida.com\/en\/wp-content\/uploads\/sites\/3\/D\u00cdA-DE-LA-MADRE.jpg","contentUrl":"https:\/\/valderrobres-candida.com\/en\/wp-content\/uploads\/sites\/3\/D\u00cdA-DE-LA-MADRE.jpg","width":750,"height":737},{"@type":"BreadcrumbList","@id":"https:\/\/valderrobres-candida.com\/en\/blog\/2017\/05\/03\/que-sabes-sobre-el-dia-de-la-madre\/#breadcrumb","itemListElement":[{"@type":"ListItem","position":1,"name":"Home","item":"http:\/\/valderrobres-candida.com\/en\/"},{"@type":"ListItem","position":2,"name":"\u00bfQu\u00e9 sabes sobre el d\u00eda de la madre?"}]},{"@type":"WebSite","@id":"http:\/\/valderrobres-candida.com\/en\/#website","url":"http:\/\/valderrobres-candida.com\/en\/","name":"Valderrobres Candida EN","description":"","potentialAction":[{"@type":"SearchAction","target":{"@type":"EntryPoint","urlTemplate":"http:\/\/valderrobres-candida.com\/en\/?s={search_term_string}"},"query-input":{"@type":"PropertyValueSpecification","valueRequired":true,"valueName":"search_term_string"}}],"inLanguage":"en-US"},{"@type":"Person","@id":"http:\/\/valderrobres-candida.com\/en\/#\/schema\/person\/592724f30d9f633dc775fbe3b215b45e","name":"admin","image":{"@type":"ImageObject","inLanguage":"en-US","@id":"http:\/\/valderrobres-candida.com\/en\/#\/schema\/person\/image\/","url":"https:\/\/secure.gravatar.com\/avatar\/6593ee61f0881136cad83437ff20a0e7a7e66b6fb8ebe95c1f89f896a627e56a?s=96&d=mm&r=g","contentUrl":"https:\/\/secure.gravatar.com\/avatar\/6593ee61f0881136cad83437ff20a0e7a7e66b6fb8ebe95c1f89f896a627e56a?s=96&d=mm&r=g","caption":"admin"},"url":"https:\/\/valderrobres-candida.com\/en\/blog\/author\/admin\/"}]}},"_links":{"self":[{"href":"https:\/\/valderrobres-candida.com\/en\/wp-json\/wp\/v2\/posts\/1069","targetHints":{"allow":["GET"]}}],"collection":[{"href":"https:\/\/valderrobres-candida.com\/en\/wp-json\/wp\/v2\/posts"}],"about":[{"href":"https:\/\/valderrobres-candida.com\/en\/wp-json\/wp\/v2\/types\/post"}],"author":[{"embeddable":true,"href":"https:\/\/valderrobres-candida.com\/en\/wp-json\/wp\/v2\/users\/1"}],"replies":[{"embeddable":true,"href":"https:\/\/valderrobres-candida.com\/en\/wp-json\/wp\/v2\/comments?post=1069"}],"version-history":[{"count":1,"href":"https:\/\/valderrobres-candida.com\/en\/wp-json\/wp\/v2\/posts\/1069\/revisions"}],"predecessor-version":[{"id":1071,"href":"https:\/\/valderrobres-candida.com\/en\/wp-json\/wp\/v2\/posts\/1069\/revisions\/1071"}],"wp:featuredmedia":[{"embeddable":true,"href":"https:\/\/valderrobres-candida.com\/en\/wp-json\/wp\/v2\/media\/1070"}],"wp:attachment":[{"href":"https:\/\/valderrobres-candida.com\/en\/wp-json\/wp\/v2\/media?parent=1069"}],"wp:term":[{"taxonomy":"category","embeddable":true,"href":"https:\/\/valderrobres-candida.com\/en\/wp-json\/wp\/v2\/categories?post=1069"},{"taxonomy":"post_tag","embeddable":true,"href":"https:\/\/valderrobres-candida.com\/en\/wp-json\/wp\/v2\/tags?post=1069"}],"curies":[{"name":"wp","href":"https:\/\/api.w.org\/{rel}","templated":true}]}}