{"id":1081,"date":"2017-07-12T08:04:01","date_gmt":"2017-07-12T08:04:01","guid":{"rendered":"http:\/\/valderrobres-candida.com\/?p=1081"},"modified":"2017-07-12T08:04:01","modified_gmt":"2017-07-12T08:04:01","slug":"notepuedesperder-la-ermita-de-los-santos","status":"publish","type":"post","link":"https:\/\/valderrobres-candida.com\/en\/blog\/2017\/07\/12\/notepuedesperder-la-ermita-de-los-santos\/","title":{"rendered":"#NoTePuedesPerder: la Ermita de los Santos"},"content":{"rendered":"<div id=\"attachment_1082\" style=\"width: 310px\" class=\"wp-caption aligncenter\"><a href=\"http:\/\/valderrobres-candida.com\/wp-content\/uploads\/media-puntos-3-2-d1-32d1b1ed039faabf1065005b0e81699e.png\"><img loading=\"lazy\" decoding=\"async\" aria-describedby=\"caption-attachment-1082\" class=\"wp-image-1082 size-medium\" src=\"http:\/\/valderrobres-candida.com\/wp-content\/uploads\/media-puntos-3-2-d1-32d1b1ed039faabf1065005b0e81699e-300x154.png\" alt=\"media-puntos-3-2-d1-32d1b1ed039faabf1065005b0e81699e\" width=\"300\" height=\"154\" srcset=\"https:\/\/valderrobres-candida.com\/en\/wp-content\/uploads\/sites\/3\/media-puntos-3-2-d1-32d1b1ed039faabf1065005b0e81699e-300x154.png 300w, https:\/\/valderrobres-candida.com\/en\/wp-content\/uploads\/sites\/3\/media-puntos-3-2-d1-32d1b1ed039faabf1065005b0e81699e-100x51.png 100w, https:\/\/valderrobres-candida.com\/en\/wp-content\/uploads\/sites\/3\/media-puntos-3-2-d1-32d1b1ed039faabf1065005b0e81699e.png 750w\" sizes=\"auto, (max-width: 300px) 100vw, 300px\" \/><\/a><p id=\"caption-attachment-1082\" class=\"wp-caption-text\">La Ermita de los Santos<\/p><\/div>\n<p>Es dif\u00edcil decir con precisi\u00f3n la fecha en que se levant\u00f3 esta ermita en honor a San Abd\u00f3n y San Sen\u00e9n, aunque la mayor\u00eda de las informaciones disponibles apuntan a una fecha en torno a <strong>1420<\/strong>.<\/p>\n<p><strong>Arquitect\u00f3nicamente<\/strong> es dif\u00edcil situarla en un estilo concreto,\u00a0 m\u00e1s aun si tenemos en cuenta que a lo largo de su historia ha sufrido numerosos hundimientos y consecuentemente numerosas reconstrucciones como la de 1685, a\u00f1o que aparece grabado en la fachada, y en el que muy probablemente se a\u00f1adi\u00f3 al templo la casa adosada que habitaba el ermita\u00f1o.<br \/>\nDicho ermita\u00f1o no solo era el encargado de cuidar la ermita sino tambi\u00e9n de ense\u00f1ar letras a los j\u00f3venes habitantes de las mas\u00edas de alrededor y tocar la campana en caso de tormenta o simplemente para se\u00f1alar las horas, tradici\u00f3n que se mantuvo hasta los a\u00f1os 30 del siglo veinte.<br \/>\nActualmente, el d\u00eda grande de la ermita es el 19 de Agosto, cuando los habitantes de Valderrobres acuden hasta all\u00ed en romer\u00eda para celebrar una comida campestre y participar en juegos de tradici\u00f3n popular muy arraigada.<\/p>\n<p>&nbsp;<\/p>\n<p><em>v\u00eda <strong>lospueblosmasbonitosdeespa\u00f1a.org<\/strong><\/em><\/p>\n","protected":false},"excerpt":{"rendered":"<p>Es dif\u00edcil decir con precisi\u00f3n la fecha en que se levant\u00f3 esta ermita en honor a San Abd\u00f3n y San Sen\u00e9n, aunque la mayor\u00eda de las informaciones disponibles apuntan a una fecha en torno a 1420. Arquitect\u00f3nicamente es dif\u00edcil situarla en un estilo concreto,\u00a0 m\u00e1s aun si tenemos en cuenta que a lo largo de<\/p>\n","protected":false},"author":1,"featured_media":0,"comment_status":"open","ping_status":"open","sticky":false,"template":"","format":"standard","meta":{"footnotes":""},"categories":[150,18],"tags":[],"class_list":["post-1081","post","type-post","status-publish","format-standard","hentry","category-blog","category-noticias"],"yoast_head":"<!-- This site is optimized with the Yoast SEO plugin v26.7 - https:\/\/yoast.com\/wordpress\/plugins\/seo\/ -->\n<title>#NoTePuedesPerder: la Ermita de los Santos - Valderrobres Candida EN<\/title>\n<meta name=\"robots\" content=\"index, follow, max-snippet:-1, max-image-preview:large, max-video-preview:-1\" \/>\n<link rel=\"canonical\" href=\"https:\/\/valderrobres-candida.com\/en\/blog\/2017\/07\/12\/notepuedesperder-la-ermita-de-los-santos\/\" \/>\n<meta property=\"og:locale\" content=\"en_US\" \/>\n<meta property=\"og:type\" content=\"article\" \/>\n<meta property=\"og:title\" content=\"#NoTePuedesPerder: la Ermita de los Santos - Valderrobres Candida EN\" \/>\n<meta property=\"og:description\" content=\"Es dif\u00edcil decir con precisi\u00f3n la fecha en que se levant\u00f3 esta ermita en honor a San Abd\u00f3n y San Sen\u00e9n, aunque la mayor\u00eda de las informaciones disponibles apuntan a una fecha en torno a 1420. Arquitect\u00f3nicamente es dif\u00edcil situarla en un estilo concreto,\u00a0 m\u00e1s aun si tenemos en cuenta que a lo largo de\" \/>\n<meta property=\"og:url\" content=\"https:\/\/valderrobres-candida.com\/en\/blog\/2017\/07\/12\/notepuedesperder-la-ermita-de-los-santos\/\" \/>\n<meta property=\"og:site_name\" content=\"Valderrobres Candida EN\" \/>\n<meta property=\"article:published_time\" content=\"2017-07-12T08:04:01+00:00\" \/>\n<meta property=\"og:image\" content=\"http:\/\/valderrobres-candida.com\/wp-content\/uploads\/media-puntos-3-2-d1-32d1b1ed039faabf1065005b0e81699e-300x154.png\" \/>\n<meta name=\"author\" content=\"admin\" \/>\n<meta name=\"twitter:card\" content=\"summary_large_image\" \/>\n<meta name=\"twitter:label1\" content=\"Written by\" \/>\n\t<meta name=\"twitter:data1\" content=\"admin\" \/>\n\t<meta name=\"twitter:label2\" content=\"Est. reading time\" \/>\n\t<meta name=\"twitter:data2\" content=\"1 minute\" \/>\n<script type=\"application\/ld+json\" class=\"yoast-schema-graph\">{\"@context\":\"https:\/\/schema.org\",\"@graph\":[{\"@type\":\"Article\",\"@id\":\"https:\/\/valderrobres-candida.com\/en\/blog\/2017\/07\/12\/notepuedesperder-la-ermita-de-los-santos\/#article\",\"isPartOf\":{\"@id\":\"https:\/\/valderrobres-candida.com\/en\/blog\/2017\/07\/12\/notepuedesperder-la-ermita-de-los-santos\/\"},\"author\":{\"name\":\"admin\",\"@id\":\"http:\/\/valderrobres-candida.com\/en\/#\/schema\/person\/592724f30d9f633dc775fbe3b215b45e\"},\"headline\":\"#NoTePuedesPerder: la Ermita de los Santos\",\"datePublished\":\"2017-07-12T08:04:01+00:00\",\"mainEntityOfPage\":{\"@id\":\"https:\/\/valderrobres-candida.com\/en\/blog\/2017\/07\/12\/notepuedesperder-la-ermita-de-los-santos\/\"},\"wordCount\":221,\"commentCount\":0,\"image\":{\"@id\":\"https:\/\/valderrobres-candida.com\/en\/blog\/2017\/07\/12\/notepuedesperder-la-ermita-de-los-santos\/#primaryimage\"},\"thumbnailUrl\":\"http:\/\/valderrobres-candida.com\/wp-content\/uploads\/media-puntos-3-2-d1-32d1b1ed039faabf1065005b0e81699e-300x154.png\",\"articleSection\":[\"Blog\",\"Not\u00edcias\"],\"inLanguage\":\"en-US\",\"potentialAction\":[{\"@type\":\"CommentAction\",\"name\":\"Comment\",\"target\":[\"https:\/\/valderrobres-candida.com\/en\/blog\/2017\/07\/12\/notepuedesperder-la-ermita-de-los-santos\/#respond\"]}]},{\"@type\":\"WebPage\",\"@id\":\"https:\/\/valderrobres-candida.com\/en\/blog\/2017\/07\/12\/notepuedesperder-la-ermita-de-los-santos\/\",\"url\":\"https:\/\/valderrobres-candida.com\/en\/blog\/2017\/07\/12\/notepuedesperder-la-ermita-de-los-santos\/\",\"name\":\"#NoTePuedesPerder: la Ermita de los Santos - Valderrobres Candida EN\",\"isPartOf\":{\"@id\":\"http:\/\/valderrobres-candida.com\/en\/#website\"},\"primaryImageOfPage\":{\"@id\":\"https:\/\/valderrobres-candida.com\/en\/blog\/2017\/07\/12\/notepuedesperder-la-ermita-de-los-santos\/#primaryimage\"},\"image\":{\"@id\":\"https:\/\/valderrobres-candida.com\/en\/blog\/2017\/07\/12\/notepuedesperder-la-ermita-de-los-santos\/#primaryimage\"},\"thumbnailUrl\":\"http:\/\/valderrobres-candida.com\/wp-content\/uploads\/media-puntos-3-2-d1-32d1b1ed039faabf1065005b0e81699e-300x154.png\",\"datePublished\":\"2017-07-12T08:04:01+00:00\",\"author\":{\"@id\":\"http:\/\/valderrobres-candida.com\/en\/#\/schema\/person\/592724f30d9f633dc775fbe3b215b45e\"},\"breadcrumb\":{\"@id\":\"https:\/\/valderrobres-candida.com\/en\/blog\/2017\/07\/12\/notepuedesperder-la-ermita-de-los-santos\/#breadcrumb\"},\"inLanguage\":\"en-US\",\"potentialAction\":[{\"@type\":\"ReadAction\",\"target\":[\"https:\/\/valderrobres-candida.com\/en\/blog\/2017\/07\/12\/notepuedesperder-la-ermita-de-los-santos\/\"]}]},{\"@type\":\"ImageObject\",\"inLanguage\":\"en-US\",\"@id\":\"https:\/\/valderrobres-candida.com\/en\/blog\/2017\/07\/12\/notepuedesperder-la-ermita-de-los-santos\/#primaryimage\",\"url\":\"http:\/\/valderrobres-candida.com\/wp-content\/uploads\/media-puntos-3-2-d1-32d1b1ed039faabf1065005b0e81699e-300x154.png\",\"contentUrl\":\"http:\/\/valderrobres-candida.com\/wp-content\/uploads\/media-puntos-3-2-d1-32d1b1ed039faabf1065005b0e81699e-300x154.png\"},{\"@type\":\"BreadcrumbList\",\"@id\":\"https:\/\/valderrobres-candida.com\/en\/blog\/2017\/07\/12\/notepuedesperder-la-ermita-de-los-santos\/#breadcrumb\",\"itemListElement\":[{\"@type\":\"ListItem\",\"position\":1,\"name\":\"Home\",\"item\":\"http:\/\/valderrobres-candida.com\/en\/\"},{\"@type\":\"ListItem\",\"position\":2,\"name\":\"#NoTePuedesPerder: la Ermita de los Santos\"}]},{\"@type\":\"WebSite\",\"@id\":\"http:\/\/valderrobres-candida.com\/en\/#website\",\"url\":\"http:\/\/valderrobres-candida.com\/en\/\",\"name\":\"Valderrobres Candida EN\",\"description\":\"\",\"potentialAction\":[{\"@type\":\"SearchAction\",\"target\":{\"@type\":\"EntryPoint\",\"urlTemplate\":\"http:\/\/valderrobres-candida.com\/en\/?s={search_term_string}\"},\"query-input\":{\"@type\":\"PropertyValueSpecification\",\"valueRequired\":true,\"valueName\":\"search_term_string\"}}],\"inLanguage\":\"en-US\"},{\"@type\":\"Person\",\"@id\":\"http:\/\/valderrobres-candida.com\/en\/#\/schema\/person\/592724f30d9f633dc775fbe3b215b45e\",\"name\":\"admin\",\"image\":{\"@type\":\"ImageObject\",\"inLanguage\":\"en-US\",\"@id\":\"http:\/\/valderrobres-candida.com\/en\/#\/schema\/person\/image\/\",\"url\":\"https:\/\/secure.gravatar.com\/avatar\/6593ee61f0881136cad83437ff20a0e7a7e66b6fb8ebe95c1f89f896a627e56a?s=96&d=mm&r=g\",\"contentUrl\":\"https:\/\/secure.gravatar.com\/avatar\/6593ee61f0881136cad83437ff20a0e7a7e66b6fb8ebe95c1f89f896a627e56a?s=96&d=mm&r=g\",\"caption\":\"admin\"},\"url\":\"https:\/\/valderrobres-candida.com\/en\/blog\/author\/admin\/\"}]}<\/script>\n<!-- \/ Yoast SEO plugin. -->","yoast_head_json":{"title":"#NoTePuedesPerder: la Ermita de los Santos - Valderrobres Candida EN","robots":{"index":"index","follow":"follow","max-snippet":"max-snippet:-1","max-image-preview":"max-image-preview:large","max-video-preview":"max-video-preview:-1"},"canonical":"https:\/\/valderrobres-candida.com\/en\/blog\/2017\/07\/12\/notepuedesperder-la-ermita-de-los-santos\/","og_locale":"en_US","og_type":"article","og_title":"#NoTePuedesPerder: la Ermita de los Santos - Valderrobres Candida EN","og_description":"Es dif\u00edcil decir con precisi\u00f3n la fecha en que se levant\u00f3 esta ermita en honor a San Abd\u00f3n y San Sen\u00e9n, aunque la mayor\u00eda de las informaciones disponibles apuntan a una fecha en torno a 1420. Arquitect\u00f3nicamente es dif\u00edcil situarla en un estilo concreto,\u00a0 m\u00e1s aun si tenemos en cuenta que a lo largo de","og_url":"https:\/\/valderrobres-candida.com\/en\/blog\/2017\/07\/12\/notepuedesperder-la-ermita-de-los-santos\/","og_site_name":"Valderrobres Candida EN","article_published_time":"2017-07-12T08:04:01+00:00","og_image":[{"url":"http:\/\/valderrobres-candida.com\/wp-content\/uploads\/media-puntos-3-2-d1-32d1b1ed039faabf1065005b0e81699e-300x154.png","type":"","width":"","height":""}],"author":"admin","twitter_card":"summary_large_image","twitter_misc":{"Written by":"admin","Est. reading time":"1 minute"},"schema":{"@context":"https:\/\/schema.org","@graph":[{"@type":"Article","@id":"https:\/\/valderrobres-candida.com\/en\/blog\/2017\/07\/12\/notepuedesperder-la-ermita-de-los-santos\/#article","isPartOf":{"@id":"https:\/\/valderrobres-candida.com\/en\/blog\/2017\/07\/12\/notepuedesperder-la-ermita-de-los-santos\/"},"author":{"name":"admin","@id":"http:\/\/valderrobres-candida.com\/en\/#\/schema\/person\/592724f30d9f633dc775fbe3b215b45e"},"headline":"#NoTePuedesPerder: la Ermita de los Santos","datePublished":"2017-07-12T08:04:01+00:00","mainEntityOfPage":{"@id":"https:\/\/valderrobres-candida.com\/en\/blog\/2017\/07\/12\/notepuedesperder-la-ermita-de-los-santos\/"},"wordCount":221,"commentCount":0,"image":{"@id":"https:\/\/valderrobres-candida.com\/en\/blog\/2017\/07\/12\/notepuedesperder-la-ermita-de-los-santos\/#primaryimage"},"thumbnailUrl":"http:\/\/valderrobres-candida.com\/wp-content\/uploads\/media-puntos-3-2-d1-32d1b1ed039faabf1065005b0e81699e-300x154.png","articleSection":["Blog","Not\u00edcias"],"inLanguage":"en-US","potentialAction":[{"@type":"CommentAction","name":"Comment","target":["https:\/\/valderrobres-candida.com\/en\/blog\/2017\/07\/12\/notepuedesperder-la-ermita-de-los-santos\/#respond"]}]},{"@type":"WebPage","@id":"https:\/\/valderrobres-candida.com\/en\/blog\/2017\/07\/12\/notepuedesperder-la-ermita-de-los-santos\/","url":"https:\/\/valderrobres-candida.com\/en\/blog\/2017\/07\/12\/notepuedesperder-la-ermita-de-los-santos\/","name":"#NoTePuedesPerder: la Ermita de los Santos - Valderrobres Candida EN","isPartOf":{"@id":"http:\/\/valderrobres-candida.com\/en\/#website"},"primaryImageOfPage":{"@id":"https:\/\/valderrobres-candida.com\/en\/blog\/2017\/07\/12\/notepuedesperder-la-ermita-de-los-santos\/#primaryimage"},"image":{"@id":"https:\/\/valderrobres-candida.com\/en\/blog\/2017\/07\/12\/notepuedesperder-la-ermita-de-los-santos\/#primaryimage"},"thumbnailUrl":"http:\/\/valderrobres-candida.com\/wp-content\/uploads\/media-puntos-3-2-d1-32d1b1ed039faabf1065005b0e81699e-300x154.png","datePublished":"2017-07-12T08:04:01+00:00","author":{"@id":"http:\/\/valderrobres-candida.com\/en\/#\/schema\/person\/592724f30d9f633dc775fbe3b215b45e"},"breadcrumb":{"@id":"https:\/\/valderrobres-candida.com\/en\/blog\/2017\/07\/12\/notepuedesperder-la-ermita-de-los-santos\/#breadcrumb"},"inLanguage":"en-US","potentialAction":[{"@type":"ReadAction","target":["https:\/\/valderrobres-candida.com\/en\/blog\/2017\/07\/12\/notepuedesperder-la-ermita-de-los-santos\/"]}]},{"@type":"ImageObject","inLanguage":"en-US","@id":"https:\/\/valderrobres-candida.com\/en\/blog\/2017\/07\/12\/notepuedesperder-la-ermita-de-los-santos\/#primaryimage","url":"http:\/\/valderrobres-candida.com\/wp-content\/uploads\/media-puntos-3-2-d1-32d1b1ed039faabf1065005b0e81699e-300x154.png","contentUrl":"http:\/\/valderrobres-candida.com\/wp-content\/uploads\/media-puntos-3-2-d1-32d1b1ed039faabf1065005b0e81699e-300x154.png"},{"@type":"BreadcrumbList","@id":"https:\/\/valderrobres-candida.com\/en\/blog\/2017\/07\/12\/notepuedesperder-la-ermita-de-los-santos\/#breadcrumb","itemListElement":[{"@type":"ListItem","position":1,"name":"Home","item":"http:\/\/valderrobres-candida.com\/en\/"},{"@type":"ListItem","position":2,"name":"#NoTePuedesPerder: la Ermita de los Santos"}]},{"@type":"WebSite","@id":"http:\/\/valderrobres-candida.com\/en\/#website","url":"http:\/\/valderrobres-candida.com\/en\/","name":"Valderrobres Candida EN","description":"","potentialAction":[{"@type":"SearchAction","target":{"@type":"EntryPoint","urlTemplate":"http:\/\/valderrobres-candida.com\/en\/?s={search_term_string}"},"query-input":{"@type":"PropertyValueSpecification","valueRequired":true,"valueName":"search_term_string"}}],"inLanguage":"en-US"},{"@type":"Person","@id":"http:\/\/valderrobres-candida.com\/en\/#\/schema\/person\/592724f30d9f633dc775fbe3b215b45e","name":"admin","image":{"@type":"ImageObject","inLanguage":"en-US","@id":"http:\/\/valderrobres-candida.com\/en\/#\/schema\/person\/image\/","url":"https:\/\/secure.gravatar.com\/avatar\/6593ee61f0881136cad83437ff20a0e7a7e66b6fb8ebe95c1f89f896a627e56a?s=96&d=mm&r=g","contentUrl":"https:\/\/secure.gravatar.com\/avatar\/6593ee61f0881136cad83437ff20a0e7a7e66b6fb8ebe95c1f89f896a627e56a?s=96&d=mm&r=g","caption":"admin"},"url":"https:\/\/valderrobres-candida.com\/en\/blog\/author\/admin\/"}]}},"_links":{"self":[{"href":"https:\/\/valderrobres-candida.com\/en\/wp-json\/wp\/v2\/posts\/1081","targetHints":{"allow":["GET"]}}],"collection":[{"href":"https:\/\/valderrobres-candida.com\/en\/wp-json\/wp\/v2\/posts"}],"about":[{"href":"https:\/\/valderrobres-candida.com\/en\/wp-json\/wp\/v2\/types\/post"}],"author":[{"embeddable":true,"href":"https:\/\/valderrobres-candida.com\/en\/wp-json\/wp\/v2\/users\/1"}],"replies":[{"embeddable":true,"href":"https:\/\/valderrobres-candida.com\/en\/wp-json\/wp\/v2\/comments?post=1081"}],"version-history":[{"count":2,"href":"https:\/\/valderrobres-candida.com\/en\/wp-json\/wp\/v2\/posts\/1081\/revisions"}],"predecessor-version":[{"id":1084,"href":"https:\/\/valderrobres-candida.com\/en\/wp-json\/wp\/v2\/posts\/1081\/revisions\/1084"}],"wp:attachment":[{"href":"https:\/\/valderrobres-candida.com\/en\/wp-json\/wp\/v2\/media?parent=1081"}],"wp:term":[{"taxonomy":"category","embeddable":true,"href":"https:\/\/valderrobres-candida.com\/en\/wp-json\/wp\/v2\/categories?post=1081"},{"taxonomy":"post_tag","embeddable":true,"href":"https:\/\/valderrobres-candida.com\/en\/wp-json\/wp\/v2\/tags?post=1081"}],"curies":[{"name":"wp","href":"https:\/\/api.w.org\/{rel}","templated":true}]}}