{"id":1106,"date":"2017-09-07T09:05:44","date_gmt":"2017-09-07T09:05:44","guid":{"rendered":"http:\/\/valderrobres-candida.com\/?p=1106"},"modified":"2017-09-07T09:05:44","modified_gmt":"2017-09-07T09:05:44","slug":"notepuedesperder-la-ruta-por-el-parrizal","status":"publish","type":"post","link":"https:\/\/valderrobres-candida.com\/en\/blog\/2017\/09\/07\/notepuedesperder-la-ruta-por-el-parrizal\/","title":{"rendered":"#NoTePuedesPerder: La ruta por el Parrizal"},"content":{"rendered":"<div id=\"attachment_1108\" style=\"width: 310px\" class=\"wp-caption aligncenter\"><a href=\"http:\/\/valderrobres-candida.com\/wp-content\/uploads\/IMG_8057.jpg\"><img loading=\"lazy\" decoding=\"async\" aria-describedby=\"caption-attachment-1108\" class=\"wp-image-1108 size-medium\" src=\"http:\/\/valderrobres-candida.com\/wp-content\/uploads\/IMG_8057-300x225.jpg\" alt=\"IMG_8057\" width=\"300\" height=\"225\" srcset=\"https:\/\/valderrobres-candida.com\/en\/wp-content\/uploads\/sites\/3\/IMG_8057-300x225.jpg 300w, https:\/\/valderrobres-candida.com\/en\/wp-content\/uploads\/sites\/3\/IMG_8057-1024x768.jpg 1024w, https:\/\/valderrobres-candida.com\/en\/wp-content\/uploads\/sites\/3\/IMG_8057-100x75.jpg 100w\" sizes=\"auto, (max-width: 300px) 100vw, 300px\" \/><\/a><p id=\"caption-attachment-1108\" class=\"wp-caption-text\">Imagen de la ruta por El Parrizal<\/p><\/div>\n<p><strong>Duraci\u00f3n<\/strong>: 1 hora y media (m\u00e1s retorno).<br \/>\n<strong>\u00c9poca recomendada<\/strong>: cualquier \u00e9poca menos el invierno, en el que puede haber hielo. Evitar los momentos con riesgo de crecidas.<br \/>\n<strong>Dificultad<\/strong>: el recorrido desde el Pla de la Mina hasta los Estrechos no comporta especiales dificultades. Existen diversas pasarelas que evitan entrar en las pozas. No obstante hay que ir bien calzado, ya que alguna roca puede estar mojada.<\/p>\n<hr \/>\n<p>Desde Beceite tomar la pista en direcci\u00f3n al Parrizal. Son seis kil\u00f3metros hasta alcanzar el Pla de la Mina, donde hay fuente y merenderos.<\/p>\n<p>Recorrido andando: Iniciamos la excursi\u00f3n junto a una primera poza de color verde azulado, con una pasarela a la izquierda (derecha orogr\u00e1fica). Inmediatamente aparece una segunda poza, tambi\u00e9n con pasarela, que da acceso a un peque\u00f1o caos de bloques que obstruye el curso del r\u00edo. El itinerario supera el obst\u00e1culo por la izquierda (precauci\u00f3n si est\u00e1 mojado).<\/p>\n<p>El valle gira hacia la derecha y se abre. Existe un camino muy bien marcado que pasa junto a una casa en ruinas, en la margen derecha del r\u00edo. Al final de este tramo abierto giraremos a la izquierda y entraremos de nuevo en una zona cada vez m\u00e1s enca\u00f1onada. Varias pozas anuncian la llegada de la \u201cbadina negra\u201d. Un pasarela con sirga permite cruzarla por la derecha.<\/p>\n<p>La garganta toma direcci\u00f3n oeste-este, y las paredes del ca\u00f1\u00f3n van adquiriendo cada vez m\u00e1s altura y verticalidad, form\u00e1ndose a veces espectaculares agujas. Son las famosas Gubies.<\/p>\n<p>El r\u00edo desaparece ahora bajo un gran caos de bloques que obligan al excursionista a tomar alguna precauci\u00f3n. La senda transita pegada a la pared norte. Superado el caos se accede a un espectacular bosque de quejigos de gran tama\u00f1o, con troncos negros y nudosos. El camino es ahora muy agradable.<\/p>\n<p>Las paredes que conforman el ca\u00f1\u00f3n terminan por aproximarse notablemente, dejando apenas una grieta de unos 20 metros de ancha y m\u00e1s de 100 de alta: los Estrechos del Parrizal. El r\u00edo crea una gran badina que pondr\u00e1 fin a nuestra incursi\u00f3n por el r\u00edo Matarra\u00f1a.<\/p>\n<p>El tramo conocido como el Parrizal o Parrisal de Beceite, en la cabecera del r\u00edo Matarra\u00f1a, es un t\u00edpico desfiladero calc\u00e1reo en el m\u00e1s puro ambiente mediterr\u00e1neo: agujas calc\u00e1reas, aguas transparentes y bosques aut\u00f3ctonos. Es actualmente uno de los escasos refugios para el cangrejo aut\u00f3ctono.<\/p>\n<p>v\u00eda RedAragon<\/p>\n","protected":false},"excerpt":{"rendered":"<p>Duraci\u00f3n: 1 hora y media (m\u00e1s retorno). \u00c9poca recomendada: cualquier \u00e9poca menos el invierno, en el que puede haber hielo. Evitar los momentos con riesgo de crecidas. Dificultad: el recorrido desde el Pla de la Mina hasta los Estrechos no comporta especiales dificultades. Existen diversas pasarelas que evitan entrar en las pozas. No obstante hay<\/p>\n","protected":false},"author":1,"featured_media":0,"comment_status":"open","ping_status":"open","sticky":false,"template":"","format":"standard","meta":{"footnotes":""},"categories":[150,18],"tags":[],"class_list":["post-1106","post","type-post","status-publish","format-standard","hentry","category-blog","category-noticias"],"yoast_head":"<!-- This site is optimized with the Yoast SEO plugin v26.7 - https:\/\/yoast.com\/wordpress\/plugins\/seo\/ -->\n<title>#NoTePuedesPerder: La ruta por el Parrizal - Valderrobres Candida EN<\/title>\n<meta name=\"robots\" content=\"index, follow, max-snippet:-1, max-image-preview:large, max-video-preview:-1\" \/>\n<link rel=\"canonical\" href=\"https:\/\/valderrobres-candida.com\/en\/blog\/2017\/09\/07\/notepuedesperder-la-ruta-por-el-parrizal\/\" \/>\n<meta property=\"og:locale\" content=\"en_US\" \/>\n<meta property=\"og:type\" content=\"article\" \/>\n<meta property=\"og:title\" content=\"#NoTePuedesPerder: La ruta por el Parrizal - Valderrobres Candida EN\" \/>\n<meta property=\"og:description\" content=\"Duraci\u00f3n: 1 hora y media (m\u00e1s retorno). \u00c9poca recomendada: cualquier \u00e9poca menos el invierno, en el que puede haber hielo. Evitar los momentos con riesgo de crecidas. Dificultad: el recorrido desde el Pla de la Mina hasta los Estrechos no comporta especiales dificultades. Existen diversas pasarelas que evitan entrar en las pozas. No obstante hay\" \/>\n<meta property=\"og:url\" content=\"https:\/\/valderrobres-candida.com\/en\/blog\/2017\/09\/07\/notepuedesperder-la-ruta-por-el-parrizal\/\" \/>\n<meta property=\"og:site_name\" content=\"Valderrobres Candida EN\" \/>\n<meta property=\"article:published_time\" content=\"2017-09-07T09:05:44+00:00\" \/>\n<meta property=\"og:image\" content=\"http:\/\/valderrobres-candida.com\/wp-content\/uploads\/IMG_8057-300x225.jpg\" \/>\n<meta name=\"author\" content=\"admin\" \/>\n<meta name=\"twitter:card\" content=\"summary_large_image\" \/>\n<meta name=\"twitter:label1\" content=\"Written by\" \/>\n\t<meta name=\"twitter:data1\" content=\"admin\" \/>\n\t<meta name=\"twitter:label2\" content=\"Est. reading time\" \/>\n\t<meta name=\"twitter:data2\" content=\"2 minutes\" \/>\n<script type=\"application\/ld+json\" class=\"yoast-schema-graph\">{\"@context\":\"https:\/\/schema.org\",\"@graph\":[{\"@type\":\"Article\",\"@id\":\"https:\/\/valderrobres-candida.com\/en\/blog\/2017\/09\/07\/notepuedesperder-la-ruta-por-el-parrizal\/#article\",\"isPartOf\":{\"@id\":\"https:\/\/valderrobres-candida.com\/en\/blog\/2017\/09\/07\/notepuedesperder-la-ruta-por-el-parrizal\/\"},\"author\":{\"name\":\"admin\",\"@id\":\"http:\/\/valderrobres-candida.com\/en\/#\/schema\/person\/592724f30d9f633dc775fbe3b215b45e\"},\"headline\":\"#NoTePuedesPerder: La ruta por el Parrizal\",\"datePublished\":\"2017-09-07T09:05:44+00:00\",\"mainEntityOfPage\":{\"@id\":\"https:\/\/valderrobres-candida.com\/en\/blog\/2017\/09\/07\/notepuedesperder-la-ruta-por-el-parrizal\/\"},\"wordCount\":440,\"commentCount\":0,\"image\":{\"@id\":\"https:\/\/valderrobres-candida.com\/en\/blog\/2017\/09\/07\/notepuedesperder-la-ruta-por-el-parrizal\/#primaryimage\"},\"thumbnailUrl\":\"http:\/\/valderrobres-candida.com\/wp-content\/uploads\/IMG_8057-300x225.jpg\",\"articleSection\":[\"Blog\",\"Not\u00edcias\"],\"inLanguage\":\"en-US\",\"potentialAction\":[{\"@type\":\"CommentAction\",\"name\":\"Comment\",\"target\":[\"https:\/\/valderrobres-candida.com\/en\/blog\/2017\/09\/07\/notepuedesperder-la-ruta-por-el-parrizal\/#respond\"]}]},{\"@type\":\"WebPage\",\"@id\":\"https:\/\/valderrobres-candida.com\/en\/blog\/2017\/09\/07\/notepuedesperder-la-ruta-por-el-parrizal\/\",\"url\":\"https:\/\/valderrobres-candida.com\/en\/blog\/2017\/09\/07\/notepuedesperder-la-ruta-por-el-parrizal\/\",\"name\":\"#NoTePuedesPerder: La ruta por el Parrizal - Valderrobres Candida EN\",\"isPartOf\":{\"@id\":\"http:\/\/valderrobres-candida.com\/en\/#website\"},\"primaryImageOfPage\":{\"@id\":\"https:\/\/valderrobres-candida.com\/en\/blog\/2017\/09\/07\/notepuedesperder-la-ruta-por-el-parrizal\/#primaryimage\"},\"image\":{\"@id\":\"https:\/\/valderrobres-candida.com\/en\/blog\/2017\/09\/07\/notepuedesperder-la-ruta-por-el-parrizal\/#primaryimage\"},\"thumbnailUrl\":\"http:\/\/valderrobres-candida.com\/wp-content\/uploads\/IMG_8057-300x225.jpg\",\"datePublished\":\"2017-09-07T09:05:44+00:00\",\"author\":{\"@id\":\"http:\/\/valderrobres-candida.com\/en\/#\/schema\/person\/592724f30d9f633dc775fbe3b215b45e\"},\"breadcrumb\":{\"@id\":\"https:\/\/valderrobres-candida.com\/en\/blog\/2017\/09\/07\/notepuedesperder-la-ruta-por-el-parrizal\/#breadcrumb\"},\"inLanguage\":\"en-US\",\"potentialAction\":[{\"@type\":\"ReadAction\",\"target\":[\"https:\/\/valderrobres-candida.com\/en\/blog\/2017\/09\/07\/notepuedesperder-la-ruta-por-el-parrizal\/\"]}]},{\"@type\":\"ImageObject\",\"inLanguage\":\"en-US\",\"@id\":\"https:\/\/valderrobres-candida.com\/en\/blog\/2017\/09\/07\/notepuedesperder-la-ruta-por-el-parrizal\/#primaryimage\",\"url\":\"http:\/\/valderrobres-candida.com\/wp-content\/uploads\/IMG_8057-300x225.jpg\",\"contentUrl\":\"http:\/\/valderrobres-candida.com\/wp-content\/uploads\/IMG_8057-300x225.jpg\"},{\"@type\":\"BreadcrumbList\",\"@id\":\"https:\/\/valderrobres-candida.com\/en\/blog\/2017\/09\/07\/notepuedesperder-la-ruta-por-el-parrizal\/#breadcrumb\",\"itemListElement\":[{\"@type\":\"ListItem\",\"position\":1,\"name\":\"Home\",\"item\":\"http:\/\/valderrobres-candida.com\/en\/\"},{\"@type\":\"ListItem\",\"position\":2,\"name\":\"#NoTePuedesPerder: La ruta por el Parrizal\"}]},{\"@type\":\"WebSite\",\"@id\":\"http:\/\/valderrobres-candida.com\/en\/#website\",\"url\":\"http:\/\/valderrobres-candida.com\/en\/\",\"name\":\"Valderrobres Candida EN\",\"description\":\"\",\"potentialAction\":[{\"@type\":\"SearchAction\",\"target\":{\"@type\":\"EntryPoint\",\"urlTemplate\":\"http:\/\/valderrobres-candida.com\/en\/?s={search_term_string}\"},\"query-input\":{\"@type\":\"PropertyValueSpecification\",\"valueRequired\":true,\"valueName\":\"search_term_string\"}}],\"inLanguage\":\"en-US\"},{\"@type\":\"Person\",\"@id\":\"http:\/\/valderrobres-candida.com\/en\/#\/schema\/person\/592724f30d9f633dc775fbe3b215b45e\",\"name\":\"admin\",\"image\":{\"@type\":\"ImageObject\",\"inLanguage\":\"en-US\",\"@id\":\"http:\/\/valderrobres-candida.com\/en\/#\/schema\/person\/image\/\",\"url\":\"https:\/\/secure.gravatar.com\/avatar\/6593ee61f0881136cad83437ff20a0e7a7e66b6fb8ebe95c1f89f896a627e56a?s=96&d=mm&r=g\",\"contentUrl\":\"https:\/\/secure.gravatar.com\/avatar\/6593ee61f0881136cad83437ff20a0e7a7e66b6fb8ebe95c1f89f896a627e56a?s=96&d=mm&r=g\",\"caption\":\"admin\"},\"url\":\"https:\/\/valderrobres-candida.com\/en\/blog\/author\/admin\/\"}]}<\/script>\n<!-- \/ Yoast SEO plugin. -->","yoast_head_json":{"title":"#NoTePuedesPerder: La ruta por el Parrizal - Valderrobres Candida EN","robots":{"index":"index","follow":"follow","max-snippet":"max-snippet:-1","max-image-preview":"max-image-preview:large","max-video-preview":"max-video-preview:-1"},"canonical":"https:\/\/valderrobres-candida.com\/en\/blog\/2017\/09\/07\/notepuedesperder-la-ruta-por-el-parrizal\/","og_locale":"en_US","og_type":"article","og_title":"#NoTePuedesPerder: La ruta por el Parrizal - Valderrobres Candida EN","og_description":"Duraci\u00f3n: 1 hora y media (m\u00e1s retorno). \u00c9poca recomendada: cualquier \u00e9poca menos el invierno, en el que puede haber hielo. Evitar los momentos con riesgo de crecidas. Dificultad: el recorrido desde el Pla de la Mina hasta los Estrechos no comporta especiales dificultades. Existen diversas pasarelas que evitan entrar en las pozas. No obstante hay","og_url":"https:\/\/valderrobres-candida.com\/en\/blog\/2017\/09\/07\/notepuedesperder-la-ruta-por-el-parrizal\/","og_site_name":"Valderrobres Candida EN","article_published_time":"2017-09-07T09:05:44+00:00","og_image":[{"url":"http:\/\/valderrobres-candida.com\/wp-content\/uploads\/IMG_8057-300x225.jpg","type":"","width":"","height":""}],"author":"admin","twitter_card":"summary_large_image","twitter_misc":{"Written by":"admin","Est. reading time":"2 minutes"},"schema":{"@context":"https:\/\/schema.org","@graph":[{"@type":"Article","@id":"https:\/\/valderrobres-candida.com\/en\/blog\/2017\/09\/07\/notepuedesperder-la-ruta-por-el-parrizal\/#article","isPartOf":{"@id":"https:\/\/valderrobres-candida.com\/en\/blog\/2017\/09\/07\/notepuedesperder-la-ruta-por-el-parrizal\/"},"author":{"name":"admin","@id":"http:\/\/valderrobres-candida.com\/en\/#\/schema\/person\/592724f30d9f633dc775fbe3b215b45e"},"headline":"#NoTePuedesPerder: La ruta por el Parrizal","datePublished":"2017-09-07T09:05:44+00:00","mainEntityOfPage":{"@id":"https:\/\/valderrobres-candida.com\/en\/blog\/2017\/09\/07\/notepuedesperder-la-ruta-por-el-parrizal\/"},"wordCount":440,"commentCount":0,"image":{"@id":"https:\/\/valderrobres-candida.com\/en\/blog\/2017\/09\/07\/notepuedesperder-la-ruta-por-el-parrizal\/#primaryimage"},"thumbnailUrl":"http:\/\/valderrobres-candida.com\/wp-content\/uploads\/IMG_8057-300x225.jpg","articleSection":["Blog","Not\u00edcias"],"inLanguage":"en-US","potentialAction":[{"@type":"CommentAction","name":"Comment","target":["https:\/\/valderrobres-candida.com\/en\/blog\/2017\/09\/07\/notepuedesperder-la-ruta-por-el-parrizal\/#respond"]}]},{"@type":"WebPage","@id":"https:\/\/valderrobres-candida.com\/en\/blog\/2017\/09\/07\/notepuedesperder-la-ruta-por-el-parrizal\/","url":"https:\/\/valderrobres-candida.com\/en\/blog\/2017\/09\/07\/notepuedesperder-la-ruta-por-el-parrizal\/","name":"#NoTePuedesPerder: La ruta por el Parrizal - Valderrobres Candida EN","isPartOf":{"@id":"http:\/\/valderrobres-candida.com\/en\/#website"},"primaryImageOfPage":{"@id":"https:\/\/valderrobres-candida.com\/en\/blog\/2017\/09\/07\/notepuedesperder-la-ruta-por-el-parrizal\/#primaryimage"},"image":{"@id":"https:\/\/valderrobres-candida.com\/en\/blog\/2017\/09\/07\/notepuedesperder-la-ruta-por-el-parrizal\/#primaryimage"},"thumbnailUrl":"http:\/\/valderrobres-candida.com\/wp-content\/uploads\/IMG_8057-300x225.jpg","datePublished":"2017-09-07T09:05:44+00:00","author":{"@id":"http:\/\/valderrobres-candida.com\/en\/#\/schema\/person\/592724f30d9f633dc775fbe3b215b45e"},"breadcrumb":{"@id":"https:\/\/valderrobres-candida.com\/en\/blog\/2017\/09\/07\/notepuedesperder-la-ruta-por-el-parrizal\/#breadcrumb"},"inLanguage":"en-US","potentialAction":[{"@type":"ReadAction","target":["https:\/\/valderrobres-candida.com\/en\/blog\/2017\/09\/07\/notepuedesperder-la-ruta-por-el-parrizal\/"]}]},{"@type":"ImageObject","inLanguage":"en-US","@id":"https:\/\/valderrobres-candida.com\/en\/blog\/2017\/09\/07\/notepuedesperder-la-ruta-por-el-parrizal\/#primaryimage","url":"http:\/\/valderrobres-candida.com\/wp-content\/uploads\/IMG_8057-300x225.jpg","contentUrl":"http:\/\/valderrobres-candida.com\/wp-content\/uploads\/IMG_8057-300x225.jpg"},{"@type":"BreadcrumbList","@id":"https:\/\/valderrobres-candida.com\/en\/blog\/2017\/09\/07\/notepuedesperder-la-ruta-por-el-parrizal\/#breadcrumb","itemListElement":[{"@type":"ListItem","position":1,"name":"Home","item":"http:\/\/valderrobres-candida.com\/en\/"},{"@type":"ListItem","position":2,"name":"#NoTePuedesPerder: La ruta por el Parrizal"}]},{"@type":"WebSite","@id":"http:\/\/valderrobres-candida.com\/en\/#website","url":"http:\/\/valderrobres-candida.com\/en\/","name":"Valderrobres Candida EN","description":"","potentialAction":[{"@type":"SearchAction","target":{"@type":"EntryPoint","urlTemplate":"http:\/\/valderrobres-candida.com\/en\/?s={search_term_string}"},"query-input":{"@type":"PropertyValueSpecification","valueRequired":true,"valueName":"search_term_string"}}],"inLanguage":"en-US"},{"@type":"Person","@id":"http:\/\/valderrobres-candida.com\/en\/#\/schema\/person\/592724f30d9f633dc775fbe3b215b45e","name":"admin","image":{"@type":"ImageObject","inLanguage":"en-US","@id":"http:\/\/valderrobres-candida.com\/en\/#\/schema\/person\/image\/","url":"https:\/\/secure.gravatar.com\/avatar\/6593ee61f0881136cad83437ff20a0e7a7e66b6fb8ebe95c1f89f896a627e56a?s=96&d=mm&r=g","contentUrl":"https:\/\/secure.gravatar.com\/avatar\/6593ee61f0881136cad83437ff20a0e7a7e66b6fb8ebe95c1f89f896a627e56a?s=96&d=mm&r=g","caption":"admin"},"url":"https:\/\/valderrobres-candida.com\/en\/blog\/author\/admin\/"}]}},"_links":{"self":[{"href":"https:\/\/valderrobres-candida.com\/en\/wp-json\/wp\/v2\/posts\/1106","targetHints":{"allow":["GET"]}}],"collection":[{"href":"https:\/\/valderrobres-candida.com\/en\/wp-json\/wp\/v2\/posts"}],"about":[{"href":"https:\/\/valderrobres-candida.com\/en\/wp-json\/wp\/v2\/types\/post"}],"author":[{"embeddable":true,"href":"https:\/\/valderrobres-candida.com\/en\/wp-json\/wp\/v2\/users\/1"}],"replies":[{"embeddable":true,"href":"https:\/\/valderrobres-candida.com\/en\/wp-json\/wp\/v2\/comments?post=1106"}],"version-history":[{"count":2,"href":"https:\/\/valderrobres-candida.com\/en\/wp-json\/wp\/v2\/posts\/1106\/revisions"}],"predecessor-version":[{"id":1109,"href":"https:\/\/valderrobres-candida.com\/en\/wp-json\/wp\/v2\/posts\/1106\/revisions\/1109"}],"wp:attachment":[{"href":"https:\/\/valderrobres-candida.com\/en\/wp-json\/wp\/v2\/media?parent=1106"}],"wp:term":[{"taxonomy":"category","embeddable":true,"href":"https:\/\/valderrobres-candida.com\/en\/wp-json\/wp\/v2\/categories?post=1106"},{"taxonomy":"post_tag","embeddable":true,"href":"https:\/\/valderrobres-candida.com\/en\/wp-json\/wp\/v2\/tags?post=1106"}],"curies":[{"name":"wp","href":"https:\/\/api.w.org\/{rel}","templated":true}]}}