{"id":1128,"date":"2017-10-23T07:00:26","date_gmt":"2017-10-23T07:00:26","guid":{"rendered":"http:\/\/valderrobres-candida.com\/?p=1128"},"modified":"2017-10-23T07:08:08","modified_gmt":"2017-10-23T07:08:08","slug":"notepuedesperder-tinenca-de-benifassa","status":"publish","type":"post","link":"https:\/\/valderrobres-candida.com\/en\/blog\/2017\/10\/23\/notepuedesperder-tinenca-de-benifassa\/","title":{"rendered":"#NoTePuedesPerder | Tinen\u00e7a de Benifass\u00e0"},"content":{"rendered":"<p>La Tinen\u00e7a de Benifass\u00e0 se encuentra al norte de Castell\u00f3n y forma parte de los <strong>Puertos de Beceite<\/strong>. Su territorio abarca unas 5000 ha, y se extiende por la comarca hist\u00f3rica de Vallibona.<\/p>\n<p>Tiene una fauna muy abundante, siendo la <strong>cabra montesa <\/strong>y el cangrejo de r\u00edo aut\u00f3ctono sus especies m\u00e1s particulares.<\/p>\n<p>Por la Tinen\u00e7a pasan dos r\u00edos, <strong>el S\u00e9nia<\/strong> y el Servol, al lado de los cuales crece un magn\u00edfico bosque de ribera. De la flora tambi\u00e9n destacan los bosques de pino carrasco y los robledales valencianos.<\/p>\n<p>Es el sitio ideal para el senderismo, ya que hay varias rutas para explorar el paisaje como la ruta de los <strong>Bosques del Mas Boix<\/strong>, o la ruta del embalse de Ulldecona.<\/p>\n<p>v\u00eda escapadarural.com<\/p>\n","protected":false},"excerpt":{"rendered":"<p>La Tinen\u00e7a de Benifass\u00e0 se encuentra al norte de Castell\u00f3n y forma parte de los Puertos de Beceite. Su territorio abarca unas 5000 ha, y se extiende por la comarca hist\u00f3rica de Vallibona. Tiene una fauna muy abundante, siendo la cabra montesa y el cangrejo de r\u00edo aut\u00f3ctono sus especies m\u00e1s particulares. Por la Tinen\u00e7a<\/p>\n","protected":false},"author":1,"featured_media":1130,"comment_status":"open","ping_status":"open","sticky":false,"template":"","format":"standard","meta":{"footnotes":""},"categories":[150,18],"tags":[],"class_list":["post-1128","post","type-post","status-publish","format-standard","has-post-thumbnail","hentry","category-blog","category-noticias"],"yoast_head":"<!-- This site is optimized with the Yoast SEO plugin v26.7 - https:\/\/yoast.com\/wordpress\/plugins\/seo\/ -->\n<title>#NoTePuedesPerder | Tinen\u00e7a de Benifass\u00e0 - Valderrobres Candida EN<\/title>\n<meta name=\"robots\" content=\"index, follow, max-snippet:-1, max-image-preview:large, max-video-preview:-1\" \/>\n<link rel=\"canonical\" href=\"https:\/\/valderrobres-candida.com\/en\/blog\/2017\/10\/23\/notepuedesperder-tinenca-de-benifassa\/\" \/>\n<meta property=\"og:locale\" content=\"en_US\" \/>\n<meta property=\"og:type\" content=\"article\" \/>\n<meta property=\"og:title\" content=\"#NoTePuedesPerder | Tinen\u00e7a de Benifass\u00e0 - Valderrobres Candida EN\" \/>\n<meta property=\"og:description\" content=\"La Tinen\u00e7a de Benifass\u00e0 se encuentra al norte de Castell\u00f3n y forma parte de los Puertos de Beceite. Su territorio abarca unas 5000 ha, y se extiende por la comarca hist\u00f3rica de Vallibona. Tiene una fauna muy abundante, siendo la cabra montesa y el cangrejo de r\u00edo aut\u00f3ctono sus especies m\u00e1s particulares. Por la Tinen\u00e7a\" \/>\n<meta property=\"og:url\" content=\"https:\/\/valderrobres-candida.com\/en\/blog\/2017\/10\/23\/notepuedesperder-tinenca-de-benifassa\/\" \/>\n<meta property=\"og:site_name\" content=\"Valderrobres Candida EN\" \/>\n<meta property=\"article:published_time\" content=\"2017-10-23T07:00:26+00:00\" \/>\n<meta property=\"article:modified_time\" content=\"2017-10-23T07:08:08+00:00\" \/>\n<meta property=\"og:image\" content=\"https:\/\/valderrobres-candida.com\/en\/wp-content\/uploads\/sites\/3\/150502190322b.jpg\" \/>\n\t<meta property=\"og:image:width\" content=\"816\" \/>\n\t<meta property=\"og:image:height\" content=\"500\" \/>\n\t<meta property=\"og:image:type\" content=\"image\/jpeg\" \/>\n<meta name=\"author\" content=\"admin\" \/>\n<meta name=\"twitter:card\" content=\"summary_large_image\" \/>\n<meta name=\"twitter:label1\" content=\"Written by\" \/>\n\t<meta name=\"twitter:data1\" content=\"admin\" \/>\n\t<meta name=\"twitter:label2\" content=\"Est. reading time\" \/>\n\t<meta name=\"twitter:data2\" content=\"1 minute\" \/>\n<script type=\"application\/ld+json\" class=\"yoast-schema-graph\">{\"@context\":\"https:\/\/schema.org\",\"@graph\":[{\"@type\":\"Article\",\"@id\":\"https:\/\/valderrobres-candida.com\/en\/blog\/2017\/10\/23\/notepuedesperder-tinenca-de-benifassa\/#article\",\"isPartOf\":{\"@id\":\"https:\/\/valderrobres-candida.com\/en\/blog\/2017\/10\/23\/notepuedesperder-tinenca-de-benifassa\/\"},\"author\":{\"name\":\"admin\",\"@id\":\"http:\/\/valderrobres-candida.com\/en\/#\/schema\/person\/592724f30d9f633dc775fbe3b215b45e\"},\"headline\":\"#NoTePuedesPerder | Tinen\u00e7a de Benifass\u00e0\",\"datePublished\":\"2017-10-23T07:00:26+00:00\",\"dateModified\":\"2017-10-23T07:08:08+00:00\",\"mainEntityOfPage\":{\"@id\":\"https:\/\/valderrobres-candida.com\/en\/blog\/2017\/10\/23\/notepuedesperder-tinenca-de-benifassa\/\"},\"wordCount\":139,\"commentCount\":0,\"image\":{\"@id\":\"https:\/\/valderrobres-candida.com\/en\/blog\/2017\/10\/23\/notepuedesperder-tinenca-de-benifassa\/#primaryimage\"},\"thumbnailUrl\":\"https:\/\/valderrobres-candida.com\/en\/wp-content\/uploads\/sites\/3\/150502190322b.jpg\",\"articleSection\":[\"Blog\",\"Not\u00edcias\"],\"inLanguage\":\"en-US\",\"potentialAction\":[{\"@type\":\"CommentAction\",\"name\":\"Comment\",\"target\":[\"https:\/\/valderrobres-candida.com\/en\/blog\/2017\/10\/23\/notepuedesperder-tinenca-de-benifassa\/#respond\"]}]},{\"@type\":\"WebPage\",\"@id\":\"https:\/\/valderrobres-candida.com\/en\/blog\/2017\/10\/23\/notepuedesperder-tinenca-de-benifassa\/\",\"url\":\"https:\/\/valderrobres-candida.com\/en\/blog\/2017\/10\/23\/notepuedesperder-tinenca-de-benifassa\/\",\"name\":\"#NoTePuedesPerder | Tinen\u00e7a de Benifass\u00e0 - Valderrobres Candida EN\",\"isPartOf\":{\"@id\":\"http:\/\/valderrobres-candida.com\/en\/#website\"},\"primaryImageOfPage\":{\"@id\":\"https:\/\/valderrobres-candida.com\/en\/blog\/2017\/10\/23\/notepuedesperder-tinenca-de-benifassa\/#primaryimage\"},\"image\":{\"@id\":\"https:\/\/valderrobres-candida.com\/en\/blog\/2017\/10\/23\/notepuedesperder-tinenca-de-benifassa\/#primaryimage\"},\"thumbnailUrl\":\"https:\/\/valderrobres-candida.com\/en\/wp-content\/uploads\/sites\/3\/150502190322b.jpg\",\"datePublished\":\"2017-10-23T07:00:26+00:00\",\"dateModified\":\"2017-10-23T07:08:08+00:00\",\"author\":{\"@id\":\"http:\/\/valderrobres-candida.com\/en\/#\/schema\/person\/592724f30d9f633dc775fbe3b215b45e\"},\"breadcrumb\":{\"@id\":\"https:\/\/valderrobres-candida.com\/en\/blog\/2017\/10\/23\/notepuedesperder-tinenca-de-benifassa\/#breadcrumb\"},\"inLanguage\":\"en-US\",\"potentialAction\":[{\"@type\":\"ReadAction\",\"target\":[\"https:\/\/valderrobres-candida.com\/en\/blog\/2017\/10\/23\/notepuedesperder-tinenca-de-benifassa\/\"]}]},{\"@type\":\"ImageObject\",\"inLanguage\":\"en-US\",\"@id\":\"https:\/\/valderrobres-candida.com\/en\/blog\/2017\/10\/23\/notepuedesperder-tinenca-de-benifassa\/#primaryimage\",\"url\":\"https:\/\/valderrobres-candida.com\/en\/wp-content\/uploads\/sites\/3\/150502190322b.jpg\",\"contentUrl\":\"https:\/\/valderrobres-candida.com\/en\/wp-content\/uploads\/sites\/3\/150502190322b.jpg\",\"width\":816,\"height\":500},{\"@type\":\"BreadcrumbList\",\"@id\":\"https:\/\/valderrobres-candida.com\/en\/blog\/2017\/10\/23\/notepuedesperder-tinenca-de-benifassa\/#breadcrumb\",\"itemListElement\":[{\"@type\":\"ListItem\",\"position\":1,\"name\":\"Home\",\"item\":\"http:\/\/valderrobres-candida.com\/en\/\"},{\"@type\":\"ListItem\",\"position\":2,\"name\":\"#NoTePuedesPerder | Tinen\u00e7a de Benifass\u00e0\"}]},{\"@type\":\"WebSite\",\"@id\":\"http:\/\/valderrobres-candida.com\/en\/#website\",\"url\":\"http:\/\/valderrobres-candida.com\/en\/\",\"name\":\"Valderrobres Candida EN\",\"description\":\"\",\"potentialAction\":[{\"@type\":\"SearchAction\",\"target\":{\"@type\":\"EntryPoint\",\"urlTemplate\":\"http:\/\/valderrobres-candida.com\/en\/?s={search_term_string}\"},\"query-input\":{\"@type\":\"PropertyValueSpecification\",\"valueRequired\":true,\"valueName\":\"search_term_string\"}}],\"inLanguage\":\"en-US\"},{\"@type\":\"Person\",\"@id\":\"http:\/\/valderrobres-candida.com\/en\/#\/schema\/person\/592724f30d9f633dc775fbe3b215b45e\",\"name\":\"admin\",\"image\":{\"@type\":\"ImageObject\",\"inLanguage\":\"en-US\",\"@id\":\"http:\/\/valderrobres-candida.com\/en\/#\/schema\/person\/image\/\",\"url\":\"https:\/\/secure.gravatar.com\/avatar\/6593ee61f0881136cad83437ff20a0e7a7e66b6fb8ebe95c1f89f896a627e56a?s=96&d=mm&r=g\",\"contentUrl\":\"https:\/\/secure.gravatar.com\/avatar\/6593ee61f0881136cad83437ff20a0e7a7e66b6fb8ebe95c1f89f896a627e56a?s=96&d=mm&r=g\",\"caption\":\"admin\"},\"url\":\"https:\/\/valderrobres-candida.com\/en\/blog\/author\/admin\/\"}]}<\/script>\n<!-- \/ Yoast SEO plugin. -->","yoast_head_json":{"title":"#NoTePuedesPerder | Tinen\u00e7a de Benifass\u00e0 - Valderrobres Candida EN","robots":{"index":"index","follow":"follow","max-snippet":"max-snippet:-1","max-image-preview":"max-image-preview:large","max-video-preview":"max-video-preview:-1"},"canonical":"https:\/\/valderrobres-candida.com\/en\/blog\/2017\/10\/23\/notepuedesperder-tinenca-de-benifassa\/","og_locale":"en_US","og_type":"article","og_title":"#NoTePuedesPerder | Tinen\u00e7a de Benifass\u00e0 - Valderrobres Candida EN","og_description":"La Tinen\u00e7a de Benifass\u00e0 se encuentra al norte de Castell\u00f3n y forma parte de los Puertos de Beceite. Su territorio abarca unas 5000 ha, y se extiende por la comarca hist\u00f3rica de Vallibona. Tiene una fauna muy abundante, siendo la cabra montesa y el cangrejo de r\u00edo aut\u00f3ctono sus especies m\u00e1s particulares. Por la Tinen\u00e7a","og_url":"https:\/\/valderrobres-candida.com\/en\/blog\/2017\/10\/23\/notepuedesperder-tinenca-de-benifassa\/","og_site_name":"Valderrobres Candida EN","article_published_time":"2017-10-23T07:00:26+00:00","article_modified_time":"2017-10-23T07:08:08+00:00","og_image":[{"width":816,"height":500,"url":"https:\/\/valderrobres-candida.com\/en\/wp-content\/uploads\/sites\/3\/150502190322b.jpg","type":"image\/jpeg"}],"author":"admin","twitter_card":"summary_large_image","twitter_misc":{"Written by":"admin","Est. reading time":"1 minute"},"schema":{"@context":"https:\/\/schema.org","@graph":[{"@type":"Article","@id":"https:\/\/valderrobres-candida.com\/en\/blog\/2017\/10\/23\/notepuedesperder-tinenca-de-benifassa\/#article","isPartOf":{"@id":"https:\/\/valderrobres-candida.com\/en\/blog\/2017\/10\/23\/notepuedesperder-tinenca-de-benifassa\/"},"author":{"name":"admin","@id":"http:\/\/valderrobres-candida.com\/en\/#\/schema\/person\/592724f30d9f633dc775fbe3b215b45e"},"headline":"#NoTePuedesPerder | Tinen\u00e7a de Benifass\u00e0","datePublished":"2017-10-23T07:00:26+00:00","dateModified":"2017-10-23T07:08:08+00:00","mainEntityOfPage":{"@id":"https:\/\/valderrobres-candida.com\/en\/blog\/2017\/10\/23\/notepuedesperder-tinenca-de-benifassa\/"},"wordCount":139,"commentCount":0,"image":{"@id":"https:\/\/valderrobres-candida.com\/en\/blog\/2017\/10\/23\/notepuedesperder-tinenca-de-benifassa\/#primaryimage"},"thumbnailUrl":"https:\/\/valderrobres-candida.com\/en\/wp-content\/uploads\/sites\/3\/150502190322b.jpg","articleSection":["Blog","Not\u00edcias"],"inLanguage":"en-US","potentialAction":[{"@type":"CommentAction","name":"Comment","target":["https:\/\/valderrobres-candida.com\/en\/blog\/2017\/10\/23\/notepuedesperder-tinenca-de-benifassa\/#respond"]}]},{"@type":"WebPage","@id":"https:\/\/valderrobres-candida.com\/en\/blog\/2017\/10\/23\/notepuedesperder-tinenca-de-benifassa\/","url":"https:\/\/valderrobres-candida.com\/en\/blog\/2017\/10\/23\/notepuedesperder-tinenca-de-benifassa\/","name":"#NoTePuedesPerder | Tinen\u00e7a de Benifass\u00e0 - Valderrobres Candida EN","isPartOf":{"@id":"http:\/\/valderrobres-candida.com\/en\/#website"},"primaryImageOfPage":{"@id":"https:\/\/valderrobres-candida.com\/en\/blog\/2017\/10\/23\/notepuedesperder-tinenca-de-benifassa\/#primaryimage"},"image":{"@id":"https:\/\/valderrobres-candida.com\/en\/blog\/2017\/10\/23\/notepuedesperder-tinenca-de-benifassa\/#primaryimage"},"thumbnailUrl":"https:\/\/valderrobres-candida.com\/en\/wp-content\/uploads\/sites\/3\/150502190322b.jpg","datePublished":"2017-10-23T07:00:26+00:00","dateModified":"2017-10-23T07:08:08+00:00","author":{"@id":"http:\/\/valderrobres-candida.com\/en\/#\/schema\/person\/592724f30d9f633dc775fbe3b215b45e"},"breadcrumb":{"@id":"https:\/\/valderrobres-candida.com\/en\/blog\/2017\/10\/23\/notepuedesperder-tinenca-de-benifassa\/#breadcrumb"},"inLanguage":"en-US","potentialAction":[{"@type":"ReadAction","target":["https:\/\/valderrobres-candida.com\/en\/blog\/2017\/10\/23\/notepuedesperder-tinenca-de-benifassa\/"]}]},{"@type":"ImageObject","inLanguage":"en-US","@id":"https:\/\/valderrobres-candida.com\/en\/blog\/2017\/10\/23\/notepuedesperder-tinenca-de-benifassa\/#primaryimage","url":"https:\/\/valderrobres-candida.com\/en\/wp-content\/uploads\/sites\/3\/150502190322b.jpg","contentUrl":"https:\/\/valderrobres-candida.com\/en\/wp-content\/uploads\/sites\/3\/150502190322b.jpg","width":816,"height":500},{"@type":"BreadcrumbList","@id":"https:\/\/valderrobres-candida.com\/en\/blog\/2017\/10\/23\/notepuedesperder-tinenca-de-benifassa\/#breadcrumb","itemListElement":[{"@type":"ListItem","position":1,"name":"Home","item":"http:\/\/valderrobres-candida.com\/en\/"},{"@type":"ListItem","position":2,"name":"#NoTePuedesPerder | Tinen\u00e7a de Benifass\u00e0"}]},{"@type":"WebSite","@id":"http:\/\/valderrobres-candida.com\/en\/#website","url":"http:\/\/valderrobres-candida.com\/en\/","name":"Valderrobres Candida EN","description":"","potentialAction":[{"@type":"SearchAction","target":{"@type":"EntryPoint","urlTemplate":"http:\/\/valderrobres-candida.com\/en\/?s={search_term_string}"},"query-input":{"@type":"PropertyValueSpecification","valueRequired":true,"valueName":"search_term_string"}}],"inLanguage":"en-US"},{"@type":"Person","@id":"http:\/\/valderrobres-candida.com\/en\/#\/schema\/person\/592724f30d9f633dc775fbe3b215b45e","name":"admin","image":{"@type":"ImageObject","inLanguage":"en-US","@id":"http:\/\/valderrobres-candida.com\/en\/#\/schema\/person\/image\/","url":"https:\/\/secure.gravatar.com\/avatar\/6593ee61f0881136cad83437ff20a0e7a7e66b6fb8ebe95c1f89f896a627e56a?s=96&d=mm&r=g","contentUrl":"https:\/\/secure.gravatar.com\/avatar\/6593ee61f0881136cad83437ff20a0e7a7e66b6fb8ebe95c1f89f896a627e56a?s=96&d=mm&r=g","caption":"admin"},"url":"https:\/\/valderrobres-candida.com\/en\/blog\/author\/admin\/"}]}},"_links":{"self":[{"href":"https:\/\/valderrobres-candida.com\/en\/wp-json\/wp\/v2\/posts\/1128","targetHints":{"allow":["GET"]}}],"collection":[{"href":"https:\/\/valderrobres-candida.com\/en\/wp-json\/wp\/v2\/posts"}],"about":[{"href":"https:\/\/valderrobres-candida.com\/en\/wp-json\/wp\/v2\/types\/post"}],"author":[{"embeddable":true,"href":"https:\/\/valderrobres-candida.com\/en\/wp-json\/wp\/v2\/users\/1"}],"replies":[{"embeddable":true,"href":"https:\/\/valderrobres-candida.com\/en\/wp-json\/wp\/v2\/comments?post=1128"}],"version-history":[{"count":1,"href":"https:\/\/valderrobres-candida.com\/en\/wp-json\/wp\/v2\/posts\/1128\/revisions"}],"predecessor-version":[{"id":1129,"href":"https:\/\/valderrobres-candida.com\/en\/wp-json\/wp\/v2\/posts\/1128\/revisions\/1129"}],"wp:featuredmedia":[{"embeddable":true,"href":"https:\/\/valderrobres-candida.com\/en\/wp-json\/wp\/v2\/media\/1130"}],"wp:attachment":[{"href":"https:\/\/valderrobres-candida.com\/en\/wp-json\/wp\/v2\/media?parent=1128"}],"wp:term":[{"taxonomy":"category","embeddable":true,"href":"https:\/\/valderrobres-candida.com\/en\/wp-json\/wp\/v2\/categories?post=1128"},{"taxonomy":"post_tag","embeddable":true,"href":"https:\/\/valderrobres-candida.com\/en\/wp-json\/wp\/v2\/tags?post=1128"}],"curies":[{"name":"wp","href":"https:\/\/api.w.org\/{rel}","templated":true}]}}