{"id":1140,"date":"2017-11-13T13:33:30","date_gmt":"2017-11-13T13:33:30","guid":{"rendered":"http:\/\/valderrobres-candida.com\/?p=1140"},"modified":"2017-11-13T13:36:28","modified_gmt":"2017-11-13T13:36:28","slug":"notepuedesperder-el-museo-de-valderrobres","status":"publish","type":"post","link":"https:\/\/valderrobres-candida.com\/en\/blog\/2017\/11\/13\/notepuedesperder-el-museo-de-valderrobres\/","title":{"rendered":"#NoTePuedesPerder | El museo de Valderrobres"},"content":{"rendered":"<div id=\"TXT1_mobile\">\n<p>La Fundaci\u00f3n <a href=\"http:\/\/www.heraldo.es\/tags\/lugares\/valderrobres.html\" target=\"_blank\">Valderrobres <\/a>Patrimonial ha recibido <strong>varias piezas que ha cedido el Museu del Teatre de Barcelona que pertenecieron a la soprano Elvira de Hidalgo<\/strong> y que van a servir para completar la sala que se le dedicar\u00e1 en el Museo de la localidad de la comarca del Matarranya\/Matarra\u00f1a.<\/p>\n<\/div>\n<p>Al Museo de Valderrobres han llegado<strong> dos prendas de vestir, compuestas por varias piezas entre ellas un miri\u00f1aque, que us\u00f3 la soprano en sus actuaciones<\/strong> y que est\u00e1 &#8220;perfectamente datada&#8221; ya que pertenece a la \u00d3pera Magn\u00fam y sale en sus discos, seg\u00fan ha explicado a EFE, el director de la Fundaci\u00f3n, Manuel Siurana.<\/p>\n<p>Adem\u00e1s el lote, que ha sido transportado por una empresa especializada desde Barcelona hasta Valderrobres, tambi\u00e9n incluye un retrato de un pintor belga que realiz\u00f3 a la cantante en los a\u00f1os 40 del pasado siglo y que se abrir\u00e1 el pr\u00f3ximo lunes en presencia de una t\u00e9cnica del Museu del Teatre.<\/p>\n<div id=\"TXT2_to_6_mobile\">\n<p>Elvira Juana Rodr\u00edguez Rogl\u00e1n conocida art\u00edsticamente como <strong>Elvira de Hidalgo (Valderrobres-Teruel, 28 de diciembre de 1891 &#8211; Mil\u00e1n, 21 de enero de 1980) fue soprano de &#8220;coloratura&#8221; (adorno virtuosista de una melod\u00eda, seg\u00fan la RAE) y maestra de canto espa\u00f1ola que tuvo entre sus alumnas a la soprano griega Mar\u00eda Callas.<\/strong><\/p>\n<p>La sala que llevar\u00e1 el nombre de la cantante aragonesa ya cuenta en sus vitrinas con algunas reproducciones de esbozos de figurines y de escenograf\u00edas en los que particip\u00f3 a las que se unir\u00e1n las piezas recibidas ahora y de cuya restauraci\u00f3n se ha hecho cargo la Fundaci\u00f3n.<\/p>\n<p>Siurana se ha mostrado especialmente agradecido con la labor realizada en favor del trabajo de la Fundaci\u00f3n por el actor Juanjo Puigcorb\u00e9, tambi\u00e9n con ancestros en Valderrobres, ya que su bisabuela era natural de esta localidad turolense, para que haya sido posible la creaci\u00f3n de esta sala dedicada a este personaje.<\/p>\n<p>Adem\u00e1s, ha explicado que <strong>siguen trabajando para repatriar los restos mortales de Elvira de Hidalgo, que ahora reposan en Mil\u00e1n<\/strong>, hasta Valderrobres donde ser\u00e1n inhumados en un pante\u00f3n propiedad de la Fundaci\u00f3n que cedieron las hermanas de la Caridad cuando se marcharon de la poblaci\u00f3n en 2013.<\/p>\n<p>Los restos de Elvira de Hidalgo yacen en una tumba en Mil\u00e1n cuya fecha de caducidad es en 2020 de la que hasta ahora son propietarios sus antiguos alumnos, todos ellos con edades entre los 80 y 90 a\u00f1os, pero que no ten\u00edan intenci\u00f3n de renovar por lo que sus restos terminar\u00edan en una fosa com\u00fan, ha relatado Siurana.<\/p>\n<p>La soprano, a pesar de haberse casado en dos ocasiones, <strong>no tuvo descendencia directa y en la actualidad solamente le sobreviven dos t\u00edas carnales <\/strong>de 91 y 95 a\u00f1os que ya han dado el permiso para que se pueda llevar a cabo el traslado de los restos.<\/p>\n<p>En cuanto a la repatriaci\u00f3n, Siurana ha recordado que<strong> la previsi\u00f3n inicial era haber inaugurado la sala de la soprano el pasado 12 de octubre<\/strong> cuando hubiesen llegado sus restos, pero las innumerables trabas burocr\u00e1ticas que se han ido encontrando a lo largo del camino lo han impedido cuando &#8220;al principio nos dec\u00edan que todo iba a ser muy sencillo&#8221;.<\/p>\n<p>En este sentido, el director del museo ha apuntado que ahora se han puesto en contacto con el consulado de Espa\u00f1a en Mil\u00e1n y ya les han dado a conocer todos los pasos que van a precisar dar para poder completar todo el tr\u00e1mite y que deben hacerlo &#8220;a trav\u00e9s de una funeraria&#8221;.<\/p>\n<p>Por todo ello, desde la Fundaci\u00f3n han asegurado que la <strong>inauguraci\u00f3n se retrasar\u00e1 hasta que est\u00e9n en su poder los restos de la soprano, por lo que se estima que hasta comienzos de 2018 <\/strong>no se podr\u00e1 efectuar, adem\u00e1s de que se esperar\u00e1 una fecha en la que puedan estar presentes el mayor n\u00famero posible de personas procedentes de la localidad.<\/p>\n<p>v\u00eda heraldo.es<\/p>\n<\/div>\n","protected":false},"excerpt":{"rendered":"<p>La Fundaci\u00f3n Valderrobres Patrimonial ha recibido varias piezas que ha cedido el Museu del Teatre de Barcelona que pertenecieron a la soprano Elvira de Hidalgo y que van a servir para completar la sala que se le dedicar\u00e1 en el Museo de la localidad de la comarca del Matarranya\/Matarra\u00f1a. Al Museo de Valderrobres han llegado<\/p>\n","protected":false},"author":1,"featured_media":1142,"comment_status":"open","ping_status":"open","sticky":false,"template":"","format":"standard","meta":{"footnotes":""},"categories":[150,18],"tags":[],"class_list":["post-1140","post","type-post","status-publish","format-standard","has-post-thumbnail","hentry","category-blog","category-noticias"],"yoast_head":"<!-- This site is optimized with the Yoast SEO plugin v26.7 - https:\/\/yoast.com\/wordpress\/plugins\/seo\/ -->\n<title>#NoTePuedesPerder | El museo de Valderrobres - Valderrobres Candida EN<\/title>\n<meta name=\"robots\" content=\"index, follow, max-snippet:-1, max-image-preview:large, max-video-preview:-1\" \/>\n<link rel=\"canonical\" href=\"https:\/\/valderrobres-candida.com\/en\/blog\/2017\/11\/13\/notepuedesperder-el-museo-de-valderrobres\/\" \/>\n<meta property=\"og:locale\" content=\"en_US\" \/>\n<meta property=\"og:type\" content=\"article\" \/>\n<meta property=\"og:title\" content=\"#NoTePuedesPerder | El museo de Valderrobres - Valderrobres Candida EN\" \/>\n<meta property=\"og:description\" content=\"La Fundaci\u00f3n Valderrobres Patrimonial ha recibido varias piezas que ha cedido el Museu del Teatre de Barcelona que pertenecieron a la soprano Elvira de Hidalgo y que van a servir para completar la sala que se le dedicar\u00e1 en el Museo de la localidad de la comarca del Matarranya\/Matarra\u00f1a. Al Museo de Valderrobres han llegado\" \/>\n<meta property=\"og:url\" content=\"https:\/\/valderrobres-candida.com\/en\/blog\/2017\/11\/13\/notepuedesperder-el-museo-de-valderrobres\/\" \/>\n<meta property=\"og:site_name\" content=\"Valderrobres Candida EN\" \/>\n<meta property=\"article:published_time\" content=\"2017-11-13T13:33:30+00:00\" \/>\n<meta property=\"article:modified_time\" content=\"2017-11-13T13:36:28+00:00\" \/>\n<meta property=\"og:image\" content=\"https:\/\/valderrobres-candida.com\/en\/wp-content\/uploads\/sites\/3\/MUSEO.png\" \/>\n\t<meta property=\"og:image:width\" content=\"800\" \/>\n\t<meta property=\"og:image:height\" content=\"800\" \/>\n\t<meta property=\"og:image:type\" content=\"image\/png\" \/>\n<meta name=\"author\" content=\"admin\" \/>\n<meta name=\"twitter:card\" content=\"summary_large_image\" \/>\n<meta name=\"twitter:label1\" content=\"Written by\" \/>\n\t<meta name=\"twitter:data1\" content=\"admin\" \/>\n\t<meta name=\"twitter:label2\" content=\"Est. reading time\" \/>\n\t<meta name=\"twitter:data2\" content=\"3 minutes\" \/>\n<script type=\"application\/ld+json\" class=\"yoast-schema-graph\">{\"@context\":\"https:\/\/schema.org\",\"@graph\":[{\"@type\":\"Article\",\"@id\":\"https:\/\/valderrobres-candida.com\/en\/blog\/2017\/11\/13\/notepuedesperder-el-museo-de-valderrobres\/#article\",\"isPartOf\":{\"@id\":\"https:\/\/valderrobres-candida.com\/en\/blog\/2017\/11\/13\/notepuedesperder-el-museo-de-valderrobres\/\"},\"author\":{\"name\":\"admin\",\"@id\":\"http:\/\/valderrobres-candida.com\/en\/#\/schema\/person\/592724f30d9f633dc775fbe3b215b45e\"},\"headline\":\"#NoTePuedesPerder | El museo de Valderrobres\",\"datePublished\":\"2017-11-13T13:33:30+00:00\",\"dateModified\":\"2017-11-13T13:36:28+00:00\",\"mainEntityOfPage\":{\"@id\":\"https:\/\/valderrobres-candida.com\/en\/blog\/2017\/11\/13\/notepuedesperder-el-museo-de-valderrobres\/\"},\"wordCount\":681,\"commentCount\":0,\"image\":{\"@id\":\"https:\/\/valderrobres-candida.com\/en\/blog\/2017\/11\/13\/notepuedesperder-el-museo-de-valderrobres\/#primaryimage\"},\"thumbnailUrl\":\"https:\/\/valderrobres-candida.com\/en\/wp-content\/uploads\/sites\/3\/MUSEO.png\",\"articleSection\":[\"Blog\",\"Not\u00edcias\"],\"inLanguage\":\"en-US\",\"potentialAction\":[{\"@type\":\"CommentAction\",\"name\":\"Comment\",\"target\":[\"https:\/\/valderrobres-candida.com\/en\/blog\/2017\/11\/13\/notepuedesperder-el-museo-de-valderrobres\/#respond\"]}]},{\"@type\":\"WebPage\",\"@id\":\"https:\/\/valderrobres-candida.com\/en\/blog\/2017\/11\/13\/notepuedesperder-el-museo-de-valderrobres\/\",\"url\":\"https:\/\/valderrobres-candida.com\/en\/blog\/2017\/11\/13\/notepuedesperder-el-museo-de-valderrobres\/\",\"name\":\"#NoTePuedesPerder | El museo de Valderrobres - Valderrobres Candida EN\",\"isPartOf\":{\"@id\":\"http:\/\/valderrobres-candida.com\/en\/#website\"},\"primaryImageOfPage\":{\"@id\":\"https:\/\/valderrobres-candida.com\/en\/blog\/2017\/11\/13\/notepuedesperder-el-museo-de-valderrobres\/#primaryimage\"},\"image\":{\"@id\":\"https:\/\/valderrobres-candida.com\/en\/blog\/2017\/11\/13\/notepuedesperder-el-museo-de-valderrobres\/#primaryimage\"},\"thumbnailUrl\":\"https:\/\/valderrobres-candida.com\/en\/wp-content\/uploads\/sites\/3\/MUSEO.png\",\"datePublished\":\"2017-11-13T13:33:30+00:00\",\"dateModified\":\"2017-11-13T13:36:28+00:00\",\"author\":{\"@id\":\"http:\/\/valderrobres-candida.com\/en\/#\/schema\/person\/592724f30d9f633dc775fbe3b215b45e\"},\"breadcrumb\":{\"@id\":\"https:\/\/valderrobres-candida.com\/en\/blog\/2017\/11\/13\/notepuedesperder-el-museo-de-valderrobres\/#breadcrumb\"},\"inLanguage\":\"en-US\",\"potentialAction\":[{\"@type\":\"ReadAction\",\"target\":[\"https:\/\/valderrobres-candida.com\/en\/blog\/2017\/11\/13\/notepuedesperder-el-museo-de-valderrobres\/\"]}]},{\"@type\":\"ImageObject\",\"inLanguage\":\"en-US\",\"@id\":\"https:\/\/valderrobres-candida.com\/en\/blog\/2017\/11\/13\/notepuedesperder-el-museo-de-valderrobres\/#primaryimage\",\"url\":\"https:\/\/valderrobres-candida.com\/en\/wp-content\/uploads\/sites\/3\/MUSEO.png\",\"contentUrl\":\"https:\/\/valderrobres-candida.com\/en\/wp-content\/uploads\/sites\/3\/MUSEO.png\",\"width\":800,\"height\":800},{\"@type\":\"BreadcrumbList\",\"@id\":\"https:\/\/valderrobres-candida.com\/en\/blog\/2017\/11\/13\/notepuedesperder-el-museo-de-valderrobres\/#breadcrumb\",\"itemListElement\":[{\"@type\":\"ListItem\",\"position\":1,\"name\":\"Home\",\"item\":\"http:\/\/valderrobres-candida.com\/en\/\"},{\"@type\":\"ListItem\",\"position\":2,\"name\":\"#NoTePuedesPerder | El museo de Valderrobres\"}]},{\"@type\":\"WebSite\",\"@id\":\"http:\/\/valderrobres-candida.com\/en\/#website\",\"url\":\"http:\/\/valderrobres-candida.com\/en\/\",\"name\":\"Valderrobres Candida EN\",\"description\":\"\",\"potentialAction\":[{\"@type\":\"SearchAction\",\"target\":{\"@type\":\"EntryPoint\",\"urlTemplate\":\"http:\/\/valderrobres-candida.com\/en\/?s={search_term_string}\"},\"query-input\":{\"@type\":\"PropertyValueSpecification\",\"valueRequired\":true,\"valueName\":\"search_term_string\"}}],\"inLanguage\":\"en-US\"},{\"@type\":\"Person\",\"@id\":\"http:\/\/valderrobres-candida.com\/en\/#\/schema\/person\/592724f30d9f633dc775fbe3b215b45e\",\"name\":\"admin\",\"image\":{\"@type\":\"ImageObject\",\"inLanguage\":\"en-US\",\"@id\":\"http:\/\/valderrobres-candida.com\/en\/#\/schema\/person\/image\/\",\"url\":\"https:\/\/secure.gravatar.com\/avatar\/6593ee61f0881136cad83437ff20a0e7a7e66b6fb8ebe95c1f89f896a627e56a?s=96&d=mm&r=g\",\"contentUrl\":\"https:\/\/secure.gravatar.com\/avatar\/6593ee61f0881136cad83437ff20a0e7a7e66b6fb8ebe95c1f89f896a627e56a?s=96&d=mm&r=g\",\"caption\":\"admin\"},\"url\":\"https:\/\/valderrobres-candida.com\/en\/blog\/author\/admin\/\"}]}<\/script>\n<!-- \/ Yoast SEO plugin. -->","yoast_head_json":{"title":"#NoTePuedesPerder | El museo de Valderrobres - Valderrobres Candida EN","robots":{"index":"index","follow":"follow","max-snippet":"max-snippet:-1","max-image-preview":"max-image-preview:large","max-video-preview":"max-video-preview:-1"},"canonical":"https:\/\/valderrobres-candida.com\/en\/blog\/2017\/11\/13\/notepuedesperder-el-museo-de-valderrobres\/","og_locale":"en_US","og_type":"article","og_title":"#NoTePuedesPerder | El museo de Valderrobres - Valderrobres Candida EN","og_description":"La Fundaci\u00f3n Valderrobres Patrimonial ha recibido varias piezas que ha cedido el Museu del Teatre de Barcelona que pertenecieron a la soprano Elvira de Hidalgo y que van a servir para completar la sala que se le dedicar\u00e1 en el Museo de la localidad de la comarca del Matarranya\/Matarra\u00f1a. Al Museo de Valderrobres han llegado","og_url":"https:\/\/valderrobres-candida.com\/en\/blog\/2017\/11\/13\/notepuedesperder-el-museo-de-valderrobres\/","og_site_name":"Valderrobres Candida EN","article_published_time":"2017-11-13T13:33:30+00:00","article_modified_time":"2017-11-13T13:36:28+00:00","og_image":[{"width":800,"height":800,"url":"https:\/\/valderrobres-candida.com\/en\/wp-content\/uploads\/sites\/3\/MUSEO.png","type":"image\/png"}],"author":"admin","twitter_card":"summary_large_image","twitter_misc":{"Written by":"admin","Est. reading time":"3 minutes"},"schema":{"@context":"https:\/\/schema.org","@graph":[{"@type":"Article","@id":"https:\/\/valderrobres-candida.com\/en\/blog\/2017\/11\/13\/notepuedesperder-el-museo-de-valderrobres\/#article","isPartOf":{"@id":"https:\/\/valderrobres-candida.com\/en\/blog\/2017\/11\/13\/notepuedesperder-el-museo-de-valderrobres\/"},"author":{"name":"admin","@id":"http:\/\/valderrobres-candida.com\/en\/#\/schema\/person\/592724f30d9f633dc775fbe3b215b45e"},"headline":"#NoTePuedesPerder | El museo de Valderrobres","datePublished":"2017-11-13T13:33:30+00:00","dateModified":"2017-11-13T13:36:28+00:00","mainEntityOfPage":{"@id":"https:\/\/valderrobres-candida.com\/en\/blog\/2017\/11\/13\/notepuedesperder-el-museo-de-valderrobres\/"},"wordCount":681,"commentCount":0,"image":{"@id":"https:\/\/valderrobres-candida.com\/en\/blog\/2017\/11\/13\/notepuedesperder-el-museo-de-valderrobres\/#primaryimage"},"thumbnailUrl":"https:\/\/valderrobres-candida.com\/en\/wp-content\/uploads\/sites\/3\/MUSEO.png","articleSection":["Blog","Not\u00edcias"],"inLanguage":"en-US","potentialAction":[{"@type":"CommentAction","name":"Comment","target":["https:\/\/valderrobres-candida.com\/en\/blog\/2017\/11\/13\/notepuedesperder-el-museo-de-valderrobres\/#respond"]}]},{"@type":"WebPage","@id":"https:\/\/valderrobres-candida.com\/en\/blog\/2017\/11\/13\/notepuedesperder-el-museo-de-valderrobres\/","url":"https:\/\/valderrobres-candida.com\/en\/blog\/2017\/11\/13\/notepuedesperder-el-museo-de-valderrobres\/","name":"#NoTePuedesPerder | El museo de Valderrobres - Valderrobres Candida EN","isPartOf":{"@id":"http:\/\/valderrobres-candida.com\/en\/#website"},"primaryImageOfPage":{"@id":"https:\/\/valderrobres-candida.com\/en\/blog\/2017\/11\/13\/notepuedesperder-el-museo-de-valderrobres\/#primaryimage"},"image":{"@id":"https:\/\/valderrobres-candida.com\/en\/blog\/2017\/11\/13\/notepuedesperder-el-museo-de-valderrobres\/#primaryimage"},"thumbnailUrl":"https:\/\/valderrobres-candida.com\/en\/wp-content\/uploads\/sites\/3\/MUSEO.png","datePublished":"2017-11-13T13:33:30+00:00","dateModified":"2017-11-13T13:36:28+00:00","author":{"@id":"http:\/\/valderrobres-candida.com\/en\/#\/schema\/person\/592724f30d9f633dc775fbe3b215b45e"},"breadcrumb":{"@id":"https:\/\/valderrobres-candida.com\/en\/blog\/2017\/11\/13\/notepuedesperder-el-museo-de-valderrobres\/#breadcrumb"},"inLanguage":"en-US","potentialAction":[{"@type":"ReadAction","target":["https:\/\/valderrobres-candida.com\/en\/blog\/2017\/11\/13\/notepuedesperder-el-museo-de-valderrobres\/"]}]},{"@type":"ImageObject","inLanguage":"en-US","@id":"https:\/\/valderrobres-candida.com\/en\/blog\/2017\/11\/13\/notepuedesperder-el-museo-de-valderrobres\/#primaryimage","url":"https:\/\/valderrobres-candida.com\/en\/wp-content\/uploads\/sites\/3\/MUSEO.png","contentUrl":"https:\/\/valderrobres-candida.com\/en\/wp-content\/uploads\/sites\/3\/MUSEO.png","width":800,"height":800},{"@type":"BreadcrumbList","@id":"https:\/\/valderrobres-candida.com\/en\/blog\/2017\/11\/13\/notepuedesperder-el-museo-de-valderrobres\/#breadcrumb","itemListElement":[{"@type":"ListItem","position":1,"name":"Home","item":"http:\/\/valderrobres-candida.com\/en\/"},{"@type":"ListItem","position":2,"name":"#NoTePuedesPerder | El museo de Valderrobres"}]},{"@type":"WebSite","@id":"http:\/\/valderrobres-candida.com\/en\/#website","url":"http:\/\/valderrobres-candida.com\/en\/","name":"Valderrobres Candida EN","description":"","potentialAction":[{"@type":"SearchAction","target":{"@type":"EntryPoint","urlTemplate":"http:\/\/valderrobres-candida.com\/en\/?s={search_term_string}"},"query-input":{"@type":"PropertyValueSpecification","valueRequired":true,"valueName":"search_term_string"}}],"inLanguage":"en-US"},{"@type":"Person","@id":"http:\/\/valderrobres-candida.com\/en\/#\/schema\/person\/592724f30d9f633dc775fbe3b215b45e","name":"admin","image":{"@type":"ImageObject","inLanguage":"en-US","@id":"http:\/\/valderrobres-candida.com\/en\/#\/schema\/person\/image\/","url":"https:\/\/secure.gravatar.com\/avatar\/6593ee61f0881136cad83437ff20a0e7a7e66b6fb8ebe95c1f89f896a627e56a?s=96&d=mm&r=g","contentUrl":"https:\/\/secure.gravatar.com\/avatar\/6593ee61f0881136cad83437ff20a0e7a7e66b6fb8ebe95c1f89f896a627e56a?s=96&d=mm&r=g","caption":"admin"},"url":"https:\/\/valderrobres-candida.com\/en\/blog\/author\/admin\/"}]}},"_links":{"self":[{"href":"https:\/\/valderrobres-candida.com\/en\/wp-json\/wp\/v2\/posts\/1140","targetHints":{"allow":["GET"]}}],"collection":[{"href":"https:\/\/valderrobres-candida.com\/en\/wp-json\/wp\/v2\/posts"}],"about":[{"href":"https:\/\/valderrobres-candida.com\/en\/wp-json\/wp\/v2\/types\/post"}],"author":[{"embeddable":true,"href":"https:\/\/valderrobres-candida.com\/en\/wp-json\/wp\/v2\/users\/1"}],"replies":[{"embeddable":true,"href":"https:\/\/valderrobres-candida.com\/en\/wp-json\/wp\/v2\/comments?post=1140"}],"version-history":[{"count":1,"href":"https:\/\/valderrobres-candida.com\/en\/wp-json\/wp\/v2\/posts\/1140\/revisions"}],"predecessor-version":[{"id":1141,"href":"https:\/\/valderrobres-candida.com\/en\/wp-json\/wp\/v2\/posts\/1140\/revisions\/1141"}],"wp:featuredmedia":[{"embeddable":true,"href":"https:\/\/valderrobres-candida.com\/en\/wp-json\/wp\/v2\/media\/1142"}],"wp:attachment":[{"href":"https:\/\/valderrobres-candida.com\/en\/wp-json\/wp\/v2\/media?parent=1140"}],"wp:term":[{"taxonomy":"category","embeddable":true,"href":"https:\/\/valderrobres-candida.com\/en\/wp-json\/wp\/v2\/categories?post=1140"},{"taxonomy":"post_tag","embeddable":true,"href":"https:\/\/valderrobres-candida.com\/en\/wp-json\/wp\/v2\/tags?post=1140"}],"curies":[{"name":"wp","href":"https:\/\/api.w.org\/{rel}","templated":true}]}}