{"id":1146,"date":"2017-11-27T14:43:31","date_gmt":"2017-11-27T14:43:31","guid":{"rendered":"http:\/\/valderrobres-candida.com\/?p=1146"},"modified":"2017-11-27T14:54:51","modified_gmt":"2017-11-27T14:54:51","slug":"notepuedesperder-aceite-de-oliva-del-bajo-aragon","status":"publish","type":"post","link":"https:\/\/valderrobres-candida.com\/en\/blog\/2017\/11\/27\/notepuedesperder-aceite-de-oliva-del-bajo-aragon\/","title":{"rendered":"#NoTePuedesPerder | Aceite de Oliva del Bajo Arag\u00f3n"},"content":{"rendered":"<h2>Aceite de Oliva Virgen del Bajo Arag\u00f3n<\/h2>\n<p>La Denominaci\u00f3n de origen Aceite del Bajo Arag\u00f3n se encuentra ubicada en el nordeste turolense y el sudeste de la provincia de Zaragoza, un \u00e1mbito geogr\u00e1fico que pasa por ser una de las zonas productoras de aceite de oliva m\u00e1s importantes de la zona norte de Espa\u00f1a. Ocupa una superficie cultivada de 37.000 hect\u00e1reas, con una densidad media de 70 olivos\/ha, y est\u00e1 compuesta por 77 municipios.<\/p>\n<p><a class=\"flipLightBox-1\" href=\"http:\/\/www.aceitedelbajoaragon.es\/img\/fotos\/mapa_denominacion_g.jpg\"><img decoding=\"async\" class=\"FotoCenter\" src=\"http:\/\/www.aceitedelbajoaragon.es\/img\/fotos\/mapa_denominacion.jpg\" alt=\"Mapa de la D.O. Aceite del Bajo Arag\u00f3n\" border=\"0\" \/><\/a><\/p>\n<p>La relaci\u00f3n de t\u00e9rminos municipales acogidos a la D.O. Aceite del Bajo Arag\u00f3n son: Aguaviva, Alac\u00f3n, Albalate, Alborge, Alca\u00f1\u00edz, Alcorisa, Alloza, Almochuel, Almonacid de la Cuba, Andorra, Arens de Lled\u00f3, Ari\u00f1o, Azaila, Beceite, Belchite, Belmonte de San Jos\u00e9, Berge, Bord\u00f3n, Calaceite, Calanda, Ca\u00f1izar del Olivar, Caspe, Castellote, Castelnou, Castelser\u00e1s, Chiprana, Cinco Olivas, Cretas, Crivill\u00e9n, Escatr\u00f3n, Estercuel, Fabara, Fay\u00f3n, F\u00f3rnoles, Foz- Calanda, Fuentes de Ebro, Fuentespalda, Gargallo, Hijar, Jatiel, La Cerollera, La Codo\u00f1era, La Fresneda, La Gata, La Ginebrosa, La Mata de los Olmos, La Portellada, La Puebla de Hijar, La Zaida, Las Parras de Castellote, Letux, Lled\u00f3, Los Olmos, Maella, Mas de las Matas, Mazale\u00f3n, Mequinenza, Molinos, Monroyo, Nonaspe, Oliete, Pe\u00f1arroya de Tastavins, Quinto de Ebro, R\u00e1fales, Samper de Calanda, S\u00e1stago Seno, Torre de Arcas, Torre del Compte, Torrecilla de Alca\u00f1\u00edz, Torrevelilla, Urrea de Ga\u00e9n, Valdealgorfa, Valderrobres, Valdetormo, Valjunquera y Vinaceite.<\/p>\n<h2>Datos de la Denominaci\u00f3n de Origen Aceite del Bajo Arag\u00f3n<\/h2>\n<ul>\n<li>El CRDO Aceite del Bajo Arag\u00f3n se constituy\u00f3 en octubre de 2001<\/li>\n<li>Producci\u00f3n de aceite: 32.000.000 kg. oliva (campa\u00f1a 2015\/2016)<\/li>\n<li>Comercializaci\u00f3n: 2.200.000 litros de aceite certificado (01\/01\/2016 \u2013 31\/12\/2016)<\/li>\n<li>Exportaci\u00f3n: Aproximadamente 10% del total comercializado (campa\u00f1a 2015\/2016)<\/li>\n<li>N\u00ba de empresas inscritas: 36 (4 envasadoras y 32 almazaras)<\/li>\n<li>Las variedades de aceitunas con las que se elabora el aceite acogido a esta denominaci\u00f3n son Empeltre, Arbequina y Royal de la especie Olea Europea L.<\/li>\n<li>La Denominaci\u00f3n de Origen recoge el Bajo Arag\u00f3n turolense, zaragozano y el campo de Belchite<\/li>\n<\/ul>\n<p>v\u00eda aceitedelbajoaragon.es<\/p>\n<p>&nbsp;<\/p>\n","protected":false},"excerpt":{"rendered":"<p>Aceite de Oliva Virgen del Bajo Arag\u00f3n La Denominaci\u00f3n de origen Aceite del Bajo Arag\u00f3n se encuentra ubicada en el nordeste turolense y el sudeste de la provincia de Zaragoza, un \u00e1mbito geogr\u00e1fico que pasa por ser una de las zonas productoras de aceite de oliva m\u00e1s importantes de la zona norte de Espa\u00f1a. Ocupa<\/p>\n","protected":false},"author":1,"featured_media":1149,"comment_status":"open","ping_status":"open","sticky":false,"template":"","format":"standard","meta":{"footnotes":""},"categories":[150],"tags":[],"class_list":["post-1146","post","type-post","status-publish","format-standard","has-post-thumbnail","hentry","category-blog"],"yoast_head":"<!-- This site is optimized with the Yoast SEO plugin v26.7 - https:\/\/yoast.com\/wordpress\/plugins\/seo\/ -->\n<title>#NoTePuedesPerder | Aceite de Oliva del Bajo Arag\u00f3n - Valderrobres Candida EN<\/title>\n<meta name=\"robots\" content=\"index, follow, max-snippet:-1, max-image-preview:large, max-video-preview:-1\" \/>\n<link rel=\"canonical\" href=\"https:\/\/valderrobres-candida.com\/en\/blog\/2017\/11\/27\/notepuedesperder-aceite-de-oliva-del-bajo-aragon\/\" \/>\n<meta property=\"og:locale\" content=\"en_US\" \/>\n<meta property=\"og:type\" content=\"article\" \/>\n<meta property=\"og:title\" content=\"#NoTePuedesPerder | Aceite de Oliva del Bajo Arag\u00f3n - Valderrobres Candida EN\" \/>\n<meta property=\"og:description\" content=\"Aceite de Oliva Virgen del Bajo Arag\u00f3n La Denominaci\u00f3n de origen Aceite del Bajo Arag\u00f3n se encuentra ubicada en el nordeste turolense y el sudeste de la provincia de Zaragoza, un \u00e1mbito geogr\u00e1fico que pasa por ser una de las zonas productoras de aceite de oliva m\u00e1s importantes de la zona norte de Espa\u00f1a. Ocupa\" \/>\n<meta property=\"og:url\" content=\"https:\/\/valderrobres-candida.com\/en\/blog\/2017\/11\/27\/notepuedesperder-aceite-de-oliva-del-bajo-aragon\/\" \/>\n<meta property=\"og:site_name\" content=\"Valderrobres Candida EN\" \/>\n<meta property=\"article:published_time\" content=\"2017-11-27T14:43:31+00:00\" \/>\n<meta property=\"article:modified_time\" content=\"2017-11-27T14:54:51+00:00\" \/>\n<meta property=\"og:image\" content=\"https:\/\/valderrobres-candida.com\/en\/wp-content\/uploads\/sites\/3\/aceite-virgen-extra.jpg\" \/>\n\t<meta property=\"og:image:width\" content=\"675\" \/>\n\t<meta property=\"og:image:height\" content=\"449\" \/>\n\t<meta property=\"og:image:type\" content=\"image\/jpeg\" \/>\n<meta name=\"author\" content=\"admin\" \/>\n<meta name=\"twitter:card\" content=\"summary_large_image\" \/>\n<meta name=\"twitter:label1\" content=\"Written by\" \/>\n\t<meta name=\"twitter:data1\" content=\"admin\" \/>\n\t<meta name=\"twitter:label2\" content=\"Est. reading time\" \/>\n\t<meta name=\"twitter:data2\" content=\"2 minutes\" \/>\n<script type=\"application\/ld+json\" class=\"yoast-schema-graph\">{\"@context\":\"https:\/\/schema.org\",\"@graph\":[{\"@type\":\"Article\",\"@id\":\"https:\/\/valderrobres-candida.com\/en\/blog\/2017\/11\/27\/notepuedesperder-aceite-de-oliva-del-bajo-aragon\/#article\",\"isPartOf\":{\"@id\":\"https:\/\/valderrobres-candida.com\/en\/blog\/2017\/11\/27\/notepuedesperder-aceite-de-oliva-del-bajo-aragon\/\"},\"author\":{\"name\":\"admin\",\"@id\":\"http:\/\/valderrobres-candida.com\/en\/#\/schema\/person\/592724f30d9f633dc775fbe3b215b45e\"},\"headline\":\"#NoTePuedesPerder | Aceite de Oliva del Bajo Arag\u00f3n\",\"datePublished\":\"2017-11-27T14:43:31+00:00\",\"dateModified\":\"2017-11-27T14:54:51+00:00\",\"mainEntityOfPage\":{\"@id\":\"https:\/\/valderrobres-candida.com\/en\/blog\/2017\/11\/27\/notepuedesperder-aceite-de-oliva-del-bajo-aragon\/\"},\"wordCount\":351,\"commentCount\":0,\"image\":{\"@id\":\"https:\/\/valderrobres-candida.com\/en\/blog\/2017\/11\/27\/notepuedesperder-aceite-de-oliva-del-bajo-aragon\/#primaryimage\"},\"thumbnailUrl\":\"https:\/\/valderrobres-candida.com\/en\/wp-content\/uploads\/sites\/3\/aceite-virgen-extra.jpg\",\"articleSection\":[\"Blog\"],\"inLanguage\":\"en-US\",\"potentialAction\":[{\"@type\":\"CommentAction\",\"name\":\"Comment\",\"target\":[\"https:\/\/valderrobres-candida.com\/en\/blog\/2017\/11\/27\/notepuedesperder-aceite-de-oliva-del-bajo-aragon\/#respond\"]}]},{\"@type\":\"WebPage\",\"@id\":\"https:\/\/valderrobres-candida.com\/en\/blog\/2017\/11\/27\/notepuedesperder-aceite-de-oliva-del-bajo-aragon\/\",\"url\":\"https:\/\/valderrobres-candida.com\/en\/blog\/2017\/11\/27\/notepuedesperder-aceite-de-oliva-del-bajo-aragon\/\",\"name\":\"#NoTePuedesPerder | Aceite de Oliva del Bajo Arag\u00f3n - Valderrobres Candida EN\",\"isPartOf\":{\"@id\":\"http:\/\/valderrobres-candida.com\/en\/#website\"},\"primaryImageOfPage\":{\"@id\":\"https:\/\/valderrobres-candida.com\/en\/blog\/2017\/11\/27\/notepuedesperder-aceite-de-oliva-del-bajo-aragon\/#primaryimage\"},\"image\":{\"@id\":\"https:\/\/valderrobres-candida.com\/en\/blog\/2017\/11\/27\/notepuedesperder-aceite-de-oliva-del-bajo-aragon\/#primaryimage\"},\"thumbnailUrl\":\"https:\/\/valderrobres-candida.com\/en\/wp-content\/uploads\/sites\/3\/aceite-virgen-extra.jpg\",\"datePublished\":\"2017-11-27T14:43:31+00:00\",\"dateModified\":\"2017-11-27T14:54:51+00:00\",\"author\":{\"@id\":\"http:\/\/valderrobres-candida.com\/en\/#\/schema\/person\/592724f30d9f633dc775fbe3b215b45e\"},\"breadcrumb\":{\"@id\":\"https:\/\/valderrobres-candida.com\/en\/blog\/2017\/11\/27\/notepuedesperder-aceite-de-oliva-del-bajo-aragon\/#breadcrumb\"},\"inLanguage\":\"en-US\",\"potentialAction\":[{\"@type\":\"ReadAction\",\"target\":[\"https:\/\/valderrobres-candida.com\/en\/blog\/2017\/11\/27\/notepuedesperder-aceite-de-oliva-del-bajo-aragon\/\"]}]},{\"@type\":\"ImageObject\",\"inLanguage\":\"en-US\",\"@id\":\"https:\/\/valderrobres-candida.com\/en\/blog\/2017\/11\/27\/notepuedesperder-aceite-de-oliva-del-bajo-aragon\/#primaryimage\",\"url\":\"https:\/\/valderrobres-candida.com\/en\/wp-content\/uploads\/sites\/3\/aceite-virgen-extra.jpg\",\"contentUrl\":\"https:\/\/valderrobres-candida.com\/en\/wp-content\/uploads\/sites\/3\/aceite-virgen-extra.jpg\",\"width\":675,\"height\":449},{\"@type\":\"BreadcrumbList\",\"@id\":\"https:\/\/valderrobres-candida.com\/en\/blog\/2017\/11\/27\/notepuedesperder-aceite-de-oliva-del-bajo-aragon\/#breadcrumb\",\"itemListElement\":[{\"@type\":\"ListItem\",\"position\":1,\"name\":\"Home\",\"item\":\"http:\/\/valderrobres-candida.com\/en\/\"},{\"@type\":\"ListItem\",\"position\":2,\"name\":\"#NoTePuedesPerder | Aceite de Oliva del Bajo Arag\u00f3n\"}]},{\"@type\":\"WebSite\",\"@id\":\"http:\/\/valderrobres-candida.com\/en\/#website\",\"url\":\"http:\/\/valderrobres-candida.com\/en\/\",\"name\":\"Valderrobres Candida EN\",\"description\":\"\",\"potentialAction\":[{\"@type\":\"SearchAction\",\"target\":{\"@type\":\"EntryPoint\",\"urlTemplate\":\"http:\/\/valderrobres-candida.com\/en\/?s={search_term_string}\"},\"query-input\":{\"@type\":\"PropertyValueSpecification\",\"valueRequired\":true,\"valueName\":\"search_term_string\"}}],\"inLanguage\":\"en-US\"},{\"@type\":\"Person\",\"@id\":\"http:\/\/valderrobres-candida.com\/en\/#\/schema\/person\/592724f30d9f633dc775fbe3b215b45e\",\"name\":\"admin\",\"image\":{\"@type\":\"ImageObject\",\"inLanguage\":\"en-US\",\"@id\":\"http:\/\/valderrobres-candida.com\/en\/#\/schema\/person\/image\/\",\"url\":\"https:\/\/secure.gravatar.com\/avatar\/6593ee61f0881136cad83437ff20a0e7a7e66b6fb8ebe95c1f89f896a627e56a?s=96&d=mm&r=g\",\"contentUrl\":\"https:\/\/secure.gravatar.com\/avatar\/6593ee61f0881136cad83437ff20a0e7a7e66b6fb8ebe95c1f89f896a627e56a?s=96&d=mm&r=g\",\"caption\":\"admin\"},\"url\":\"https:\/\/valderrobres-candida.com\/en\/blog\/author\/admin\/\"}]}<\/script>\n<!-- \/ Yoast SEO plugin. -->","yoast_head_json":{"title":"#NoTePuedesPerder | Aceite de Oliva del Bajo Arag\u00f3n - Valderrobres Candida EN","robots":{"index":"index","follow":"follow","max-snippet":"max-snippet:-1","max-image-preview":"max-image-preview:large","max-video-preview":"max-video-preview:-1"},"canonical":"https:\/\/valderrobres-candida.com\/en\/blog\/2017\/11\/27\/notepuedesperder-aceite-de-oliva-del-bajo-aragon\/","og_locale":"en_US","og_type":"article","og_title":"#NoTePuedesPerder | Aceite de Oliva del Bajo Arag\u00f3n - Valderrobres Candida EN","og_description":"Aceite de Oliva Virgen del Bajo Arag\u00f3n La Denominaci\u00f3n de origen Aceite del Bajo Arag\u00f3n se encuentra ubicada en el nordeste turolense y el sudeste de la provincia de Zaragoza, un \u00e1mbito geogr\u00e1fico que pasa por ser una de las zonas productoras de aceite de oliva m\u00e1s importantes de la zona norte de Espa\u00f1a. Ocupa","og_url":"https:\/\/valderrobres-candida.com\/en\/blog\/2017\/11\/27\/notepuedesperder-aceite-de-oliva-del-bajo-aragon\/","og_site_name":"Valderrobres Candida EN","article_published_time":"2017-11-27T14:43:31+00:00","article_modified_time":"2017-11-27T14:54:51+00:00","og_image":[{"width":675,"height":449,"url":"https:\/\/valderrobres-candida.com\/en\/wp-content\/uploads\/sites\/3\/aceite-virgen-extra.jpg","type":"image\/jpeg"}],"author":"admin","twitter_card":"summary_large_image","twitter_misc":{"Written by":"admin","Est. reading time":"2 minutes"},"schema":{"@context":"https:\/\/schema.org","@graph":[{"@type":"Article","@id":"https:\/\/valderrobres-candida.com\/en\/blog\/2017\/11\/27\/notepuedesperder-aceite-de-oliva-del-bajo-aragon\/#article","isPartOf":{"@id":"https:\/\/valderrobres-candida.com\/en\/blog\/2017\/11\/27\/notepuedesperder-aceite-de-oliva-del-bajo-aragon\/"},"author":{"name":"admin","@id":"http:\/\/valderrobres-candida.com\/en\/#\/schema\/person\/592724f30d9f633dc775fbe3b215b45e"},"headline":"#NoTePuedesPerder | Aceite de Oliva del Bajo Arag\u00f3n","datePublished":"2017-11-27T14:43:31+00:00","dateModified":"2017-11-27T14:54:51+00:00","mainEntityOfPage":{"@id":"https:\/\/valderrobres-candida.com\/en\/blog\/2017\/11\/27\/notepuedesperder-aceite-de-oliva-del-bajo-aragon\/"},"wordCount":351,"commentCount":0,"image":{"@id":"https:\/\/valderrobres-candida.com\/en\/blog\/2017\/11\/27\/notepuedesperder-aceite-de-oliva-del-bajo-aragon\/#primaryimage"},"thumbnailUrl":"https:\/\/valderrobres-candida.com\/en\/wp-content\/uploads\/sites\/3\/aceite-virgen-extra.jpg","articleSection":["Blog"],"inLanguage":"en-US","potentialAction":[{"@type":"CommentAction","name":"Comment","target":["https:\/\/valderrobres-candida.com\/en\/blog\/2017\/11\/27\/notepuedesperder-aceite-de-oliva-del-bajo-aragon\/#respond"]}]},{"@type":"WebPage","@id":"https:\/\/valderrobres-candida.com\/en\/blog\/2017\/11\/27\/notepuedesperder-aceite-de-oliva-del-bajo-aragon\/","url":"https:\/\/valderrobres-candida.com\/en\/blog\/2017\/11\/27\/notepuedesperder-aceite-de-oliva-del-bajo-aragon\/","name":"#NoTePuedesPerder | Aceite de Oliva del Bajo Arag\u00f3n - Valderrobres Candida EN","isPartOf":{"@id":"http:\/\/valderrobres-candida.com\/en\/#website"},"primaryImageOfPage":{"@id":"https:\/\/valderrobres-candida.com\/en\/blog\/2017\/11\/27\/notepuedesperder-aceite-de-oliva-del-bajo-aragon\/#primaryimage"},"image":{"@id":"https:\/\/valderrobres-candida.com\/en\/blog\/2017\/11\/27\/notepuedesperder-aceite-de-oliva-del-bajo-aragon\/#primaryimage"},"thumbnailUrl":"https:\/\/valderrobres-candida.com\/en\/wp-content\/uploads\/sites\/3\/aceite-virgen-extra.jpg","datePublished":"2017-11-27T14:43:31+00:00","dateModified":"2017-11-27T14:54:51+00:00","author":{"@id":"http:\/\/valderrobres-candida.com\/en\/#\/schema\/person\/592724f30d9f633dc775fbe3b215b45e"},"breadcrumb":{"@id":"https:\/\/valderrobres-candida.com\/en\/blog\/2017\/11\/27\/notepuedesperder-aceite-de-oliva-del-bajo-aragon\/#breadcrumb"},"inLanguage":"en-US","potentialAction":[{"@type":"ReadAction","target":["https:\/\/valderrobres-candida.com\/en\/blog\/2017\/11\/27\/notepuedesperder-aceite-de-oliva-del-bajo-aragon\/"]}]},{"@type":"ImageObject","inLanguage":"en-US","@id":"https:\/\/valderrobres-candida.com\/en\/blog\/2017\/11\/27\/notepuedesperder-aceite-de-oliva-del-bajo-aragon\/#primaryimage","url":"https:\/\/valderrobres-candida.com\/en\/wp-content\/uploads\/sites\/3\/aceite-virgen-extra.jpg","contentUrl":"https:\/\/valderrobres-candida.com\/en\/wp-content\/uploads\/sites\/3\/aceite-virgen-extra.jpg","width":675,"height":449},{"@type":"BreadcrumbList","@id":"https:\/\/valderrobres-candida.com\/en\/blog\/2017\/11\/27\/notepuedesperder-aceite-de-oliva-del-bajo-aragon\/#breadcrumb","itemListElement":[{"@type":"ListItem","position":1,"name":"Home","item":"http:\/\/valderrobres-candida.com\/en\/"},{"@type":"ListItem","position":2,"name":"#NoTePuedesPerder | Aceite de Oliva del Bajo Arag\u00f3n"}]},{"@type":"WebSite","@id":"http:\/\/valderrobres-candida.com\/en\/#website","url":"http:\/\/valderrobres-candida.com\/en\/","name":"Valderrobres Candida EN","description":"","potentialAction":[{"@type":"SearchAction","target":{"@type":"EntryPoint","urlTemplate":"http:\/\/valderrobres-candida.com\/en\/?s={search_term_string}"},"query-input":{"@type":"PropertyValueSpecification","valueRequired":true,"valueName":"search_term_string"}}],"inLanguage":"en-US"},{"@type":"Person","@id":"http:\/\/valderrobres-candida.com\/en\/#\/schema\/person\/592724f30d9f633dc775fbe3b215b45e","name":"admin","image":{"@type":"ImageObject","inLanguage":"en-US","@id":"http:\/\/valderrobres-candida.com\/en\/#\/schema\/person\/image\/","url":"https:\/\/secure.gravatar.com\/avatar\/6593ee61f0881136cad83437ff20a0e7a7e66b6fb8ebe95c1f89f896a627e56a?s=96&d=mm&r=g","contentUrl":"https:\/\/secure.gravatar.com\/avatar\/6593ee61f0881136cad83437ff20a0e7a7e66b6fb8ebe95c1f89f896a627e56a?s=96&d=mm&r=g","caption":"admin"},"url":"https:\/\/valderrobres-candida.com\/en\/blog\/author\/admin\/"}]}},"_links":{"self":[{"href":"https:\/\/valderrobres-candida.com\/en\/wp-json\/wp\/v2\/posts\/1146","targetHints":{"allow":["GET"]}}],"collection":[{"href":"https:\/\/valderrobres-candida.com\/en\/wp-json\/wp\/v2\/posts"}],"about":[{"href":"https:\/\/valderrobres-candida.com\/en\/wp-json\/wp\/v2\/types\/post"}],"author":[{"embeddable":true,"href":"https:\/\/valderrobres-candida.com\/en\/wp-json\/wp\/v2\/users\/1"}],"replies":[{"embeddable":true,"href":"https:\/\/valderrobres-candida.com\/en\/wp-json\/wp\/v2\/comments?post=1146"}],"version-history":[{"count":1,"href":"https:\/\/valderrobres-candida.com\/en\/wp-json\/wp\/v2\/posts\/1146\/revisions"}],"predecessor-version":[{"id":1147,"href":"https:\/\/valderrobres-candida.com\/en\/wp-json\/wp\/v2\/posts\/1146\/revisions\/1147"}],"wp:featuredmedia":[{"embeddable":true,"href":"https:\/\/valderrobres-candida.com\/en\/wp-json\/wp\/v2\/media\/1149"}],"wp:attachment":[{"href":"https:\/\/valderrobres-candida.com\/en\/wp-json\/wp\/v2\/media?parent=1146"}],"wp:term":[{"taxonomy":"category","embeddable":true,"href":"https:\/\/valderrobres-candida.com\/en\/wp-json\/wp\/v2\/categories?post=1146"},{"taxonomy":"post_tag","embeddable":true,"href":"https:\/\/valderrobres-candida.com\/en\/wp-json\/wp\/v2\/tags?post=1146"}],"curies":[{"name":"wp","href":"https:\/\/api.w.org\/{rel}","templated":true}]}}