{"id":1168,"date":"2018-01-16T11:06:59","date_gmt":"2018-01-16T11:06:59","guid":{"rendered":"http:\/\/valderrobres-candida.com\/?p=1168"},"modified":"2018-01-16T11:06:59","modified_gmt":"2018-01-16T11:06:59","slug":"notepuedesperder-ruta-la-fresneda","status":"publish","type":"post","link":"https:\/\/valderrobres-candida.com\/en\/blog\/2018\/01\/16\/notepuedesperder-ruta-la-fresneda\/","title":{"rendered":"#NoTePuedesPerder | Ruta La Fresneda"},"content":{"rendered":"<div class=\"cpo\">\n<p>Y una vez m\u00e1s los amigos de matarranyaturismo.es nos explican al detalles c\u00f3mo realizar una buena y preciosa ruta por el Matarranya. Vamos a ver c\u00f3mo lo tienes que hacer:<\/p>\n<p>Partiendo de la localidad de La Fresneda descenderemos a buscar el r\u00edo Matarra\u00f1a. Este itinerario, que une ambos pueblos, transcurre en gran parte por el sendero PR-TE-164 que va siguiendo el cauce del r\u00edo Matarra\u00f1a. La proximidad del r\u00edo nos permitir\u00e1 disfrutar de la t\u00edpica vegetaci\u00f3n de ribera (juncos, sargueras, chopos, sauces, olmos), los cultivos de regad\u00edo (melocot\u00f3n, cereza, hortalizas) y del bosque de pinos. Adem\u00e1s, tendremos la posibilidad de visitar dos espl\u00e9ndidas muestras de la arquitectura renacentista de la comarca:\u00a0 las casas consistoriales de La Fresneda y de Valderrobres, ambas representadas en el Pueblo Espa\u00f1ol de Barcelona.<\/p>\n<\/div>\n<dl class=\"lst-dir con\">\n<dt>Desplazamiento<\/dt>\n<dd>Sin especificar medio de localizaci\u00f3n<\/dd>\n<dt>Desnivel<\/dt>\n<dd>285.85 metros<\/dd>\n<dt>Distancia total<\/dt>\n<dd>14 Km<\/dd>\n<dt>Duraci\u00f3n<\/dt>\n<dd>2 horas 15 minutos<\/dd>\n<dt>Dificultad<\/dt>\n<dd>Baja (1 herradura)<\/dd>\n<\/dl>\n<p>&nbsp;<\/p>\n<p>v\u00eda matarranyaturismo.es<\/p>\n","protected":false},"excerpt":{"rendered":"<p>Y una vez m\u00e1s los amigos de matarranyaturismo.es nos explican al detalles c\u00f3mo realizar una buena y preciosa ruta por el Matarranya. Vamos a ver c\u00f3mo lo tienes que hacer: Partiendo de la localidad de La Fresneda descenderemos a buscar el r\u00edo Matarra\u00f1a. Este itinerario, que une ambos pueblos, transcurre en gran parte por el<\/p>\n","protected":false},"author":1,"featured_media":1169,"comment_status":"open","ping_status":"open","sticky":false,"template":"","format":"standard","meta":{"footnotes":""},"categories":[150,18],"tags":[],"class_list":["post-1168","post","type-post","status-publish","format-standard","has-post-thumbnail","hentry","category-blog","category-noticias"],"yoast_head":"<!-- This site is optimized with the Yoast SEO plugin v26.7 - https:\/\/yoast.com\/wordpress\/plugins\/seo\/ -->\n<title>#NoTePuedesPerder | Ruta La Fresneda - Valderrobres Candida EN<\/title>\n<meta name=\"robots\" content=\"index, follow, max-snippet:-1, max-image-preview:large, max-video-preview:-1\" \/>\n<link rel=\"canonical\" href=\"https:\/\/valderrobres-candida.com\/en\/blog\/2018\/01\/16\/notepuedesperder-ruta-la-fresneda\/\" \/>\n<meta property=\"og:locale\" content=\"en_US\" \/>\n<meta property=\"og:type\" content=\"article\" \/>\n<meta property=\"og:title\" content=\"#NoTePuedesPerder | Ruta La Fresneda - Valderrobres Candida EN\" \/>\n<meta property=\"og:description\" content=\"Y una vez m\u00e1s los amigos de matarranyaturismo.es nos explican al detalles c\u00f3mo realizar una buena y preciosa ruta por el Matarranya. Vamos a ver c\u00f3mo lo tienes que hacer: Partiendo de la localidad de La Fresneda descenderemos a buscar el r\u00edo Matarra\u00f1a. Este itinerario, que une ambos pueblos, transcurre en gran parte por el\" \/>\n<meta property=\"og:url\" content=\"https:\/\/valderrobres-candida.com\/en\/blog\/2018\/01\/16\/notepuedesperder-ruta-la-fresneda\/\" \/>\n<meta property=\"og:site_name\" content=\"Valderrobres Candida EN\" \/>\n<meta property=\"article:published_time\" content=\"2018-01-16T11:06:59+00:00\" \/>\n<meta property=\"og:image\" content=\"https:\/\/valderrobres-candida.com\/en\/wp-content\/uploads\/sites\/3\/R-o-Matarranya-Beceite-Spain.jpg\" \/>\n\t<meta property=\"og:image:width\" content=\"1280\" \/>\n\t<meta property=\"og:image:height\" content=\"1280\" \/>\n\t<meta property=\"og:image:type\" content=\"image\/jpeg\" \/>\n<meta name=\"author\" content=\"admin\" \/>\n<meta name=\"twitter:card\" content=\"summary_large_image\" \/>\n<meta name=\"twitter:label1\" content=\"Written by\" \/>\n\t<meta name=\"twitter:data1\" content=\"admin\" \/>\n\t<meta name=\"twitter:label2\" content=\"Est. reading time\" \/>\n\t<meta name=\"twitter:data2\" content=\"1 minute\" \/>\n<script type=\"application\/ld+json\" class=\"yoast-schema-graph\">{\"@context\":\"https:\/\/schema.org\",\"@graph\":[{\"@type\":\"Article\",\"@id\":\"https:\/\/valderrobres-candida.com\/en\/blog\/2018\/01\/16\/notepuedesperder-ruta-la-fresneda\/#article\",\"isPartOf\":{\"@id\":\"https:\/\/valderrobres-candida.com\/en\/blog\/2018\/01\/16\/notepuedesperder-ruta-la-fresneda\/\"},\"author\":{\"name\":\"admin\",\"@id\":\"http:\/\/valderrobres-candida.com\/en\/#\/schema\/person\/592724f30d9f633dc775fbe3b215b45e\"},\"headline\":\"#NoTePuedesPerder | Ruta La Fresneda\",\"datePublished\":\"2018-01-16T11:06:59+00:00\",\"mainEntityOfPage\":{\"@id\":\"https:\/\/valderrobres-candida.com\/en\/blog\/2018\/01\/16\/notepuedesperder-ruta-la-fresneda\/\"},\"wordCount\":172,\"commentCount\":0,\"image\":{\"@id\":\"https:\/\/valderrobres-candida.com\/en\/blog\/2018\/01\/16\/notepuedesperder-ruta-la-fresneda\/#primaryimage\"},\"thumbnailUrl\":\"https:\/\/valderrobres-candida.com\/en\/wp-content\/uploads\/sites\/3\/R-o-Matarranya-Beceite-Spain.jpg\",\"articleSection\":[\"Blog\",\"Not\u00edcias\"],\"inLanguage\":\"en-US\",\"potentialAction\":[{\"@type\":\"CommentAction\",\"name\":\"Comment\",\"target\":[\"https:\/\/valderrobres-candida.com\/en\/blog\/2018\/01\/16\/notepuedesperder-ruta-la-fresneda\/#respond\"]}]},{\"@type\":\"WebPage\",\"@id\":\"https:\/\/valderrobres-candida.com\/en\/blog\/2018\/01\/16\/notepuedesperder-ruta-la-fresneda\/\",\"url\":\"https:\/\/valderrobres-candida.com\/en\/blog\/2018\/01\/16\/notepuedesperder-ruta-la-fresneda\/\",\"name\":\"#NoTePuedesPerder | Ruta La Fresneda - Valderrobres Candida EN\",\"isPartOf\":{\"@id\":\"http:\/\/valderrobres-candida.com\/en\/#website\"},\"primaryImageOfPage\":{\"@id\":\"https:\/\/valderrobres-candida.com\/en\/blog\/2018\/01\/16\/notepuedesperder-ruta-la-fresneda\/#primaryimage\"},\"image\":{\"@id\":\"https:\/\/valderrobres-candida.com\/en\/blog\/2018\/01\/16\/notepuedesperder-ruta-la-fresneda\/#primaryimage\"},\"thumbnailUrl\":\"https:\/\/valderrobres-candida.com\/en\/wp-content\/uploads\/sites\/3\/R-o-Matarranya-Beceite-Spain.jpg\",\"datePublished\":\"2018-01-16T11:06:59+00:00\",\"author\":{\"@id\":\"http:\/\/valderrobres-candida.com\/en\/#\/schema\/person\/592724f30d9f633dc775fbe3b215b45e\"},\"breadcrumb\":{\"@id\":\"https:\/\/valderrobres-candida.com\/en\/blog\/2018\/01\/16\/notepuedesperder-ruta-la-fresneda\/#breadcrumb\"},\"inLanguage\":\"en-US\",\"potentialAction\":[{\"@type\":\"ReadAction\",\"target\":[\"https:\/\/valderrobres-candida.com\/en\/blog\/2018\/01\/16\/notepuedesperder-ruta-la-fresneda\/\"]}]},{\"@type\":\"ImageObject\",\"inLanguage\":\"en-US\",\"@id\":\"https:\/\/valderrobres-candida.com\/en\/blog\/2018\/01\/16\/notepuedesperder-ruta-la-fresneda\/#primaryimage\",\"url\":\"https:\/\/valderrobres-candida.com\/en\/wp-content\/uploads\/sites\/3\/R-o-Matarranya-Beceite-Spain.jpg\",\"contentUrl\":\"https:\/\/valderrobres-candida.com\/en\/wp-content\/uploads\/sites\/3\/R-o-Matarranya-Beceite-Spain.jpg\",\"width\":1280,\"height\":1280},{\"@type\":\"BreadcrumbList\",\"@id\":\"https:\/\/valderrobres-candida.com\/en\/blog\/2018\/01\/16\/notepuedesperder-ruta-la-fresneda\/#breadcrumb\",\"itemListElement\":[{\"@type\":\"ListItem\",\"position\":1,\"name\":\"Home\",\"item\":\"http:\/\/valderrobres-candida.com\/en\/\"},{\"@type\":\"ListItem\",\"position\":2,\"name\":\"#NoTePuedesPerder | Ruta La Fresneda\"}]},{\"@type\":\"WebSite\",\"@id\":\"http:\/\/valderrobres-candida.com\/en\/#website\",\"url\":\"http:\/\/valderrobres-candida.com\/en\/\",\"name\":\"Valderrobres Candida EN\",\"description\":\"\",\"potentialAction\":[{\"@type\":\"SearchAction\",\"target\":{\"@type\":\"EntryPoint\",\"urlTemplate\":\"http:\/\/valderrobres-candida.com\/en\/?s={search_term_string}\"},\"query-input\":{\"@type\":\"PropertyValueSpecification\",\"valueRequired\":true,\"valueName\":\"search_term_string\"}}],\"inLanguage\":\"en-US\"},{\"@type\":\"Person\",\"@id\":\"http:\/\/valderrobres-candida.com\/en\/#\/schema\/person\/592724f30d9f633dc775fbe3b215b45e\",\"name\":\"admin\",\"image\":{\"@type\":\"ImageObject\",\"inLanguage\":\"en-US\",\"@id\":\"http:\/\/valderrobres-candida.com\/en\/#\/schema\/person\/image\/\",\"url\":\"https:\/\/secure.gravatar.com\/avatar\/6593ee61f0881136cad83437ff20a0e7a7e66b6fb8ebe95c1f89f896a627e56a?s=96&d=mm&r=g\",\"contentUrl\":\"https:\/\/secure.gravatar.com\/avatar\/6593ee61f0881136cad83437ff20a0e7a7e66b6fb8ebe95c1f89f896a627e56a?s=96&d=mm&r=g\",\"caption\":\"admin\"},\"url\":\"https:\/\/valderrobres-candida.com\/en\/blog\/author\/admin\/\"}]}<\/script>\n<!-- \/ Yoast SEO plugin. -->","yoast_head_json":{"title":"#NoTePuedesPerder | Ruta La Fresneda - Valderrobres Candida EN","robots":{"index":"index","follow":"follow","max-snippet":"max-snippet:-1","max-image-preview":"max-image-preview:large","max-video-preview":"max-video-preview:-1"},"canonical":"https:\/\/valderrobres-candida.com\/en\/blog\/2018\/01\/16\/notepuedesperder-ruta-la-fresneda\/","og_locale":"en_US","og_type":"article","og_title":"#NoTePuedesPerder | Ruta La Fresneda - Valderrobres Candida EN","og_description":"Y una vez m\u00e1s los amigos de matarranyaturismo.es nos explican al detalles c\u00f3mo realizar una buena y preciosa ruta por el Matarranya. Vamos a ver c\u00f3mo lo tienes que hacer: Partiendo de la localidad de La Fresneda descenderemos a buscar el r\u00edo Matarra\u00f1a. Este itinerario, que une ambos pueblos, transcurre en gran parte por el","og_url":"https:\/\/valderrobres-candida.com\/en\/blog\/2018\/01\/16\/notepuedesperder-ruta-la-fresneda\/","og_site_name":"Valderrobres Candida EN","article_published_time":"2018-01-16T11:06:59+00:00","og_image":[{"width":1280,"height":1280,"url":"https:\/\/valderrobres-candida.com\/en\/wp-content\/uploads\/sites\/3\/R-o-Matarranya-Beceite-Spain.jpg","type":"image\/jpeg"}],"author":"admin","twitter_card":"summary_large_image","twitter_misc":{"Written by":"admin","Est. reading time":"1 minute"},"schema":{"@context":"https:\/\/schema.org","@graph":[{"@type":"Article","@id":"https:\/\/valderrobres-candida.com\/en\/blog\/2018\/01\/16\/notepuedesperder-ruta-la-fresneda\/#article","isPartOf":{"@id":"https:\/\/valderrobres-candida.com\/en\/blog\/2018\/01\/16\/notepuedesperder-ruta-la-fresneda\/"},"author":{"name":"admin","@id":"http:\/\/valderrobres-candida.com\/en\/#\/schema\/person\/592724f30d9f633dc775fbe3b215b45e"},"headline":"#NoTePuedesPerder | Ruta La Fresneda","datePublished":"2018-01-16T11:06:59+00:00","mainEntityOfPage":{"@id":"https:\/\/valderrobres-candida.com\/en\/blog\/2018\/01\/16\/notepuedesperder-ruta-la-fresneda\/"},"wordCount":172,"commentCount":0,"image":{"@id":"https:\/\/valderrobres-candida.com\/en\/blog\/2018\/01\/16\/notepuedesperder-ruta-la-fresneda\/#primaryimage"},"thumbnailUrl":"https:\/\/valderrobres-candida.com\/en\/wp-content\/uploads\/sites\/3\/R-o-Matarranya-Beceite-Spain.jpg","articleSection":["Blog","Not\u00edcias"],"inLanguage":"en-US","potentialAction":[{"@type":"CommentAction","name":"Comment","target":["https:\/\/valderrobres-candida.com\/en\/blog\/2018\/01\/16\/notepuedesperder-ruta-la-fresneda\/#respond"]}]},{"@type":"WebPage","@id":"https:\/\/valderrobres-candida.com\/en\/blog\/2018\/01\/16\/notepuedesperder-ruta-la-fresneda\/","url":"https:\/\/valderrobres-candida.com\/en\/blog\/2018\/01\/16\/notepuedesperder-ruta-la-fresneda\/","name":"#NoTePuedesPerder | Ruta La Fresneda - Valderrobres Candida EN","isPartOf":{"@id":"http:\/\/valderrobres-candida.com\/en\/#website"},"primaryImageOfPage":{"@id":"https:\/\/valderrobres-candida.com\/en\/blog\/2018\/01\/16\/notepuedesperder-ruta-la-fresneda\/#primaryimage"},"image":{"@id":"https:\/\/valderrobres-candida.com\/en\/blog\/2018\/01\/16\/notepuedesperder-ruta-la-fresneda\/#primaryimage"},"thumbnailUrl":"https:\/\/valderrobres-candida.com\/en\/wp-content\/uploads\/sites\/3\/R-o-Matarranya-Beceite-Spain.jpg","datePublished":"2018-01-16T11:06:59+00:00","author":{"@id":"http:\/\/valderrobres-candida.com\/en\/#\/schema\/person\/592724f30d9f633dc775fbe3b215b45e"},"breadcrumb":{"@id":"https:\/\/valderrobres-candida.com\/en\/blog\/2018\/01\/16\/notepuedesperder-ruta-la-fresneda\/#breadcrumb"},"inLanguage":"en-US","potentialAction":[{"@type":"ReadAction","target":["https:\/\/valderrobres-candida.com\/en\/blog\/2018\/01\/16\/notepuedesperder-ruta-la-fresneda\/"]}]},{"@type":"ImageObject","inLanguage":"en-US","@id":"https:\/\/valderrobres-candida.com\/en\/blog\/2018\/01\/16\/notepuedesperder-ruta-la-fresneda\/#primaryimage","url":"https:\/\/valderrobres-candida.com\/en\/wp-content\/uploads\/sites\/3\/R-o-Matarranya-Beceite-Spain.jpg","contentUrl":"https:\/\/valderrobres-candida.com\/en\/wp-content\/uploads\/sites\/3\/R-o-Matarranya-Beceite-Spain.jpg","width":1280,"height":1280},{"@type":"BreadcrumbList","@id":"https:\/\/valderrobres-candida.com\/en\/blog\/2018\/01\/16\/notepuedesperder-ruta-la-fresneda\/#breadcrumb","itemListElement":[{"@type":"ListItem","position":1,"name":"Home","item":"http:\/\/valderrobres-candida.com\/en\/"},{"@type":"ListItem","position":2,"name":"#NoTePuedesPerder | Ruta La Fresneda"}]},{"@type":"WebSite","@id":"http:\/\/valderrobres-candida.com\/en\/#website","url":"http:\/\/valderrobres-candida.com\/en\/","name":"Valderrobres Candida EN","description":"","potentialAction":[{"@type":"SearchAction","target":{"@type":"EntryPoint","urlTemplate":"http:\/\/valderrobres-candida.com\/en\/?s={search_term_string}"},"query-input":{"@type":"PropertyValueSpecification","valueRequired":true,"valueName":"search_term_string"}}],"inLanguage":"en-US"},{"@type":"Person","@id":"http:\/\/valderrobres-candida.com\/en\/#\/schema\/person\/592724f30d9f633dc775fbe3b215b45e","name":"admin","image":{"@type":"ImageObject","inLanguage":"en-US","@id":"http:\/\/valderrobres-candida.com\/en\/#\/schema\/person\/image\/","url":"https:\/\/secure.gravatar.com\/avatar\/6593ee61f0881136cad83437ff20a0e7a7e66b6fb8ebe95c1f89f896a627e56a?s=96&d=mm&r=g","contentUrl":"https:\/\/secure.gravatar.com\/avatar\/6593ee61f0881136cad83437ff20a0e7a7e66b6fb8ebe95c1f89f896a627e56a?s=96&d=mm&r=g","caption":"admin"},"url":"https:\/\/valderrobres-candida.com\/en\/blog\/author\/admin\/"}]}},"_links":{"self":[{"href":"https:\/\/valderrobres-candida.com\/en\/wp-json\/wp\/v2\/posts\/1168","targetHints":{"allow":["GET"]}}],"collection":[{"href":"https:\/\/valderrobres-candida.com\/en\/wp-json\/wp\/v2\/posts"}],"about":[{"href":"https:\/\/valderrobres-candida.com\/en\/wp-json\/wp\/v2\/types\/post"}],"author":[{"embeddable":true,"href":"https:\/\/valderrobres-candida.com\/en\/wp-json\/wp\/v2\/users\/1"}],"replies":[{"embeddable":true,"href":"https:\/\/valderrobres-candida.com\/en\/wp-json\/wp\/v2\/comments?post=1168"}],"version-history":[{"count":1,"href":"https:\/\/valderrobres-candida.com\/en\/wp-json\/wp\/v2\/posts\/1168\/revisions"}],"predecessor-version":[{"id":1170,"href":"https:\/\/valderrobres-candida.com\/en\/wp-json\/wp\/v2\/posts\/1168\/revisions\/1170"}],"wp:featuredmedia":[{"embeddable":true,"href":"https:\/\/valderrobres-candida.com\/en\/wp-json\/wp\/v2\/media\/1169"}],"wp:attachment":[{"href":"https:\/\/valderrobres-candida.com\/en\/wp-json\/wp\/v2\/media?parent=1168"}],"wp:term":[{"taxonomy":"category","embeddable":true,"href":"https:\/\/valderrobres-candida.com\/en\/wp-json\/wp\/v2\/categories?post=1168"},{"taxonomy":"post_tag","embeddable":true,"href":"https:\/\/valderrobres-candida.com\/en\/wp-json\/wp\/v2\/tags?post=1168"}],"curies":[{"name":"wp","href":"https:\/\/api.w.org\/{rel}","templated":true}]}}