{"id":576,"date":"2014-11-26T10:43:54","date_gmt":"2014-11-26T10:43:54","guid":{"rendered":"http:\/\/valderrobres-candida.com\/?p=576"},"modified":"2014-11-28T10:18:34","modified_gmt":"2014-11-28T10:18:34","slug":"aragon-recuerda-bajo-estrellas-maria-de-villota","status":"publish","type":"post","link":"https:\/\/valderrobres-candida.com\/en\/blog\/2014\/11\/26\/aragon-recuerda-bajo-estrellas-maria-de-villota\/","title":{"rendered":"Arag\u00f3n recuerda bajo estrellas a Mar\u00eda de Villota"},"content":{"rendered":"<p>Durante los pr\u00f3ximos<strong> 28 y 29 de noviembre<\/strong>, la comarca del bajo Arag\u00f3n y Motorland organizar\u00e1 una serie de actividades para homenajear y recordar a la que fue una gran piloto de f\u00f3rmula 1.<\/p>\n<p><a href=\"http:\/\/valderrobres-candida.com\/wp-content\/uploads\/Maria-De-Villota.jpg\"><img loading=\"lazy\" decoding=\"async\" width=\"300\" height=\"199\" class=\"aligncenter size-medium wp-image-581\" src=\"http:\/\/valderrobres-candida.com\/wp-content\/uploads\/Maria-De-Villota-300x199.jpg\" alt=\"Maria-De-Villota\" srcset=\"https:\/\/valderrobres-candida.com\/en\/wp-content\/uploads\/sites\/3\/Maria-De-Villota-300x199.jpg 300w, https:\/\/valderrobres-candida.com\/en\/wp-content\/uploads\/sites\/3\/Maria-De-Villota-1024x681.jpg 1024w, https:\/\/valderrobres-candida.com\/en\/wp-content\/uploads\/sites\/3\/Maria-De-Villota-100x66.jpg 100w, https:\/\/valderrobres-candida.com\/en\/wp-content\/uploads\/sites\/3\/Maria-De-Villota-330x220.jpg 330w, https:\/\/valderrobres-candida.com\/en\/wp-content\/uploads\/sites\/3\/Maria-De-Villota-450x300.jpg 450w\" sizes=\"auto, (max-width: 300px) 100vw, 300px\" \/><\/a><\/p>\n<p>Difundiremos los valores de <strong>Mar\u00eda<\/strong> en la comarca entre los ni\u00f1os, j\u00f3venes y aficionados al motor bajo las estrellas, ya que se quiere relacionar su homenaje con la <strong>astronom\u00eda<\/strong>. Un a\u00f1o despu\u00e9s de dejarnos, recordaremos a Mar\u00eda con la imagen de la estrella que iluminaba su vida.<br \/>\nEl d\u00eda 28, adem\u00e1s de las actividades diurnas \u201cDe la F\u00f3rmula 1 a la estrella de Mar\u00eda\u201d, Motorland se transformar\u00e1 en un observatorio d\u00f3nde se instalar\u00e1n telescopios para que los participantes puedan acercarse al cielo.<br \/>\nEl dia 29, los participantes en el XIII trofeo de MotorLand rendir\u00e1n homenaje luciendo el emblema de Mar\u00eda en sus carrocer\u00edas: <strong>su estrella roja de cinco puntas<\/strong>.<br \/>\nUna luchadora y un ejemplo a seguir, la primera mujer espa\u00f1ola en pilotar un F\u00f3rmula 1 siempre ser\u00e1 recordado como un esp\u00edritu de superaci\u00f3n y por su pasi\u00f3n en lograr sus metas.<br \/>\nDes de Do\u00f1a C\u00e1ndida le queremos transmitir todo nuestro apoyo y compartir con ella el mismo amor incondicional al motor.<\/p>\n","protected":false},"excerpt":{"rendered":"<p>Durante los pr\u00f3ximos<strong> 28 y 29 de noviembre<\/strong>, la comarca del bajo Arag\u00f3n y Motorland organizar\u00e1 una serie de actividades para homenajear y recordar a la que fue una gran piloto de f\u00f3rmula 1, Mar\u00eda de Villota, y difundiremos los valores de <strong>Mar\u00eda<\/strong> en la comarca entre los ni\u00f1os, j\u00f3venes y aficionados al motor bajo las estrellas.<\/p>\n","protected":false},"author":2,"featured_media":581,"comment_status":"open","ping_status":"open","sticky":false,"template":"","format":"standard","meta":{"footnotes":""},"categories":[17,14,18],"tags":[8,30,36,12,35,37],"class_list":["post-576","post","type-post","status-publish","format-standard","has-post-thumbnail","hentry","category-medios","category-motorlandaragon","category-noticias","tag-aragon","tag-casa-rural","tag-maria-de-villota","tag-matarrana","tag-motorland","tag-motorland-aragon"],"yoast_head":"<!-- This site is optimized with the Yoast SEO plugin v26.7 - https:\/\/yoast.com\/wordpress\/plugins\/seo\/ -->\n<title>Arag\u00f3n recuerda bajo estrellas a Mar\u00eda de Villota - Valderrobres Candida EN<\/title>\n<meta name=\"robots\" content=\"index, follow, max-snippet:-1, max-image-preview:large, max-video-preview:-1\" \/>\n<link rel=\"canonical\" href=\"https:\/\/valderrobres-candida.com\/en\/blog\/2014\/11\/26\/aragon-recuerda-bajo-estrellas-maria-de-villota\/\" \/>\n<meta property=\"og:locale\" content=\"en_US\" \/>\n<meta property=\"og:type\" content=\"article\" \/>\n<meta property=\"og:title\" content=\"Arag\u00f3n recuerda bajo estrellas a Mar\u00eda de Villota - Valderrobres Candida EN\" \/>\n<meta property=\"og:description\" content=\"Durante los pr\u00f3ximos 28 y 29 de noviembre, la comarca del bajo Arag\u00f3n y Motorland organizar\u00e1 una serie de actividades para homenajear y recordar a la que fue una gran piloto de f\u00f3rmula 1, Mar\u00eda de Villota, y difundiremos los valores de Mar\u00eda en la comarca entre los ni\u00f1os, j\u00f3venes y aficionados al motor bajo las estrellas.\" \/>\n<meta property=\"og:url\" content=\"https:\/\/valderrobres-candida.com\/en\/blog\/2014\/11\/26\/aragon-recuerda-bajo-estrellas-maria-de-villota\/\" \/>\n<meta property=\"og:site_name\" content=\"Valderrobres Candida EN\" \/>\n<meta property=\"article:published_time\" content=\"2014-11-26T10:43:54+00:00\" \/>\n<meta property=\"article:modified_time\" content=\"2014-11-28T10:18:34+00:00\" \/>\n<meta property=\"og:image\" content=\"https:\/\/valderrobres-candida.com\/en\/wp-content\/uploads\/sites\/3\/Maria-De-Villota.jpg\" \/>\n\t<meta property=\"og:image:width\" content=\"2197\" \/>\n\t<meta property=\"og:image:height\" content=\"1463\" \/>\n\t<meta property=\"og:image:type\" content=\"image\/jpeg\" \/>\n<meta name=\"author\" content=\"Dona Candida\" \/>\n<meta name=\"twitter:card\" content=\"summary_large_image\" \/>\n<meta name=\"twitter:label1\" content=\"Written by\" \/>\n\t<meta name=\"twitter:data1\" content=\"Dona Candida\" \/>\n\t<meta name=\"twitter:label2\" content=\"Est. reading time\" \/>\n\t<meta name=\"twitter:data2\" content=\"1 minute\" \/>\n<script type=\"application\/ld+json\" class=\"yoast-schema-graph\">{\"@context\":\"https:\/\/schema.org\",\"@graph\":[{\"@type\":\"Article\",\"@id\":\"https:\/\/valderrobres-candida.com\/en\/blog\/2014\/11\/26\/aragon-recuerda-bajo-estrellas-maria-de-villota\/#article\",\"isPartOf\":{\"@id\":\"https:\/\/valderrobres-candida.com\/en\/blog\/2014\/11\/26\/aragon-recuerda-bajo-estrellas-maria-de-villota\/\"},\"author\":{\"name\":\"Dona Candida\",\"@id\":\"http:\/\/valderrobres-candida.com\/en\/#\/schema\/person\/8613fd4f70379c16b4872f38d1586c86\"},\"headline\":\"Arag\u00f3n recuerda bajo estrellas a Mar\u00eda de Villota\",\"datePublished\":\"2014-11-26T10:43:54+00:00\",\"dateModified\":\"2014-11-28T10:18:34+00:00\",\"mainEntityOfPage\":{\"@id\":\"https:\/\/valderrobres-candida.com\/en\/blog\/2014\/11\/26\/aragon-recuerda-bajo-estrellas-maria-de-villota\/\"},\"wordCount\":224,\"commentCount\":0,\"image\":{\"@id\":\"https:\/\/valderrobres-candida.com\/en\/blog\/2014\/11\/26\/aragon-recuerda-bajo-estrellas-maria-de-villota\/#primaryimage\"},\"thumbnailUrl\":\"https:\/\/valderrobres-candida.com\/en\/wp-content\/uploads\/sites\/3\/Maria-De-Villota.jpg\",\"keywords\":[\"arag\u00f3n\",\"casa rural\",\"mar\u00eda de villota\",\"matarra\u00f1a\",\"motorland\",\"motorland arag\u00f3n\"],\"articleSection\":[\"Medios\",\"Motorland Arag\u00f3n\",\"Not\u00edcias\"],\"inLanguage\":\"en-US\",\"potentialAction\":[{\"@type\":\"CommentAction\",\"name\":\"Comment\",\"target\":[\"https:\/\/valderrobres-candida.com\/en\/blog\/2014\/11\/26\/aragon-recuerda-bajo-estrellas-maria-de-villota\/#respond\"]}]},{\"@type\":\"WebPage\",\"@id\":\"https:\/\/valderrobres-candida.com\/en\/blog\/2014\/11\/26\/aragon-recuerda-bajo-estrellas-maria-de-villota\/\",\"url\":\"https:\/\/valderrobres-candida.com\/en\/blog\/2014\/11\/26\/aragon-recuerda-bajo-estrellas-maria-de-villota\/\",\"name\":\"Arag\u00f3n recuerda bajo estrellas a Mar\u00eda de Villota - Valderrobres Candida EN\",\"isPartOf\":{\"@id\":\"http:\/\/valderrobres-candida.com\/en\/#website\"},\"primaryImageOfPage\":{\"@id\":\"https:\/\/valderrobres-candida.com\/en\/blog\/2014\/11\/26\/aragon-recuerda-bajo-estrellas-maria-de-villota\/#primaryimage\"},\"image\":{\"@id\":\"https:\/\/valderrobres-candida.com\/en\/blog\/2014\/11\/26\/aragon-recuerda-bajo-estrellas-maria-de-villota\/#primaryimage\"},\"thumbnailUrl\":\"https:\/\/valderrobres-candida.com\/en\/wp-content\/uploads\/sites\/3\/Maria-De-Villota.jpg\",\"datePublished\":\"2014-11-26T10:43:54+00:00\",\"dateModified\":\"2014-11-28T10:18:34+00:00\",\"author\":{\"@id\":\"http:\/\/valderrobres-candida.com\/en\/#\/schema\/person\/8613fd4f70379c16b4872f38d1586c86\"},\"breadcrumb\":{\"@id\":\"https:\/\/valderrobres-candida.com\/en\/blog\/2014\/11\/26\/aragon-recuerda-bajo-estrellas-maria-de-villota\/#breadcrumb\"},\"inLanguage\":\"en-US\",\"potentialAction\":[{\"@type\":\"ReadAction\",\"target\":[\"https:\/\/valderrobres-candida.com\/en\/blog\/2014\/11\/26\/aragon-recuerda-bajo-estrellas-maria-de-villota\/\"]}]},{\"@type\":\"ImageObject\",\"inLanguage\":\"en-US\",\"@id\":\"https:\/\/valderrobres-candida.com\/en\/blog\/2014\/11\/26\/aragon-recuerda-bajo-estrellas-maria-de-villota\/#primaryimage\",\"url\":\"https:\/\/valderrobres-candida.com\/en\/wp-content\/uploads\/sites\/3\/Maria-De-Villota.jpg\",\"contentUrl\":\"https:\/\/valderrobres-candida.com\/en\/wp-content\/uploads\/sites\/3\/Maria-De-Villota.jpg\",\"width\":2197,\"height\":1463},{\"@type\":\"BreadcrumbList\",\"@id\":\"https:\/\/valderrobres-candida.com\/en\/blog\/2014\/11\/26\/aragon-recuerda-bajo-estrellas-maria-de-villota\/#breadcrumb\",\"itemListElement\":[{\"@type\":\"ListItem\",\"position\":1,\"name\":\"Home\",\"item\":\"http:\/\/valderrobres-candida.com\/en\/\"},{\"@type\":\"ListItem\",\"position\":2,\"name\":\"Arag\u00f3n recuerda bajo estrellas a Mar\u00eda de Villota\"}]},{\"@type\":\"WebSite\",\"@id\":\"http:\/\/valderrobres-candida.com\/en\/#website\",\"url\":\"http:\/\/valderrobres-candida.com\/en\/\",\"name\":\"Valderrobres Candida EN\",\"description\":\"\",\"potentialAction\":[{\"@type\":\"SearchAction\",\"target\":{\"@type\":\"EntryPoint\",\"urlTemplate\":\"http:\/\/valderrobres-candida.com\/en\/?s={search_term_string}\"},\"query-input\":{\"@type\":\"PropertyValueSpecification\",\"valueRequired\":true,\"valueName\":\"search_term_string\"}}],\"inLanguage\":\"en-US\"},{\"@type\":\"Person\",\"@id\":\"http:\/\/valderrobres-candida.com\/en\/#\/schema\/person\/8613fd4f70379c16b4872f38d1586c86\",\"name\":\"Dona Candida\",\"image\":{\"@type\":\"ImageObject\",\"inLanguage\":\"en-US\",\"@id\":\"http:\/\/valderrobres-candida.com\/en\/#\/schema\/person\/image\/\",\"url\":\"https:\/\/secure.gravatar.com\/avatar\/76fd4c271644e4e26cd86dc06e3e376a616136f923138060c3acbe8187b3d2bc?s=96&d=mm&r=g\",\"contentUrl\":\"https:\/\/secure.gravatar.com\/avatar\/76fd4c271644e4e26cd86dc06e3e376a616136f923138060c3acbe8187b3d2bc?s=96&d=mm&r=g\",\"caption\":\"Dona Candida\"},\"url\":\"https:\/\/valderrobres-candida.com\/en\/blog\/author\/dona-candida\/\"}]}<\/script>\n<!-- \/ Yoast SEO plugin. -->","yoast_head_json":{"title":"Arag\u00f3n recuerda bajo estrellas a Mar\u00eda de Villota - Valderrobres Candida EN","robots":{"index":"index","follow":"follow","max-snippet":"max-snippet:-1","max-image-preview":"max-image-preview:large","max-video-preview":"max-video-preview:-1"},"canonical":"https:\/\/valderrobres-candida.com\/en\/blog\/2014\/11\/26\/aragon-recuerda-bajo-estrellas-maria-de-villota\/","og_locale":"en_US","og_type":"article","og_title":"Arag\u00f3n recuerda bajo estrellas a Mar\u00eda de Villota - Valderrobres Candida EN","og_description":"Durante los pr\u00f3ximos 28 y 29 de noviembre, la comarca del bajo Arag\u00f3n y Motorland organizar\u00e1 una serie de actividades para homenajear y recordar a la que fue una gran piloto de f\u00f3rmula 1, Mar\u00eda de Villota, y difundiremos los valores de Mar\u00eda en la comarca entre los ni\u00f1os, j\u00f3venes y aficionados al motor bajo las estrellas.","og_url":"https:\/\/valderrobres-candida.com\/en\/blog\/2014\/11\/26\/aragon-recuerda-bajo-estrellas-maria-de-villota\/","og_site_name":"Valderrobres Candida EN","article_published_time":"2014-11-26T10:43:54+00:00","article_modified_time":"2014-11-28T10:18:34+00:00","og_image":[{"width":2197,"height":1463,"url":"https:\/\/valderrobres-candida.com\/en\/wp-content\/uploads\/sites\/3\/Maria-De-Villota.jpg","type":"image\/jpeg"}],"author":"Dona Candida","twitter_card":"summary_large_image","twitter_misc":{"Written by":"Dona Candida","Est. reading time":"1 minute"},"schema":{"@context":"https:\/\/schema.org","@graph":[{"@type":"Article","@id":"https:\/\/valderrobres-candida.com\/en\/blog\/2014\/11\/26\/aragon-recuerda-bajo-estrellas-maria-de-villota\/#article","isPartOf":{"@id":"https:\/\/valderrobres-candida.com\/en\/blog\/2014\/11\/26\/aragon-recuerda-bajo-estrellas-maria-de-villota\/"},"author":{"name":"Dona Candida","@id":"http:\/\/valderrobres-candida.com\/en\/#\/schema\/person\/8613fd4f70379c16b4872f38d1586c86"},"headline":"Arag\u00f3n recuerda bajo estrellas a Mar\u00eda de Villota","datePublished":"2014-11-26T10:43:54+00:00","dateModified":"2014-11-28T10:18:34+00:00","mainEntityOfPage":{"@id":"https:\/\/valderrobres-candida.com\/en\/blog\/2014\/11\/26\/aragon-recuerda-bajo-estrellas-maria-de-villota\/"},"wordCount":224,"commentCount":0,"image":{"@id":"https:\/\/valderrobres-candida.com\/en\/blog\/2014\/11\/26\/aragon-recuerda-bajo-estrellas-maria-de-villota\/#primaryimage"},"thumbnailUrl":"https:\/\/valderrobres-candida.com\/en\/wp-content\/uploads\/sites\/3\/Maria-De-Villota.jpg","keywords":["arag\u00f3n","casa rural","mar\u00eda de villota","matarra\u00f1a","motorland","motorland arag\u00f3n"],"articleSection":["Medios","Motorland Arag\u00f3n","Not\u00edcias"],"inLanguage":"en-US","potentialAction":[{"@type":"CommentAction","name":"Comment","target":["https:\/\/valderrobres-candida.com\/en\/blog\/2014\/11\/26\/aragon-recuerda-bajo-estrellas-maria-de-villota\/#respond"]}]},{"@type":"WebPage","@id":"https:\/\/valderrobres-candida.com\/en\/blog\/2014\/11\/26\/aragon-recuerda-bajo-estrellas-maria-de-villota\/","url":"https:\/\/valderrobres-candida.com\/en\/blog\/2014\/11\/26\/aragon-recuerda-bajo-estrellas-maria-de-villota\/","name":"Arag\u00f3n recuerda bajo estrellas a Mar\u00eda de Villota - Valderrobres Candida EN","isPartOf":{"@id":"http:\/\/valderrobres-candida.com\/en\/#website"},"primaryImageOfPage":{"@id":"https:\/\/valderrobres-candida.com\/en\/blog\/2014\/11\/26\/aragon-recuerda-bajo-estrellas-maria-de-villota\/#primaryimage"},"image":{"@id":"https:\/\/valderrobres-candida.com\/en\/blog\/2014\/11\/26\/aragon-recuerda-bajo-estrellas-maria-de-villota\/#primaryimage"},"thumbnailUrl":"https:\/\/valderrobres-candida.com\/en\/wp-content\/uploads\/sites\/3\/Maria-De-Villota.jpg","datePublished":"2014-11-26T10:43:54+00:00","dateModified":"2014-11-28T10:18:34+00:00","author":{"@id":"http:\/\/valderrobres-candida.com\/en\/#\/schema\/person\/8613fd4f70379c16b4872f38d1586c86"},"breadcrumb":{"@id":"https:\/\/valderrobres-candida.com\/en\/blog\/2014\/11\/26\/aragon-recuerda-bajo-estrellas-maria-de-villota\/#breadcrumb"},"inLanguage":"en-US","potentialAction":[{"@type":"ReadAction","target":["https:\/\/valderrobres-candida.com\/en\/blog\/2014\/11\/26\/aragon-recuerda-bajo-estrellas-maria-de-villota\/"]}]},{"@type":"ImageObject","inLanguage":"en-US","@id":"https:\/\/valderrobres-candida.com\/en\/blog\/2014\/11\/26\/aragon-recuerda-bajo-estrellas-maria-de-villota\/#primaryimage","url":"https:\/\/valderrobres-candida.com\/en\/wp-content\/uploads\/sites\/3\/Maria-De-Villota.jpg","contentUrl":"https:\/\/valderrobres-candida.com\/en\/wp-content\/uploads\/sites\/3\/Maria-De-Villota.jpg","width":2197,"height":1463},{"@type":"BreadcrumbList","@id":"https:\/\/valderrobres-candida.com\/en\/blog\/2014\/11\/26\/aragon-recuerda-bajo-estrellas-maria-de-villota\/#breadcrumb","itemListElement":[{"@type":"ListItem","position":1,"name":"Home","item":"http:\/\/valderrobres-candida.com\/en\/"},{"@type":"ListItem","position":2,"name":"Arag\u00f3n recuerda bajo estrellas a Mar\u00eda de Villota"}]},{"@type":"WebSite","@id":"http:\/\/valderrobres-candida.com\/en\/#website","url":"http:\/\/valderrobres-candida.com\/en\/","name":"Valderrobres Candida EN","description":"","potentialAction":[{"@type":"SearchAction","target":{"@type":"EntryPoint","urlTemplate":"http:\/\/valderrobres-candida.com\/en\/?s={search_term_string}"},"query-input":{"@type":"PropertyValueSpecification","valueRequired":true,"valueName":"search_term_string"}}],"inLanguage":"en-US"},{"@type":"Person","@id":"http:\/\/valderrobres-candida.com\/en\/#\/schema\/person\/8613fd4f70379c16b4872f38d1586c86","name":"Dona Candida","image":{"@type":"ImageObject","inLanguage":"en-US","@id":"http:\/\/valderrobres-candida.com\/en\/#\/schema\/person\/image\/","url":"https:\/\/secure.gravatar.com\/avatar\/76fd4c271644e4e26cd86dc06e3e376a616136f923138060c3acbe8187b3d2bc?s=96&d=mm&r=g","contentUrl":"https:\/\/secure.gravatar.com\/avatar\/76fd4c271644e4e26cd86dc06e3e376a616136f923138060c3acbe8187b3d2bc?s=96&d=mm&r=g","caption":"Dona Candida"},"url":"https:\/\/valderrobres-candida.com\/en\/blog\/author\/dona-candida\/"}]}},"_links":{"self":[{"href":"https:\/\/valderrobres-candida.com\/en\/wp-json\/wp\/v2\/posts\/576","targetHints":{"allow":["GET"]}}],"collection":[{"href":"https:\/\/valderrobres-candida.com\/en\/wp-json\/wp\/v2\/posts"}],"about":[{"href":"https:\/\/valderrobres-candida.com\/en\/wp-json\/wp\/v2\/types\/post"}],"author":[{"embeddable":true,"href":"https:\/\/valderrobres-candida.com\/en\/wp-json\/wp\/v2\/users\/2"}],"replies":[{"embeddable":true,"href":"https:\/\/valderrobres-candida.com\/en\/wp-json\/wp\/v2\/comments?post=576"}],"version-history":[{"count":4,"href":"https:\/\/valderrobres-candida.com\/en\/wp-json\/wp\/v2\/posts\/576\/revisions"}],"predecessor-version":[{"id":582,"href":"https:\/\/valderrobres-candida.com\/en\/wp-json\/wp\/v2\/posts\/576\/revisions\/582"}],"wp:featuredmedia":[{"embeddable":true,"href":"https:\/\/valderrobres-candida.com\/en\/wp-json\/wp\/v2\/media\/581"}],"wp:attachment":[{"href":"https:\/\/valderrobres-candida.com\/en\/wp-json\/wp\/v2\/media?parent=576"}],"wp:term":[{"taxonomy":"category","embeddable":true,"href":"https:\/\/valderrobres-candida.com\/en\/wp-json\/wp\/v2\/categories?post=576"},{"taxonomy":"post_tag","embeddable":true,"href":"https:\/\/valderrobres-candida.com\/en\/wp-json\/wp\/v2\/tags?post=576"}],"curies":[{"name":"wp","href":"https:\/\/api.w.org\/{rel}","templated":true}]}}