{"id":728,"date":"2015-03-19T15:08:05","date_gmt":"2015-03-19T15:08:05","guid":{"rendered":"http:\/\/valderrobres-candida.com\/?p=728"},"modified":"2015-11-13T12:30:24","modified_gmt":"2015-11-13T12:30:24","slug":"%ef%bb%bf-redots-las-rosquillas-del-matarrana","status":"publish","type":"post","link":"https:\/\/valderrobres-candida.com\/en\/blog\/2015\/03\/19\/%ef%bb%bf-redots-las-rosquillas-del-matarrana\/","title":{"rendered":"\ufeff  Redots: las rosquillas del Matarra\u00f1a"},"content":{"rendered":"<p>Se acerca <strong>Semana Santa<\/strong> y con ella toda su gastronom\u00eda. Un t\u00edpico que nunca puede faltar son las rosquillas y los bu\u00f1uelos de viento, y en la comarca del Matarra\u00f1a no nos quedamos atr\u00e1s: nosotros tenemos nuestra versi\u00f3n personalizada: <strong>\u00a1los<em> redots<\/em>!<\/strong> Os dejamos con la receta para que pod\u00e1is disfrutar de ella. Pero no olvides, \u00a1a\u00fan son m\u00e1s ricos cuando los haces con los ingredientes del Matarra\u00f1a!<\/p>\n<p><strong><img loading=\"lazy\" decoding=\"async\" width=\"300\" height=\"225\" class=\"aligncenter size-medium wp-image-729\" src=\"http:\/\/valderrobres-candida.com\/wp-content\/uploads\/img_9054-300x225.jpg\" alt=\"img_9054\" srcset=\"https:\/\/valderrobres-candida.com\/en\/wp-content\/uploads\/sites\/3\/img_9054-300x225.jpg 300w, https:\/\/valderrobres-candida.com\/en\/wp-content\/uploads\/sites\/3\/img_9054-1024x768.jpg 1024w, https:\/\/valderrobres-candida.com\/en\/wp-content\/uploads\/sites\/3\/img_9054-100x75.jpg 100w\" sizes=\"auto, (max-width: 300px) 100vw, 300px\" \/><\/strong><!--more--><\/p>\n<p><strong>Ingredientes:<\/strong><\/p>\n<ul>\n<li>3 Huevos<\/li>\n<li>Leche<\/li>\n<li>Aceite<\/li>\n<li>Az\u00facar<\/li>\n<li>Levadura<\/li>\n<li>Raspadura de lim\u00f3n<\/li>\n<li>Harina<\/li>\n<li>Aguardiente o an\u00eds<\/li>\n<\/ul>\n<p><strong>Elaboraci\u00f3n:<\/strong><\/p>\n<p>Primero de todo, calentamos una <strong>sart\u00e9n con aceite.<\/strong> Mientras se calienta, preparamos la masa: mezclamos 3 huevos enteros con 1 vaso de leche, 3 cucharadas soperas de az\u00facar y ralladura de un lim\u00f3n. Se mezcla y se bate, mientras vamos a\u00f1adiendo la harina (6-7 cucharadas soperas). Podemos rectificar de harina hasta que la textura sea la adecuada.<\/p>\n<p>Ahora esperamos a que el aceite est\u00e9 a la temperatura \u00f3ptima y vamos sumergiendo en \u00e9l la masa en forma de rosquilla. Le damos la vuelta, hasta que est\u00e9 dorada. Una vez hechos todos los redots, los ponemos en papel de cocina que ayude a absorber la grasa restante y le hechamos un poco de aguardiente\/an\u00eds. Finalmente, <strong>decoramos con un poco de az\u00facar<\/strong> por encima.<\/p>\n<p><strong>\u00a1A disfrutar y compartir con la familia!\u00a0<\/strong>Y t\u00fa, \u00bfqu\u00e9 har\u00e1s por semana santa?<\/p>\n","protected":false},"excerpt":{"rendered":"<p>Se acerca Semana Santa y con ella toda su gastronom\u00eda. Un t\u00edpico que nunca puede faltar son las rosquillas y los bu\u00f1uelos de viento, y en la comarca del Matarra\u00f1a no nos quedamos atr\u00e1s: nosotros tenemos nuestra versi\u00f3n personalizada: \u00a1los redots! Os dejamos con la receta para que pod\u00e1is disfrutar de ella<\/p>\n","protected":false},"author":2,"featured_media":729,"comment_status":"open","ping_status":"open","sticky":false,"template":"","format":"standard","meta":{"footnotes":""},"categories":[16],"tags":[27,83,80,81,82],"class_list":["post-728","post","type-post","status-publish","format-standard","has-post-thumbnail","hentry","category-gastronomia","tag-comida-valderrobres","tag-gastronomia-matarrana","tag-redots","tag-rosquillas","tag-semana-santa"],"yoast_head":"<!-- This site is optimized with the Yoast SEO plugin v26.7 - https:\/\/yoast.com\/wordpress\/plugins\/seo\/ -->\n<title>\ufeff Redots: las rosquillas del Matarra\u00f1a - Valderrobres Candida EN<\/title>\n<meta name=\"description\" content=\"Un t\u00edpico que nunca puede faltar son las rosquillas y los bu\u00f1uelos de viento, y en la comarca del Matarra\u00f1a no nos quedamos tenemos unas rosquillas t\u00edpicas.\" \/>\n<meta name=\"robots\" content=\"index, follow, max-snippet:-1, max-image-preview:large, max-video-preview:-1\" \/>\n<link rel=\"canonical\" href=\"https:\/\/valderrobres-candida.com\/en\/blog\/2015\/03\/19\/\ufeff-redots-las-rosquillas-del-matarrana\/\" \/>\n<meta property=\"og:locale\" content=\"en_US\" \/>\n<meta property=\"og:type\" content=\"article\" \/>\n<meta property=\"og:title\" content=\"\ufeff Redots: las rosquillas del Matarra\u00f1a - Valderrobres Candida EN\" \/>\n<meta property=\"og:description\" content=\"Un t\u00edpico que nunca puede faltar son las rosquillas y los bu\u00f1uelos de viento, y en la comarca del Matarra\u00f1a no nos quedamos tenemos unas rosquillas t\u00edpicas.\" \/>\n<meta property=\"og:url\" content=\"https:\/\/valderrobres-candida.com\/en\/blog\/2015\/03\/19\/\ufeff-redots-las-rosquillas-del-matarrana\/\" \/>\n<meta property=\"og:site_name\" content=\"Valderrobres Candida EN\" \/>\n<meta property=\"article:published_time\" content=\"2015-03-19T15:08:05+00:00\" \/>\n<meta property=\"article:modified_time\" content=\"2015-11-13T12:30:24+00:00\" \/>\n<meta property=\"og:image\" content=\"https:\/\/valderrobres-candida.com\/en\/wp-content\/uploads\/sites\/3\/img_9054-1024x768.jpg\" \/>\n\t<meta property=\"og:image:width\" content=\"1024\" \/>\n\t<meta property=\"og:image:height\" content=\"768\" \/>\n\t<meta property=\"og:image:type\" content=\"image\/jpeg\" \/>\n<meta name=\"author\" content=\"Dona Candida\" \/>\n<meta name=\"twitter:card\" content=\"summary_large_image\" \/>\n<meta name=\"twitter:label1\" content=\"Written by\" \/>\n\t<meta name=\"twitter:data1\" content=\"Dona Candida\" \/>\n\t<meta name=\"twitter:label2\" content=\"Est. reading time\" \/>\n\t<meta name=\"twitter:data2\" content=\"1 minute\" \/>\n<script type=\"application\/ld+json\" class=\"yoast-schema-graph\">{\"@context\":\"https:\/\/schema.org\",\"@graph\":[{\"@type\":\"Article\",\"@id\":\"https:\/\/valderrobres-candida.com\/en\/blog\/2015\/03\/19\/%ef%bb%bf-redots-las-rosquillas-del-matarrana\/#article\",\"isPartOf\":{\"@id\":\"https:\/\/valderrobres-candida.com\/en\/blog\/2015\/03\/19\/%ef%bb%bf-redots-las-rosquillas-del-matarrana\/\"},\"author\":{\"name\":\"Dona Candida\",\"@id\":\"http:\/\/valderrobres-candida.com\/en\/#\/schema\/person\/8613fd4f70379c16b4872f38d1586c86\"},\"headline\":\"\ufeff Redots: las rosquillas del Matarra\u00f1a\",\"datePublished\":\"2015-03-19T15:08:05+00:00\",\"dateModified\":\"2015-11-13T12:30:24+00:00\",\"mainEntityOfPage\":{\"@id\":\"https:\/\/valderrobres-candida.com\/en\/blog\/2015\/03\/19\/%ef%bb%bf-redots-las-rosquillas-del-matarrana\/\"},\"wordCount\":242,\"commentCount\":0,\"image\":{\"@id\":\"https:\/\/valderrobres-candida.com\/en\/blog\/2015\/03\/19\/%ef%bb%bf-redots-las-rosquillas-del-matarrana\/#primaryimage\"},\"thumbnailUrl\":\"https:\/\/valderrobres-candida.com\/en\/wp-content\/uploads\/sites\/3\/img_9054.jpg\",\"keywords\":[\"comida valderrobres\",\"gastronom\u00eda matarra\u00f1a\",\"redots\",\"rosquillas\",\"semana santa\"],\"articleSection\":[\"Gastronom\u00eda\"],\"inLanguage\":\"en-US\",\"potentialAction\":[{\"@type\":\"CommentAction\",\"name\":\"Comment\",\"target\":[\"https:\/\/valderrobres-candida.com\/en\/blog\/2015\/03\/19\/%ef%bb%bf-redots-las-rosquillas-del-matarrana\/#respond\"]}]},{\"@type\":\"WebPage\",\"@id\":\"https:\/\/valderrobres-candida.com\/en\/blog\/2015\/03\/19\/%ef%bb%bf-redots-las-rosquillas-del-matarrana\/\",\"url\":\"https:\/\/valderrobres-candida.com\/en\/blog\/2015\/03\/19\/%ef%bb%bf-redots-las-rosquillas-del-matarrana\/\",\"name\":\"\ufeff Redots: las rosquillas del Matarra\u00f1a - Valderrobres Candida EN\",\"isPartOf\":{\"@id\":\"http:\/\/valderrobres-candida.com\/en\/#website\"},\"primaryImageOfPage\":{\"@id\":\"https:\/\/valderrobres-candida.com\/en\/blog\/2015\/03\/19\/%ef%bb%bf-redots-las-rosquillas-del-matarrana\/#primaryimage\"},\"image\":{\"@id\":\"https:\/\/valderrobres-candida.com\/en\/blog\/2015\/03\/19\/%ef%bb%bf-redots-las-rosquillas-del-matarrana\/#primaryimage\"},\"thumbnailUrl\":\"https:\/\/valderrobres-candida.com\/en\/wp-content\/uploads\/sites\/3\/img_9054.jpg\",\"datePublished\":\"2015-03-19T15:08:05+00:00\",\"dateModified\":\"2015-11-13T12:30:24+00:00\",\"author\":{\"@id\":\"http:\/\/valderrobres-candida.com\/en\/#\/schema\/person\/8613fd4f70379c16b4872f38d1586c86\"},\"description\":\"Un t\u00edpico que nunca puede faltar son las rosquillas y los bu\u00f1uelos de viento, y en la comarca del Matarra\u00f1a no nos quedamos tenemos unas rosquillas t\u00edpicas.\",\"breadcrumb\":{\"@id\":\"https:\/\/valderrobres-candida.com\/en\/blog\/2015\/03\/19\/%ef%bb%bf-redots-las-rosquillas-del-matarrana\/#breadcrumb\"},\"inLanguage\":\"en-US\",\"potentialAction\":[{\"@type\":\"ReadAction\",\"target\":[\"https:\/\/valderrobres-candida.com\/en\/blog\/2015\/03\/19\/%ef%bb%bf-redots-las-rosquillas-del-matarrana\/\"]}]},{\"@type\":\"ImageObject\",\"inLanguage\":\"en-US\",\"@id\":\"https:\/\/valderrobres-candida.com\/en\/blog\/2015\/03\/19\/%ef%bb%bf-redots-las-rosquillas-del-matarrana\/#primaryimage\",\"url\":\"https:\/\/valderrobres-candida.com\/en\/wp-content\/uploads\/sites\/3\/img_9054.jpg\",\"contentUrl\":\"https:\/\/valderrobres-candida.com\/en\/wp-content\/uploads\/sites\/3\/img_9054.jpg\",\"width\":3264,\"height\":2448},{\"@type\":\"BreadcrumbList\",\"@id\":\"https:\/\/valderrobres-candida.com\/en\/blog\/2015\/03\/19\/%ef%bb%bf-redots-las-rosquillas-del-matarrana\/#breadcrumb\",\"itemListElement\":[{\"@type\":\"ListItem\",\"position\":1,\"name\":\"Home\",\"item\":\"http:\/\/valderrobres-candida.com\/en\/\"},{\"@type\":\"ListItem\",\"position\":2,\"name\":\"\ufeff Redots: las rosquillas del Matarra\u00f1a\"}]},{\"@type\":\"WebSite\",\"@id\":\"http:\/\/valderrobres-candida.com\/en\/#website\",\"url\":\"http:\/\/valderrobres-candida.com\/en\/\",\"name\":\"Valderrobres Candida EN\",\"description\":\"\",\"potentialAction\":[{\"@type\":\"SearchAction\",\"target\":{\"@type\":\"EntryPoint\",\"urlTemplate\":\"http:\/\/valderrobres-candida.com\/en\/?s={search_term_string}\"},\"query-input\":{\"@type\":\"PropertyValueSpecification\",\"valueRequired\":true,\"valueName\":\"search_term_string\"}}],\"inLanguage\":\"en-US\"},{\"@type\":\"Person\",\"@id\":\"http:\/\/valderrobres-candida.com\/en\/#\/schema\/person\/8613fd4f70379c16b4872f38d1586c86\",\"name\":\"Dona Candida\",\"image\":{\"@type\":\"ImageObject\",\"inLanguage\":\"en-US\",\"@id\":\"http:\/\/valderrobres-candida.com\/en\/#\/schema\/person\/image\/\",\"url\":\"https:\/\/secure.gravatar.com\/avatar\/76fd4c271644e4e26cd86dc06e3e376a616136f923138060c3acbe8187b3d2bc?s=96&d=mm&r=g\",\"contentUrl\":\"https:\/\/secure.gravatar.com\/avatar\/76fd4c271644e4e26cd86dc06e3e376a616136f923138060c3acbe8187b3d2bc?s=96&d=mm&r=g\",\"caption\":\"Dona Candida\"},\"url\":\"https:\/\/valderrobres-candida.com\/en\/blog\/author\/dona-candida\/\"}]}<\/script>\n<!-- \/ Yoast SEO plugin. -->","yoast_head_json":{"title":"\ufeff Redots: las rosquillas del Matarra\u00f1a - Valderrobres Candida EN","description":"Un t\u00edpico que nunca puede faltar son las rosquillas y los bu\u00f1uelos de viento, y en la comarca del Matarra\u00f1a no nos quedamos tenemos unas rosquillas t\u00edpicas.","robots":{"index":"index","follow":"follow","max-snippet":"max-snippet:-1","max-image-preview":"max-image-preview:large","max-video-preview":"max-video-preview:-1"},"canonical":"https:\/\/valderrobres-candida.com\/en\/blog\/2015\/03\/19\/\ufeff-redots-las-rosquillas-del-matarrana\/","og_locale":"en_US","og_type":"article","og_title":"\ufeff Redots: las rosquillas del Matarra\u00f1a - Valderrobres Candida EN","og_description":"Un t\u00edpico que nunca puede faltar son las rosquillas y los bu\u00f1uelos de viento, y en la comarca del Matarra\u00f1a no nos quedamos tenemos unas rosquillas t\u00edpicas.","og_url":"https:\/\/valderrobres-candida.com\/en\/blog\/2015\/03\/19\/\ufeff-redots-las-rosquillas-del-matarrana\/","og_site_name":"Valderrobres Candida EN","article_published_time":"2015-03-19T15:08:05+00:00","article_modified_time":"2015-11-13T12:30:24+00:00","og_image":[{"width":1024,"height":768,"url":"https:\/\/valderrobres-candida.com\/en\/wp-content\/uploads\/sites\/3\/img_9054-1024x768.jpg","type":"image\/jpeg"}],"author":"Dona Candida","twitter_card":"summary_large_image","twitter_misc":{"Written by":"Dona Candida","Est. reading time":"1 minute"},"schema":{"@context":"https:\/\/schema.org","@graph":[{"@type":"Article","@id":"https:\/\/valderrobres-candida.com\/en\/blog\/2015\/03\/19\/%ef%bb%bf-redots-las-rosquillas-del-matarrana\/#article","isPartOf":{"@id":"https:\/\/valderrobres-candida.com\/en\/blog\/2015\/03\/19\/%ef%bb%bf-redots-las-rosquillas-del-matarrana\/"},"author":{"name":"Dona Candida","@id":"http:\/\/valderrobres-candida.com\/en\/#\/schema\/person\/8613fd4f70379c16b4872f38d1586c86"},"headline":"\ufeff Redots: las rosquillas del Matarra\u00f1a","datePublished":"2015-03-19T15:08:05+00:00","dateModified":"2015-11-13T12:30:24+00:00","mainEntityOfPage":{"@id":"https:\/\/valderrobres-candida.com\/en\/blog\/2015\/03\/19\/%ef%bb%bf-redots-las-rosquillas-del-matarrana\/"},"wordCount":242,"commentCount":0,"image":{"@id":"https:\/\/valderrobres-candida.com\/en\/blog\/2015\/03\/19\/%ef%bb%bf-redots-las-rosquillas-del-matarrana\/#primaryimage"},"thumbnailUrl":"https:\/\/valderrobres-candida.com\/en\/wp-content\/uploads\/sites\/3\/img_9054.jpg","keywords":["comida valderrobres","gastronom\u00eda matarra\u00f1a","redots","rosquillas","semana santa"],"articleSection":["Gastronom\u00eda"],"inLanguage":"en-US","potentialAction":[{"@type":"CommentAction","name":"Comment","target":["https:\/\/valderrobres-candida.com\/en\/blog\/2015\/03\/19\/%ef%bb%bf-redots-las-rosquillas-del-matarrana\/#respond"]}]},{"@type":"WebPage","@id":"https:\/\/valderrobres-candida.com\/en\/blog\/2015\/03\/19\/%ef%bb%bf-redots-las-rosquillas-del-matarrana\/","url":"https:\/\/valderrobres-candida.com\/en\/blog\/2015\/03\/19\/%ef%bb%bf-redots-las-rosquillas-del-matarrana\/","name":"\ufeff Redots: las rosquillas del Matarra\u00f1a - Valderrobres Candida EN","isPartOf":{"@id":"http:\/\/valderrobres-candida.com\/en\/#website"},"primaryImageOfPage":{"@id":"https:\/\/valderrobres-candida.com\/en\/blog\/2015\/03\/19\/%ef%bb%bf-redots-las-rosquillas-del-matarrana\/#primaryimage"},"image":{"@id":"https:\/\/valderrobres-candida.com\/en\/blog\/2015\/03\/19\/%ef%bb%bf-redots-las-rosquillas-del-matarrana\/#primaryimage"},"thumbnailUrl":"https:\/\/valderrobres-candida.com\/en\/wp-content\/uploads\/sites\/3\/img_9054.jpg","datePublished":"2015-03-19T15:08:05+00:00","dateModified":"2015-11-13T12:30:24+00:00","author":{"@id":"http:\/\/valderrobres-candida.com\/en\/#\/schema\/person\/8613fd4f70379c16b4872f38d1586c86"},"description":"Un t\u00edpico que nunca puede faltar son las rosquillas y los bu\u00f1uelos de viento, y en la comarca del Matarra\u00f1a no nos quedamos tenemos unas rosquillas t\u00edpicas.","breadcrumb":{"@id":"https:\/\/valderrobres-candida.com\/en\/blog\/2015\/03\/19\/%ef%bb%bf-redots-las-rosquillas-del-matarrana\/#breadcrumb"},"inLanguage":"en-US","potentialAction":[{"@type":"ReadAction","target":["https:\/\/valderrobres-candida.com\/en\/blog\/2015\/03\/19\/%ef%bb%bf-redots-las-rosquillas-del-matarrana\/"]}]},{"@type":"ImageObject","inLanguage":"en-US","@id":"https:\/\/valderrobres-candida.com\/en\/blog\/2015\/03\/19\/%ef%bb%bf-redots-las-rosquillas-del-matarrana\/#primaryimage","url":"https:\/\/valderrobres-candida.com\/en\/wp-content\/uploads\/sites\/3\/img_9054.jpg","contentUrl":"https:\/\/valderrobres-candida.com\/en\/wp-content\/uploads\/sites\/3\/img_9054.jpg","width":3264,"height":2448},{"@type":"BreadcrumbList","@id":"https:\/\/valderrobres-candida.com\/en\/blog\/2015\/03\/19\/%ef%bb%bf-redots-las-rosquillas-del-matarrana\/#breadcrumb","itemListElement":[{"@type":"ListItem","position":1,"name":"Home","item":"http:\/\/valderrobres-candida.com\/en\/"},{"@type":"ListItem","position":2,"name":"\ufeff Redots: las rosquillas del Matarra\u00f1a"}]},{"@type":"WebSite","@id":"http:\/\/valderrobres-candida.com\/en\/#website","url":"http:\/\/valderrobres-candida.com\/en\/","name":"Valderrobres Candida EN","description":"","potentialAction":[{"@type":"SearchAction","target":{"@type":"EntryPoint","urlTemplate":"http:\/\/valderrobres-candida.com\/en\/?s={search_term_string}"},"query-input":{"@type":"PropertyValueSpecification","valueRequired":true,"valueName":"search_term_string"}}],"inLanguage":"en-US"},{"@type":"Person","@id":"http:\/\/valderrobres-candida.com\/en\/#\/schema\/person\/8613fd4f70379c16b4872f38d1586c86","name":"Dona Candida","image":{"@type":"ImageObject","inLanguage":"en-US","@id":"http:\/\/valderrobres-candida.com\/en\/#\/schema\/person\/image\/","url":"https:\/\/secure.gravatar.com\/avatar\/76fd4c271644e4e26cd86dc06e3e376a616136f923138060c3acbe8187b3d2bc?s=96&d=mm&r=g","contentUrl":"https:\/\/secure.gravatar.com\/avatar\/76fd4c271644e4e26cd86dc06e3e376a616136f923138060c3acbe8187b3d2bc?s=96&d=mm&r=g","caption":"Dona Candida"},"url":"https:\/\/valderrobres-candida.com\/en\/blog\/author\/dona-candida\/"}]}},"_links":{"self":[{"href":"https:\/\/valderrobres-candida.com\/en\/wp-json\/wp\/v2\/posts\/728","targetHints":{"allow":["GET"]}}],"collection":[{"href":"https:\/\/valderrobres-candida.com\/en\/wp-json\/wp\/v2\/posts"}],"about":[{"href":"https:\/\/valderrobres-candida.com\/en\/wp-json\/wp\/v2\/types\/post"}],"author":[{"embeddable":true,"href":"https:\/\/valderrobres-candida.com\/en\/wp-json\/wp\/v2\/users\/2"}],"replies":[{"embeddable":true,"href":"https:\/\/valderrobres-candida.com\/en\/wp-json\/wp\/v2\/comments?post=728"}],"version-history":[{"count":2,"href":"https:\/\/valderrobres-candida.com\/en\/wp-json\/wp\/v2\/posts\/728\/revisions"}],"predecessor-version":[{"id":731,"href":"https:\/\/valderrobres-candida.com\/en\/wp-json\/wp\/v2\/posts\/728\/revisions\/731"}],"wp:featuredmedia":[{"embeddable":true,"href":"https:\/\/valderrobres-candida.com\/en\/wp-json\/wp\/v2\/media\/729"}],"wp:attachment":[{"href":"https:\/\/valderrobres-candida.com\/en\/wp-json\/wp\/v2\/media?parent=728"}],"wp:term":[{"taxonomy":"category","embeddable":true,"href":"https:\/\/valderrobres-candida.com\/en\/wp-json\/wp\/v2\/categories?post=728"},{"taxonomy":"post_tag","embeddable":true,"href":"https:\/\/valderrobres-candida.com\/en\/wp-json\/wp\/v2\/tags?post=728"}],"curies":[{"name":"wp","href":"https:\/\/api.w.org\/{rel}","templated":true}]}}