{"id":786,"date":"2015-06-30T09:05:36","date_gmt":"2015-06-30T09:05:36","guid":{"rendered":"http:\/\/valderrobres-candida.com\/?p=786"},"modified":"2015-12-17T15:47:25","modified_gmt":"2015-12-17T15:47:25","slug":"786","status":"publish","type":"post","link":"https:\/\/valderrobres-candida.com\/en\/blog\/2015\/06\/30\/786\/","title":{"rendered":"R\u00e1fales: una visita obligada"},"content":{"rendered":"<p><strong><span style=\"font-family: Arial, sans-serif;\"><span style=\"font-size: small;\">Hola a todos, amantes del turismo!<\/span><\/span><\/strong><\/p>\n<p><span style=\"font-family: Arial, sans-serif;\"><span style=\"font-size: small;\">Hoy te contamos un poco m\u00e1s sobre un pueblo de nuestra comarca que tambi\u00e9n se hace de envidiar: se trata de <strong>R\u00e1fales.<\/strong><\/span><\/span><\/p>\n<p><a href=\"http:\/\/valderrobres-candida.com\/wp-content\/uploads\/rafales-desde-la-ermita-de-san-rafael.jpg\"><img loading=\"lazy\" decoding=\"async\" width=\"4705\" height=\"1817\" class=\"aligncenter size-full wp-image-791\" src=\"http:\/\/valderrobres-candida.com\/wp-content\/uploads\/rafales-desde-la-ermita-de-san-rafael.jpg\" alt=\"rafales-desde-la-ermita-de-san-rafael\" srcset=\"https:\/\/valderrobres-candida.com\/en\/wp-content\/uploads\/sites\/3\/rafales-desde-la-ermita-de-san-rafael.jpg 4705w, https:\/\/valderrobres-candida.com\/en\/wp-content\/uploads\/sites\/3\/rafales-desde-la-ermita-de-san-rafael-300x115.jpg 300w, https:\/\/valderrobres-candida.com\/en\/wp-content\/uploads\/sites\/3\/rafales-desde-la-ermita-de-san-rafael-1024x395.jpg 1024w, https:\/\/valderrobres-candida.com\/en\/wp-content\/uploads\/sites\/3\/rafales-desde-la-ermita-de-san-rafael-100x38.jpg 100w\" sizes=\"auto, (max-width: 4705px) 100vw, 4705px\" \/><\/a><\/p>\n<p><span style=\"font-family: Arial, sans-serif;\"><span style=\"font-size: small;\">R\u00e1fales es un pueblo situado cerca de<strong>l cauce del r\u00edo Tastavin<\/strong>s, en medio del Matarra\u00f1a. Aunque parezca olvidado, en realidad no lo es: se trata de un lugar d\u00f3nde abunda la historia, el patrimonio cultural y la belleza natural. R\u00e1fales es ese pueblo que une todo lo bonito del matarra\u00f1a en \u00e9l: <strong>diversi\u00f3n y tranquilidad a la vez<\/strong>, \u00a1para todos los gustos!<\/span><\/span><!--more--><\/p>\n<p><span style=\"font-family: Arial, sans-serif;\"><span style=\"font-size: small;\">No podemos decir que nos guste m\u00e1s que nuestro querido<strong> Valderrobres,<\/strong> porque es dif\u00edcil superar la belleza de nuestro pueblo, pero R\u00e1fales tambi\u00e9n reboza belleza: con su estructura medieval, est\u00e1 lleno de casas de piedra del tipo se\u00f1orial. Incluso hubo un castillo en \u00e9l, pero ahora ya no quedan se\u00f1ales de \u00e9ste.<\/span><\/span><\/p>\n<p>&nbsp;<\/p>\n<p><span style=\"font-family: Arial, sans-serif;\"><span style=\"font-size: small;\"><a href=\"http:\/\/valderrobres-candida.com\/wp-content\/uploads\/Plaza-R\u00e1fales.jpg\"><img loading=\"lazy\" decoding=\"async\" width=\"640\" height=\"480\" class=\"aligncenter size-full wp-image-789\" src=\"http:\/\/valderrobres-candida.com\/wp-content\/uploads\/Plaza-R\u00e1fales.jpg\" alt=\"Plaza-R\u00e1fales\" srcset=\"https:\/\/valderrobres-candida.com\/en\/wp-content\/uploads\/sites\/3\/Plaza-R\u00e1fales.jpg 640w, https:\/\/valderrobres-candida.com\/en\/wp-content\/uploads\/sites\/3\/Plaza-R\u00e1fales-300x225.jpg 300w, https:\/\/valderrobres-candida.com\/en\/wp-content\/uploads\/sites\/3\/Plaza-R\u00e1fales-100x75.jpg 100w\" sizes=\"auto, (max-width: 640px) 100vw, 640px\" \/><\/a>Si vas a visitarlo, no puedes perderte el ayuntamiento y los <strong>arcos bajos, la iglesia, los porches, la plaza y su fuente<\/strong>, y por supuesto: <strong>la fachada con el reloj de sol<\/strong>.<\/span><\/span><\/p>\n<p><span style=\"font-family: Arial, sans-serif;\"><span style=\"font-size: small;\"><a href=\"http:\/\/valderrobres-candida.com\/wp-content\/uploads\/85965904.jpg\"><img loading=\"lazy\" decoding=\"async\" width=\"768\" height=\"1024\" class=\"aligncenter size-full wp-image-788\" src=\"http:\/\/valderrobres-candida.com\/wp-content\/uploads\/85965904.jpg\" alt=\"85965904\" srcset=\"https:\/\/valderrobres-candida.com\/en\/wp-content\/uploads\/sites\/3\/85965904.jpg 768w, https:\/\/valderrobres-candida.com\/en\/wp-content\/uploads\/sites\/3\/85965904-225x300.jpg 225w, https:\/\/valderrobres-candida.com\/en\/wp-content\/uploads\/sites\/3\/85965904-75x100.jpg 75w\" sizes=\"auto, (max-width: 768px) 100vw, 768px\" \/><\/a> <a href=\"http:\/\/valderrobres-candida.com\/wp-content\/uploads\/85965760.jpg\"><img loading=\"lazy\" decoding=\"async\" width=\"500\" height=\"375\" class=\"aligncenter size-full wp-image-787\" src=\"http:\/\/valderrobres-candida.com\/wp-content\/uploads\/85965760.jpg\" alt=\"85965760\" srcset=\"https:\/\/valderrobres-candida.com\/en\/wp-content\/uploads\/sites\/3\/85965760.jpg 500w, https:\/\/valderrobres-candida.com\/en\/wp-content\/uploads\/sites\/3\/85965760-300x225.jpg 300w, https:\/\/valderrobres-candida.com\/en\/wp-content\/uploads\/sites\/3\/85965760-100x75.jpg 100w\" sizes=\"auto, (max-width: 500px) 100vw, 500px\" \/><\/a> <\/span><\/span><\/p>\n<p><span style=\"font-family: Arial, sans-serif;\"><span style=\"font-size: small;\">Bajo los arcos del ayuntamiento, se encuentra una c\u00e1rcel que ahora es un museo d\u00f3nde cuentan quien acababa all\u00ed y c\u00f3mo se les trataba. \u00a1Da un poco de miedo!<\/span><\/span><\/p>\n<p><a href=\"http:\/\/valderrobres-candida.com\/wp-content\/uploads\/turismo-aragon-rafales.jpg\"><img loading=\"lazy\" decoding=\"async\" width=\"400\" height=\"300\" class=\"aligncenter size-full wp-image-792\" src=\"http:\/\/valderrobres-candida.com\/wp-content\/uploads\/turismo-aragon-rafales.jpg\" alt=\"turismo-aragon-rafales\" srcset=\"https:\/\/valderrobres-candida.com\/en\/wp-content\/uploads\/sites\/3\/turismo-aragon-rafales.jpg 400w, https:\/\/valderrobres-candida.com\/en\/wp-content\/uploads\/sites\/3\/turismo-aragon-rafales-300x225.jpg 300w, https:\/\/valderrobres-candida.com\/en\/wp-content\/uploads\/sites\/3\/turismo-aragon-rafales-100x75.jpg 100w\" sizes=\"auto, (max-width: 400px) 100vw, 400px\" \/><\/a><\/p>\n<p><span style=\"font-family: Arial, sans-serif;\"><span style=\"font-size: small;\">Si lo que prefieres es disfrutar de la naturaleza, puedes pasear por <strong>el jard\u00edn bot\u00e1nico<\/strong>, siempre bien cuidado, o bien realizar algun recorrido por los<strong><em> estrets<\/em><\/strong> o la <em><strong>ruta de los estrechos<\/strong><\/em>, d\u00f3nde encontrar\u00e1s rincones curiosos, balsas, y todo el paisaje forestal y mas\u00edas desperdigadas del Matarra\u00f1a.<\/span><\/span><\/p>\n<p><span style=\"font-family: Arial, sans-serif;\"><span style=\"font-size: small;\">La <strong>gastronom\u00eda<\/strong> la encontramos \u00fanicamente en el bar del pueblo, d\u00f3nde puedes degustar platos de lo m\u00e1s t\u00edpicos y curiosos.<\/span><\/span><\/p>\n<p><span style=\"font-family: Arial, sans-serif;\"><span style=\"font-size: small;\">Por \u00faltimo, cabe destacar las <strong>fiestas y ferias<\/strong> de R\u00e1fales, llenas de gente entusiasta, bailes al aire libre, concursos de gui\u00f1ote&#8230;<strong>\u00a1Toda una aventura!<\/strong><\/span><\/span><\/p>\n<p><a href=\"http:\/\/valderrobres-candida.com\/wp-content\/uploads\/2120944.jpg\"><img loading=\"lazy\" decoding=\"async\" width=\"500\" height=\"375\" class=\"aligncenter size-full wp-image-793\" src=\"http:\/\/valderrobres-candida.com\/wp-content\/uploads\/2120944.jpg\" alt=\"2120944\" srcset=\"https:\/\/valderrobres-candida.com\/en\/wp-content\/uploads\/sites\/3\/2120944.jpg 500w, https:\/\/valderrobres-candida.com\/en\/wp-content\/uploads\/sites\/3\/2120944-300x225.jpg 300w, https:\/\/valderrobres-candida.com\/en\/wp-content\/uploads\/sites\/3\/2120944-100x75.jpg 100w\" sizes=\"auto, (max-width: 500px) 100vw, 500px\" \/><\/a><\/p>\n<p><span style=\"font-family: Arial, sans-serif;\"><span style=\"font-size: small;\">Ya sabes, si vienes al Matarra\u00f1a, no puedes perterte Valderrobres, pero tampoco R\u00e1fales.<\/span><\/span><\/p>\n","protected":false},"excerpt":{"rendered":"<p>Hola a todos, amantes del turismo! Hoy te contamos un poco m\u00e1s sobre un pueblo de nuestra comarca que tambi\u00e9n se hace de envidiar: se trata de R\u00e1fales. R\u00e1fales es un pueblo situado cerca del cauce del r\u00edo Tastavins, en medio del Matarra\u00f1a. Aunque parezca olvidado, en realidad no lo es: se trata de un<\/p>\n","protected":false},"author":2,"featured_media":792,"comment_status":"open","ping_status":"open","sticky":false,"template":"","format":"standard","meta":{"footnotes":""},"categories":[150,13],"tags":[30,12,26,111,110,112,113,51,32],"class_list":["post-786","post","type-post","status-publish","format-standard","has-post-thumbnail","hentry","category-blog","category-rutas","tag-casa-rural","tag-matarrana","tag-matarranya","tag-que-ver-en-matarrana","tag-rafales","tag-reloj-sol","tag-ruta-de-los-estrechos","tag-teruel","tag-turismo-rural"],"yoast_head":"<!-- This site is optimized with the Yoast SEO plugin v26.7 - https:\/\/yoast.com\/wordpress\/plugins\/seo\/ -->\n<title>R\u00e1fales: una visita obligada \/ Do\u00f1a C\u00e1ndida<\/title>\n<meta name=\"description\" content=\"\u00a1Amantes del turismo! Te contamos un poco m\u00e1s sobre un pueblo de nuestra comarca: se trata de R\u00e1fales. Situado cerca del r\u00edo Tastavins, en Matarra\u00f1a.\" \/>\n<meta name=\"robots\" content=\"index, follow, max-snippet:-1, max-image-preview:large, max-video-preview:-1\" \/>\n<link rel=\"canonical\" href=\"https:\/\/valderrobres-candida.com\/en\/blog\/2015\/06\/30\/786\/\" \/>\n<meta property=\"og:locale\" content=\"en_US\" \/>\n<meta property=\"og:type\" content=\"article\" \/>\n<meta property=\"og:title\" content=\"R\u00e1fales: una visita obligada \/ Do\u00f1a C\u00e1ndida\" \/>\n<meta property=\"og:description\" content=\"\u00a1Amantes del turismo! Te contamos un poco m\u00e1s sobre un pueblo de nuestra comarca: se trata de R\u00e1fales. Situado cerca del r\u00edo Tastavins, en Matarra\u00f1a.\" \/>\n<meta property=\"og:url\" content=\"https:\/\/valderrobres-candida.com\/en\/blog\/2015\/06\/30\/786\/\" \/>\n<meta property=\"og:site_name\" content=\"Valderrobres Candida EN\" \/>\n<meta property=\"article:published_time\" content=\"2015-06-30T09:05:36+00:00\" \/>\n<meta property=\"article:modified_time\" content=\"2015-12-17T15:47:25+00:00\" \/>\n<meta property=\"og:image\" content=\"https:\/\/valderrobres-candida.com\/en\/wp-content\/uploads\/sites\/3\/turismo-aragon-rafales.jpg\" \/>\n\t<meta property=\"og:image:width\" content=\"400\" \/>\n\t<meta property=\"og:image:height\" content=\"300\" \/>\n\t<meta property=\"og:image:type\" content=\"image\/jpeg\" \/>\n<meta name=\"author\" content=\"Dona Candida\" \/>\n<meta name=\"twitter:card\" content=\"summary_large_image\" \/>\n<meta name=\"twitter:label1\" content=\"Written by\" \/>\n\t<meta name=\"twitter:data1\" content=\"Dona Candida\" \/>\n\t<meta name=\"twitter:label2\" content=\"Est. reading time\" \/>\n\t<meta name=\"twitter:data2\" content=\"2 minutes\" \/>\n<script type=\"application\/ld+json\" class=\"yoast-schema-graph\">{\"@context\":\"https:\/\/schema.org\",\"@graph\":[{\"@type\":\"Article\",\"@id\":\"https:\/\/valderrobres-candida.com\/en\/blog\/2015\/06\/30\/786\/#article\",\"isPartOf\":{\"@id\":\"https:\/\/valderrobres-candida.com\/en\/blog\/2015\/06\/30\/786\/\"},\"author\":{\"name\":\"Dona Candida\",\"@id\":\"http:\/\/valderrobres-candida.com\/en\/#\/schema\/person\/8613fd4f70379c16b4872f38d1586c86\"},\"headline\":\"R\u00e1fales: una visita obligada\",\"datePublished\":\"2015-06-30T09:05:36+00:00\",\"dateModified\":\"2015-12-17T15:47:25+00:00\",\"mainEntityOfPage\":{\"@id\":\"https:\/\/valderrobres-candida.com\/en\/blog\/2015\/06\/30\/786\/\"},\"wordCount\":346,\"commentCount\":0,\"image\":{\"@id\":\"https:\/\/valderrobres-candida.com\/en\/blog\/2015\/06\/30\/786\/#primaryimage\"},\"thumbnailUrl\":\"https:\/\/valderrobres-candida.com\/en\/wp-content\/uploads\/sites\/3\/turismo-aragon-rafales.jpg\",\"keywords\":[\"casa rural\",\"matarra\u00f1a\",\"matarranya\",\"qu\u00e9 ver en matarra\u00f1a\",\"r\u00e1fales\",\"reloj sol\",\"ruta de los estrechos\",\"teruel\",\"turismo rural\"],\"articleSection\":[\"Blog\",\"Rutas\"],\"inLanguage\":\"en-US\",\"potentialAction\":[{\"@type\":\"CommentAction\",\"name\":\"Comment\",\"target\":[\"https:\/\/valderrobres-candida.com\/en\/blog\/2015\/06\/30\/786\/#respond\"]}]},{\"@type\":\"WebPage\",\"@id\":\"https:\/\/valderrobres-candida.com\/en\/blog\/2015\/06\/30\/786\/\",\"url\":\"https:\/\/valderrobres-candida.com\/en\/blog\/2015\/06\/30\/786\/\",\"name\":\"R\u00e1fales: una visita obligada \/ Do\u00f1a C\u00e1ndida\",\"isPartOf\":{\"@id\":\"http:\/\/valderrobres-candida.com\/en\/#website\"},\"primaryImageOfPage\":{\"@id\":\"https:\/\/valderrobres-candida.com\/en\/blog\/2015\/06\/30\/786\/#primaryimage\"},\"image\":{\"@id\":\"https:\/\/valderrobres-candida.com\/en\/blog\/2015\/06\/30\/786\/#primaryimage\"},\"thumbnailUrl\":\"https:\/\/valderrobres-candida.com\/en\/wp-content\/uploads\/sites\/3\/turismo-aragon-rafales.jpg\",\"datePublished\":\"2015-06-30T09:05:36+00:00\",\"dateModified\":\"2015-12-17T15:47:25+00:00\",\"author\":{\"@id\":\"http:\/\/valderrobres-candida.com\/en\/#\/schema\/person\/8613fd4f70379c16b4872f38d1586c86\"},\"description\":\"\u00a1Amantes del turismo! Te contamos un poco m\u00e1s sobre un pueblo de nuestra comarca: se trata de R\u00e1fales. Situado cerca del r\u00edo Tastavins, en Matarra\u00f1a.\",\"breadcrumb\":{\"@id\":\"https:\/\/valderrobres-candida.com\/en\/blog\/2015\/06\/30\/786\/#breadcrumb\"},\"inLanguage\":\"en-US\",\"potentialAction\":[{\"@type\":\"ReadAction\",\"target\":[\"https:\/\/valderrobres-candida.com\/en\/blog\/2015\/06\/30\/786\/\"]}]},{\"@type\":\"ImageObject\",\"inLanguage\":\"en-US\",\"@id\":\"https:\/\/valderrobres-candida.com\/en\/blog\/2015\/06\/30\/786\/#primaryimage\",\"url\":\"https:\/\/valderrobres-candida.com\/en\/wp-content\/uploads\/sites\/3\/turismo-aragon-rafales.jpg\",\"contentUrl\":\"https:\/\/valderrobres-candida.com\/en\/wp-content\/uploads\/sites\/3\/turismo-aragon-rafales.jpg\",\"width\":400,\"height\":300},{\"@type\":\"BreadcrumbList\",\"@id\":\"https:\/\/valderrobres-candida.com\/en\/blog\/2015\/06\/30\/786\/#breadcrumb\",\"itemListElement\":[{\"@type\":\"ListItem\",\"position\":1,\"name\":\"Home\",\"item\":\"http:\/\/valderrobres-candida.com\/en\/\"},{\"@type\":\"ListItem\",\"position\":2,\"name\":\"R\u00e1fales: una visita obligada\"}]},{\"@type\":\"WebSite\",\"@id\":\"http:\/\/valderrobres-candida.com\/en\/#website\",\"url\":\"http:\/\/valderrobres-candida.com\/en\/\",\"name\":\"Valderrobres Candida EN\",\"description\":\"\",\"potentialAction\":[{\"@type\":\"SearchAction\",\"target\":{\"@type\":\"EntryPoint\",\"urlTemplate\":\"http:\/\/valderrobres-candida.com\/en\/?s={search_term_string}\"},\"query-input\":{\"@type\":\"PropertyValueSpecification\",\"valueRequired\":true,\"valueName\":\"search_term_string\"}}],\"inLanguage\":\"en-US\"},{\"@type\":\"Person\",\"@id\":\"http:\/\/valderrobres-candida.com\/en\/#\/schema\/person\/8613fd4f70379c16b4872f38d1586c86\",\"name\":\"Dona Candida\",\"image\":{\"@type\":\"ImageObject\",\"inLanguage\":\"en-US\",\"@id\":\"http:\/\/valderrobres-candida.com\/en\/#\/schema\/person\/image\/\",\"url\":\"https:\/\/secure.gravatar.com\/avatar\/76fd4c271644e4e26cd86dc06e3e376a616136f923138060c3acbe8187b3d2bc?s=96&d=mm&r=g\",\"contentUrl\":\"https:\/\/secure.gravatar.com\/avatar\/76fd4c271644e4e26cd86dc06e3e376a616136f923138060c3acbe8187b3d2bc?s=96&d=mm&r=g\",\"caption\":\"Dona Candida\"},\"url\":\"https:\/\/valderrobres-candida.com\/en\/blog\/author\/dona-candida\/\"}]}<\/script>\n<!-- \/ Yoast SEO plugin. -->","yoast_head_json":{"title":"R\u00e1fales: una visita obligada \/ Do\u00f1a C\u00e1ndida","description":"\u00a1Amantes del turismo! Te contamos un poco m\u00e1s sobre un pueblo de nuestra comarca: se trata de R\u00e1fales. Situado cerca del r\u00edo Tastavins, en Matarra\u00f1a.","robots":{"index":"index","follow":"follow","max-snippet":"max-snippet:-1","max-image-preview":"max-image-preview:large","max-video-preview":"max-video-preview:-1"},"canonical":"https:\/\/valderrobres-candida.com\/en\/blog\/2015\/06\/30\/786\/","og_locale":"en_US","og_type":"article","og_title":"R\u00e1fales: una visita obligada \/ Do\u00f1a C\u00e1ndida","og_description":"\u00a1Amantes del turismo! Te contamos un poco m\u00e1s sobre un pueblo de nuestra comarca: se trata de R\u00e1fales. Situado cerca del r\u00edo Tastavins, en Matarra\u00f1a.","og_url":"https:\/\/valderrobres-candida.com\/en\/blog\/2015\/06\/30\/786\/","og_site_name":"Valderrobres Candida EN","article_published_time":"2015-06-30T09:05:36+00:00","article_modified_time":"2015-12-17T15:47:25+00:00","og_image":[{"width":400,"height":300,"url":"https:\/\/valderrobres-candida.com\/en\/wp-content\/uploads\/sites\/3\/turismo-aragon-rafales.jpg","type":"image\/jpeg"}],"author":"Dona Candida","twitter_card":"summary_large_image","twitter_misc":{"Written by":"Dona Candida","Est. reading time":"2 minutes"},"schema":{"@context":"https:\/\/schema.org","@graph":[{"@type":"Article","@id":"https:\/\/valderrobres-candida.com\/en\/blog\/2015\/06\/30\/786\/#article","isPartOf":{"@id":"https:\/\/valderrobres-candida.com\/en\/blog\/2015\/06\/30\/786\/"},"author":{"name":"Dona Candida","@id":"http:\/\/valderrobres-candida.com\/en\/#\/schema\/person\/8613fd4f70379c16b4872f38d1586c86"},"headline":"R\u00e1fales: una visita obligada","datePublished":"2015-06-30T09:05:36+00:00","dateModified":"2015-12-17T15:47:25+00:00","mainEntityOfPage":{"@id":"https:\/\/valderrobres-candida.com\/en\/blog\/2015\/06\/30\/786\/"},"wordCount":346,"commentCount":0,"image":{"@id":"https:\/\/valderrobres-candida.com\/en\/blog\/2015\/06\/30\/786\/#primaryimage"},"thumbnailUrl":"https:\/\/valderrobres-candida.com\/en\/wp-content\/uploads\/sites\/3\/turismo-aragon-rafales.jpg","keywords":["casa rural","matarra\u00f1a","matarranya","qu\u00e9 ver en matarra\u00f1a","r\u00e1fales","reloj sol","ruta de los estrechos","teruel","turismo rural"],"articleSection":["Blog","Rutas"],"inLanguage":"en-US","potentialAction":[{"@type":"CommentAction","name":"Comment","target":["https:\/\/valderrobres-candida.com\/en\/blog\/2015\/06\/30\/786\/#respond"]}]},{"@type":"WebPage","@id":"https:\/\/valderrobres-candida.com\/en\/blog\/2015\/06\/30\/786\/","url":"https:\/\/valderrobres-candida.com\/en\/blog\/2015\/06\/30\/786\/","name":"R\u00e1fales: una visita obligada \/ Do\u00f1a C\u00e1ndida","isPartOf":{"@id":"http:\/\/valderrobres-candida.com\/en\/#website"},"primaryImageOfPage":{"@id":"https:\/\/valderrobres-candida.com\/en\/blog\/2015\/06\/30\/786\/#primaryimage"},"image":{"@id":"https:\/\/valderrobres-candida.com\/en\/blog\/2015\/06\/30\/786\/#primaryimage"},"thumbnailUrl":"https:\/\/valderrobres-candida.com\/en\/wp-content\/uploads\/sites\/3\/turismo-aragon-rafales.jpg","datePublished":"2015-06-30T09:05:36+00:00","dateModified":"2015-12-17T15:47:25+00:00","author":{"@id":"http:\/\/valderrobres-candida.com\/en\/#\/schema\/person\/8613fd4f70379c16b4872f38d1586c86"},"description":"\u00a1Amantes del turismo! Te contamos un poco m\u00e1s sobre un pueblo de nuestra comarca: se trata de R\u00e1fales. Situado cerca del r\u00edo Tastavins, en Matarra\u00f1a.","breadcrumb":{"@id":"https:\/\/valderrobres-candida.com\/en\/blog\/2015\/06\/30\/786\/#breadcrumb"},"inLanguage":"en-US","potentialAction":[{"@type":"ReadAction","target":["https:\/\/valderrobres-candida.com\/en\/blog\/2015\/06\/30\/786\/"]}]},{"@type":"ImageObject","inLanguage":"en-US","@id":"https:\/\/valderrobres-candida.com\/en\/blog\/2015\/06\/30\/786\/#primaryimage","url":"https:\/\/valderrobres-candida.com\/en\/wp-content\/uploads\/sites\/3\/turismo-aragon-rafales.jpg","contentUrl":"https:\/\/valderrobres-candida.com\/en\/wp-content\/uploads\/sites\/3\/turismo-aragon-rafales.jpg","width":400,"height":300},{"@type":"BreadcrumbList","@id":"https:\/\/valderrobres-candida.com\/en\/blog\/2015\/06\/30\/786\/#breadcrumb","itemListElement":[{"@type":"ListItem","position":1,"name":"Home","item":"http:\/\/valderrobres-candida.com\/en\/"},{"@type":"ListItem","position":2,"name":"R\u00e1fales: una visita obligada"}]},{"@type":"WebSite","@id":"http:\/\/valderrobres-candida.com\/en\/#website","url":"http:\/\/valderrobres-candida.com\/en\/","name":"Valderrobres Candida EN","description":"","potentialAction":[{"@type":"SearchAction","target":{"@type":"EntryPoint","urlTemplate":"http:\/\/valderrobres-candida.com\/en\/?s={search_term_string}"},"query-input":{"@type":"PropertyValueSpecification","valueRequired":true,"valueName":"search_term_string"}}],"inLanguage":"en-US"},{"@type":"Person","@id":"http:\/\/valderrobres-candida.com\/en\/#\/schema\/person\/8613fd4f70379c16b4872f38d1586c86","name":"Dona Candida","image":{"@type":"ImageObject","inLanguage":"en-US","@id":"http:\/\/valderrobres-candida.com\/en\/#\/schema\/person\/image\/","url":"https:\/\/secure.gravatar.com\/avatar\/76fd4c271644e4e26cd86dc06e3e376a616136f923138060c3acbe8187b3d2bc?s=96&d=mm&r=g","contentUrl":"https:\/\/secure.gravatar.com\/avatar\/76fd4c271644e4e26cd86dc06e3e376a616136f923138060c3acbe8187b3d2bc?s=96&d=mm&r=g","caption":"Dona Candida"},"url":"https:\/\/valderrobres-candida.com\/en\/blog\/author\/dona-candida\/"}]}},"_links":{"self":[{"href":"https:\/\/valderrobres-candida.com\/en\/wp-json\/wp\/v2\/posts\/786","targetHints":{"allow":["GET"]}}],"collection":[{"href":"https:\/\/valderrobres-candida.com\/en\/wp-json\/wp\/v2\/posts"}],"about":[{"href":"https:\/\/valderrobres-candida.com\/en\/wp-json\/wp\/v2\/types\/post"}],"author":[{"embeddable":true,"href":"https:\/\/valderrobres-candida.com\/en\/wp-json\/wp\/v2\/users\/2"}],"replies":[{"embeddable":true,"href":"https:\/\/valderrobres-candida.com\/en\/wp-json\/wp\/v2\/comments?post=786"}],"version-history":[{"count":2,"href":"https:\/\/valderrobres-candida.com\/en\/wp-json\/wp\/v2\/posts\/786\/revisions"}],"predecessor-version":[{"id":795,"href":"https:\/\/valderrobres-candida.com\/en\/wp-json\/wp\/v2\/posts\/786\/revisions\/795"}],"wp:featuredmedia":[{"embeddable":true,"href":"https:\/\/valderrobres-candida.com\/en\/wp-json\/wp\/v2\/media\/792"}],"wp:attachment":[{"href":"https:\/\/valderrobres-candida.com\/en\/wp-json\/wp\/v2\/media?parent=786"}],"wp:term":[{"taxonomy":"category","embeddable":true,"href":"https:\/\/valderrobres-candida.com\/en\/wp-json\/wp\/v2\/categories?post=786"},{"taxonomy":"post_tag","embeddable":true,"href":"https:\/\/valderrobres-candida.com\/en\/wp-json\/wp\/v2\/tags?post=786"}],"curies":[{"name":"wp","href":"https:\/\/api.w.org\/{rel}","templated":true}]}}