{"id":797,"date":"2015-07-13T12:04:01","date_gmt":"2015-07-13T12:04:01","guid":{"rendered":"http:\/\/valderrobres-candida.com\/?p=797"},"modified":"2015-12-17T15:42:43","modified_gmt":"2015-12-17T15:42:43","slug":"llega-el-festival-de-los-castillos-de-aragon","status":"publish","type":"post","link":"https:\/\/valderrobres-candida.com\/en\/blog\/2015\/07\/13\/llega-el-festival-de-los-castillos-de-aragon\/","title":{"rendered":"Llega el Festival de los Castillos de Arag\u00f3n"},"content":{"rendered":"<p>Hoy queremos hablaros del <strong>festival de los castillos<\/strong>, un festival que se celebra en las poblaciones turolenses de Alca\u00f1iz y Valderrobles entre los meses de julio y agosto.<strong> \u00a1Genial para amenizar el verano! \u00a0<\/strong><\/p>\n<p>Los escenarios de \u00e9ste festival son los castillos las dos poblaciones y re\u00fane a figuras de \u00e1mbito nacional e internacional especialmente de<strong>l teatro, pero tambi\u00e9n de la m\u00fasic<\/strong>a.<img loading=\"lazy\" decoding=\"async\" width=\"610\" height=\"920\" class=\"aligncenter size-full wp-image-798\" src=\"http:\/\/valderrobres-candida.com\/wp-content\/uploads\/cartelalcaniz15.jpg\" alt=\"cartelalcaniz15\" srcset=\"https:\/\/valderrobres-candida.com\/en\/wp-content\/uploads\/sites\/3\/cartelalcaniz15.jpg 610w, https:\/\/valderrobres-candida.com\/en\/wp-content\/uploads\/sites\/3\/cartelalcaniz15-198x300.jpg 198w, https:\/\/valderrobres-candida.com\/en\/wp-content\/uploads\/sites\/3\/cartelalcaniz15-66x100.jpg 66w\" sizes=\"auto, (max-width: 610px) 100vw, 610px\" \/><\/p>\n<p>\u00c9ste a\u00f1o el festival programa<strong> 4 actuaciones en Alca\u00f1iz<\/strong> \u00a0que se celebrar\u00e1n durante las noches de los s\u00e1bados 18 y 25 de julio y 1 y 8 de agosto. Los 4 espect\u00e1culos suceder\u00e1n en el\u00a0 Anfiteatro de Pui-Pinos de la capital bajoaragonesa, y la entrada tiene un precio de 12 euros en total. Puedes comprarla en\u00a0<a href=\"http:\/\/www.alcaniz.es\/\">www.alcaniz.es<\/a>.<\/p>\n<h3>PROGRAMACI\u00d3N<\/h3>\n<hr align=\"left\" size=\"3\" width=\"615\" \/>\n<p><b>S\u00e1bado, 18 de julio<\/b>. Anfiteatro Pui Pinos de Alca\u00f1iz. 23:00h.<br \/>\n<strong><a href=\"http:\/\/www.redaragon.com\/agenda\/fichaevento.asp?id=73749\">The Feas Company <em>Todoterapia<\/em><\/a><\/strong>.<\/p>\n<p><b>S\u00e1bado, 25 de julio<\/b>. Anfiteatro Pui Pinos de Alca\u00f1iz. 23:00h.<br \/>\n<strong><a href=\"http:\/\/www.redaragon.com\/agenda\/fichaevento.asp?id=73750\">La Cantera Producciones <em>La banda de L\u00e1zaro<\/em><\/a><\/strong>.<\/p>\n<p><b>S\u00e1bado 1 de agosto<\/b>. Anfiteatro Pui Pinos de Alca\u00f1iz. 23:00h.<br \/>\n<strong><a href=\"http:\/\/www.redaragon.com\/agenda\/fichaevento.asp?id=73751\">Yllana <em>The Gagfather<\/em><\/a><\/strong>.<\/p>\n<p><b>S\u00e1bado 8 de agosto<\/b>. Anfiteatro Pui Pinos de Alca\u00f1iz. 23:00h.<br \/>\n<strong><a href=\"http:\/\/www.redaragon.com\/agenda\/fichaevento.asp?id=73752\">Compa\u00f1\u00eda de Miguel \u00c1ngel Berna <em>La Jota y la Taranta<\/em><\/a><\/strong>.<\/p>\n<p>En Valderrobres, los espect\u00e1culos se celebrar\u00e1n entre el 1 y el 3 de Agosto en el Castillo de Valderrobres, y empiezar\u00e1n a las 19:00 h hasta las 23:00h. A\u00fan no conocemos la programaci\u00f3n.<\/p>\n<p>&nbsp;<\/p>\n<p>&nbsp;<\/p>\n","protected":false},"excerpt":{"rendered":"<p>Hoy queremos hablaros del festival de los castillos, un festival que se celebra en las poblaciones turolenses de Alca\u00f1iz y Valderrobles entre los meses de julio y agosto. \u00a1Genial para amenizar el verano! \u00a0 Los escenarios de \u00e9ste festival son los castillos las dos poblaciones y re\u00fane a figuras de \u00e1mbito nacional e internacional especialmente<\/p>\n","protected":false},"author":2,"featured_media":798,"comment_status":"open","ping_status":"open","sticky":false,"template":"","format":"standard","meta":{"footnotes":""},"categories":[17,18],"tags":[115,118,116,114,117],"class_list":["post-797","post","type-post","status-publish","format-standard","has-post-thumbnail","hentry","category-medios","category-noticias","tag-alcaniz","tag-castillo-valderrobres","tag-festival-alcaniz","tag-festival-de-los-castillos","tag-musica-valderrobres"],"yoast_head":"<!-- This site is optimized with the Yoast SEO plugin v26.7 - https:\/\/yoast.com\/wordpress\/plugins\/seo\/ -->\n<title>Festival de los Castillos de Arag\u00f3n \/ Do\u00f1a C\u00e1ndida<\/title>\n<meta name=\"description\" content=\"Hoy queremos hablaros del festival de los castillos, que se celebra en Alca\u00f1iz y Valderrobles entre los meses de julio y agosto.\" \/>\n<meta name=\"robots\" content=\"index, follow, max-snippet:-1, max-image-preview:large, max-video-preview:-1\" \/>\n<link rel=\"canonical\" href=\"https:\/\/valderrobres-candida.com\/en\/blog\/2015\/07\/13\/llega-el-festival-de-los-castillos-de-aragon\/\" \/>\n<meta property=\"og:locale\" content=\"en_US\" \/>\n<meta property=\"og:type\" content=\"article\" \/>\n<meta property=\"og:title\" content=\"Festival de los Castillos de Arag\u00f3n \/ Do\u00f1a C\u00e1ndida\" \/>\n<meta property=\"og:description\" content=\"Hoy queremos hablaros del festival de los castillos, que se celebra en Alca\u00f1iz y Valderrobles entre los meses de julio y agosto.\" \/>\n<meta property=\"og:url\" content=\"https:\/\/valderrobres-candida.com\/en\/blog\/2015\/07\/13\/llega-el-festival-de-los-castillos-de-aragon\/\" \/>\n<meta property=\"og:site_name\" content=\"Valderrobres Candida EN\" \/>\n<meta property=\"article:published_time\" content=\"2015-07-13T12:04:01+00:00\" \/>\n<meta property=\"article:modified_time\" content=\"2015-12-17T15:42:43+00:00\" \/>\n<meta property=\"og:image\" content=\"https:\/\/valderrobres-candida.com\/en\/wp-content\/uploads\/sites\/3\/cartelalcaniz15.jpg\" \/>\n\t<meta property=\"og:image:width\" content=\"610\" \/>\n\t<meta property=\"og:image:height\" content=\"920\" \/>\n\t<meta property=\"og:image:type\" content=\"image\/jpeg\" \/>\n<meta name=\"author\" content=\"Dona Candida\" \/>\n<meta name=\"twitter:card\" content=\"summary_large_image\" \/>\n<meta name=\"twitter:label1\" content=\"Written by\" \/>\n\t<meta name=\"twitter:data1\" content=\"Dona Candida\" \/>\n\t<meta name=\"twitter:label2\" content=\"Est. reading time\" \/>\n\t<meta name=\"twitter:data2\" content=\"1 minute\" \/>\n<script type=\"application\/ld+json\" class=\"yoast-schema-graph\">{\"@context\":\"https:\/\/schema.org\",\"@graph\":[{\"@type\":\"Article\",\"@id\":\"https:\/\/valderrobres-candida.com\/en\/blog\/2015\/07\/13\/llega-el-festival-de-los-castillos-de-aragon\/#article\",\"isPartOf\":{\"@id\":\"https:\/\/valderrobres-candida.com\/en\/blog\/2015\/07\/13\/llega-el-festival-de-los-castillos-de-aragon\/\"},\"author\":{\"name\":\"Dona Candida\",\"@id\":\"http:\/\/valderrobres-candida.com\/en\/#\/schema\/person\/8613fd4f70379c16b4872f38d1586c86\"},\"headline\":\"Llega el Festival de los Castillos de Arag\u00f3n\",\"datePublished\":\"2015-07-13T12:04:01+00:00\",\"dateModified\":\"2015-12-17T15:42:43+00:00\",\"mainEntityOfPage\":{\"@id\":\"https:\/\/valderrobres-candida.com\/en\/blog\/2015\/07\/13\/llega-el-festival-de-los-castillos-de-aragon\/\"},\"wordCount\":241,\"commentCount\":0,\"image\":{\"@id\":\"https:\/\/valderrobres-candida.com\/en\/blog\/2015\/07\/13\/llega-el-festival-de-los-castillos-de-aragon\/#primaryimage\"},\"thumbnailUrl\":\"https:\/\/valderrobres-candida.com\/en\/wp-content\/uploads\/sites\/3\/cartelalcaniz15.jpg\",\"keywords\":[\"alca\u00f1iz\",\"castillo valderrobres\",\"festival alca\u00f1iz\",\"festival de los castillos\",\"m\u00fasica valderrobres\"],\"articleSection\":[\"Medios\",\"Not\u00edcias\"],\"inLanguage\":\"en-US\",\"potentialAction\":[{\"@type\":\"CommentAction\",\"name\":\"Comment\",\"target\":[\"https:\/\/valderrobres-candida.com\/en\/blog\/2015\/07\/13\/llega-el-festival-de-los-castillos-de-aragon\/#respond\"]}]},{\"@type\":\"WebPage\",\"@id\":\"https:\/\/valderrobres-candida.com\/en\/blog\/2015\/07\/13\/llega-el-festival-de-los-castillos-de-aragon\/\",\"url\":\"https:\/\/valderrobres-candida.com\/en\/blog\/2015\/07\/13\/llega-el-festival-de-los-castillos-de-aragon\/\",\"name\":\"Festival de los Castillos de Arag\u00f3n \/ Do\u00f1a C\u00e1ndida\",\"isPartOf\":{\"@id\":\"http:\/\/valderrobres-candida.com\/en\/#website\"},\"primaryImageOfPage\":{\"@id\":\"https:\/\/valderrobres-candida.com\/en\/blog\/2015\/07\/13\/llega-el-festival-de-los-castillos-de-aragon\/#primaryimage\"},\"image\":{\"@id\":\"https:\/\/valderrobres-candida.com\/en\/blog\/2015\/07\/13\/llega-el-festival-de-los-castillos-de-aragon\/#primaryimage\"},\"thumbnailUrl\":\"https:\/\/valderrobres-candida.com\/en\/wp-content\/uploads\/sites\/3\/cartelalcaniz15.jpg\",\"datePublished\":\"2015-07-13T12:04:01+00:00\",\"dateModified\":\"2015-12-17T15:42:43+00:00\",\"author\":{\"@id\":\"http:\/\/valderrobres-candida.com\/en\/#\/schema\/person\/8613fd4f70379c16b4872f38d1586c86\"},\"description\":\"Hoy queremos hablaros del festival de los castillos, que se celebra en Alca\u00f1iz y Valderrobles entre los meses de julio y agosto.\",\"breadcrumb\":{\"@id\":\"https:\/\/valderrobres-candida.com\/en\/blog\/2015\/07\/13\/llega-el-festival-de-los-castillos-de-aragon\/#breadcrumb\"},\"inLanguage\":\"en-US\",\"potentialAction\":[{\"@type\":\"ReadAction\",\"target\":[\"https:\/\/valderrobres-candida.com\/en\/blog\/2015\/07\/13\/llega-el-festival-de-los-castillos-de-aragon\/\"]}]},{\"@type\":\"ImageObject\",\"inLanguage\":\"en-US\",\"@id\":\"https:\/\/valderrobres-candida.com\/en\/blog\/2015\/07\/13\/llega-el-festival-de-los-castillos-de-aragon\/#primaryimage\",\"url\":\"https:\/\/valderrobres-candida.com\/en\/wp-content\/uploads\/sites\/3\/cartelalcaniz15.jpg\",\"contentUrl\":\"https:\/\/valderrobres-candida.com\/en\/wp-content\/uploads\/sites\/3\/cartelalcaniz15.jpg\",\"width\":610,\"height\":920},{\"@type\":\"BreadcrumbList\",\"@id\":\"https:\/\/valderrobres-candida.com\/en\/blog\/2015\/07\/13\/llega-el-festival-de-los-castillos-de-aragon\/#breadcrumb\",\"itemListElement\":[{\"@type\":\"ListItem\",\"position\":1,\"name\":\"Home\",\"item\":\"http:\/\/valderrobres-candida.com\/en\/\"},{\"@type\":\"ListItem\",\"position\":2,\"name\":\"Llega el Festival de los Castillos de Arag\u00f3n\"}]},{\"@type\":\"WebSite\",\"@id\":\"http:\/\/valderrobres-candida.com\/en\/#website\",\"url\":\"http:\/\/valderrobres-candida.com\/en\/\",\"name\":\"Valderrobres Candida EN\",\"description\":\"\",\"potentialAction\":[{\"@type\":\"SearchAction\",\"target\":{\"@type\":\"EntryPoint\",\"urlTemplate\":\"http:\/\/valderrobres-candida.com\/en\/?s={search_term_string}\"},\"query-input\":{\"@type\":\"PropertyValueSpecification\",\"valueRequired\":true,\"valueName\":\"search_term_string\"}}],\"inLanguage\":\"en-US\"},{\"@type\":\"Person\",\"@id\":\"http:\/\/valderrobres-candida.com\/en\/#\/schema\/person\/8613fd4f70379c16b4872f38d1586c86\",\"name\":\"Dona Candida\",\"image\":{\"@type\":\"ImageObject\",\"inLanguage\":\"en-US\",\"@id\":\"http:\/\/valderrobres-candida.com\/en\/#\/schema\/person\/image\/\",\"url\":\"https:\/\/secure.gravatar.com\/avatar\/76fd4c271644e4e26cd86dc06e3e376a616136f923138060c3acbe8187b3d2bc?s=96&d=mm&r=g\",\"contentUrl\":\"https:\/\/secure.gravatar.com\/avatar\/76fd4c271644e4e26cd86dc06e3e376a616136f923138060c3acbe8187b3d2bc?s=96&d=mm&r=g\",\"caption\":\"Dona Candida\"},\"url\":\"https:\/\/valderrobres-candida.com\/en\/blog\/author\/dona-candida\/\"}]}<\/script>\n<!-- \/ Yoast SEO plugin. -->","yoast_head_json":{"title":"Festival de los Castillos de Arag\u00f3n \/ Do\u00f1a C\u00e1ndida","description":"Hoy queremos hablaros del festival de los castillos, que se celebra en Alca\u00f1iz y Valderrobles entre los meses de julio y agosto.","robots":{"index":"index","follow":"follow","max-snippet":"max-snippet:-1","max-image-preview":"max-image-preview:large","max-video-preview":"max-video-preview:-1"},"canonical":"https:\/\/valderrobres-candida.com\/en\/blog\/2015\/07\/13\/llega-el-festival-de-los-castillos-de-aragon\/","og_locale":"en_US","og_type":"article","og_title":"Festival de los Castillos de Arag\u00f3n \/ Do\u00f1a C\u00e1ndida","og_description":"Hoy queremos hablaros del festival de los castillos, que se celebra en Alca\u00f1iz y Valderrobles entre los meses de julio y agosto.","og_url":"https:\/\/valderrobres-candida.com\/en\/blog\/2015\/07\/13\/llega-el-festival-de-los-castillos-de-aragon\/","og_site_name":"Valderrobres Candida EN","article_published_time":"2015-07-13T12:04:01+00:00","article_modified_time":"2015-12-17T15:42:43+00:00","og_image":[{"width":610,"height":920,"url":"https:\/\/valderrobres-candida.com\/en\/wp-content\/uploads\/sites\/3\/cartelalcaniz15.jpg","type":"image\/jpeg"}],"author":"Dona Candida","twitter_card":"summary_large_image","twitter_misc":{"Written by":"Dona Candida","Est. reading time":"1 minute"},"schema":{"@context":"https:\/\/schema.org","@graph":[{"@type":"Article","@id":"https:\/\/valderrobres-candida.com\/en\/blog\/2015\/07\/13\/llega-el-festival-de-los-castillos-de-aragon\/#article","isPartOf":{"@id":"https:\/\/valderrobres-candida.com\/en\/blog\/2015\/07\/13\/llega-el-festival-de-los-castillos-de-aragon\/"},"author":{"name":"Dona Candida","@id":"http:\/\/valderrobres-candida.com\/en\/#\/schema\/person\/8613fd4f70379c16b4872f38d1586c86"},"headline":"Llega el Festival de los Castillos de Arag\u00f3n","datePublished":"2015-07-13T12:04:01+00:00","dateModified":"2015-12-17T15:42:43+00:00","mainEntityOfPage":{"@id":"https:\/\/valderrobres-candida.com\/en\/blog\/2015\/07\/13\/llega-el-festival-de-los-castillos-de-aragon\/"},"wordCount":241,"commentCount":0,"image":{"@id":"https:\/\/valderrobres-candida.com\/en\/blog\/2015\/07\/13\/llega-el-festival-de-los-castillos-de-aragon\/#primaryimage"},"thumbnailUrl":"https:\/\/valderrobres-candida.com\/en\/wp-content\/uploads\/sites\/3\/cartelalcaniz15.jpg","keywords":["alca\u00f1iz","castillo valderrobres","festival alca\u00f1iz","festival de los castillos","m\u00fasica valderrobres"],"articleSection":["Medios","Not\u00edcias"],"inLanguage":"en-US","potentialAction":[{"@type":"CommentAction","name":"Comment","target":["https:\/\/valderrobres-candida.com\/en\/blog\/2015\/07\/13\/llega-el-festival-de-los-castillos-de-aragon\/#respond"]}]},{"@type":"WebPage","@id":"https:\/\/valderrobres-candida.com\/en\/blog\/2015\/07\/13\/llega-el-festival-de-los-castillos-de-aragon\/","url":"https:\/\/valderrobres-candida.com\/en\/blog\/2015\/07\/13\/llega-el-festival-de-los-castillos-de-aragon\/","name":"Festival de los Castillos de Arag\u00f3n \/ Do\u00f1a C\u00e1ndida","isPartOf":{"@id":"http:\/\/valderrobres-candida.com\/en\/#website"},"primaryImageOfPage":{"@id":"https:\/\/valderrobres-candida.com\/en\/blog\/2015\/07\/13\/llega-el-festival-de-los-castillos-de-aragon\/#primaryimage"},"image":{"@id":"https:\/\/valderrobres-candida.com\/en\/blog\/2015\/07\/13\/llega-el-festival-de-los-castillos-de-aragon\/#primaryimage"},"thumbnailUrl":"https:\/\/valderrobres-candida.com\/en\/wp-content\/uploads\/sites\/3\/cartelalcaniz15.jpg","datePublished":"2015-07-13T12:04:01+00:00","dateModified":"2015-12-17T15:42:43+00:00","author":{"@id":"http:\/\/valderrobres-candida.com\/en\/#\/schema\/person\/8613fd4f70379c16b4872f38d1586c86"},"description":"Hoy queremos hablaros del festival de los castillos, que se celebra en Alca\u00f1iz y Valderrobles entre los meses de julio y agosto.","breadcrumb":{"@id":"https:\/\/valderrobres-candida.com\/en\/blog\/2015\/07\/13\/llega-el-festival-de-los-castillos-de-aragon\/#breadcrumb"},"inLanguage":"en-US","potentialAction":[{"@type":"ReadAction","target":["https:\/\/valderrobres-candida.com\/en\/blog\/2015\/07\/13\/llega-el-festival-de-los-castillos-de-aragon\/"]}]},{"@type":"ImageObject","inLanguage":"en-US","@id":"https:\/\/valderrobres-candida.com\/en\/blog\/2015\/07\/13\/llega-el-festival-de-los-castillos-de-aragon\/#primaryimage","url":"https:\/\/valderrobres-candida.com\/en\/wp-content\/uploads\/sites\/3\/cartelalcaniz15.jpg","contentUrl":"https:\/\/valderrobres-candida.com\/en\/wp-content\/uploads\/sites\/3\/cartelalcaniz15.jpg","width":610,"height":920},{"@type":"BreadcrumbList","@id":"https:\/\/valderrobres-candida.com\/en\/blog\/2015\/07\/13\/llega-el-festival-de-los-castillos-de-aragon\/#breadcrumb","itemListElement":[{"@type":"ListItem","position":1,"name":"Home","item":"http:\/\/valderrobres-candida.com\/en\/"},{"@type":"ListItem","position":2,"name":"Llega el Festival de los Castillos de Arag\u00f3n"}]},{"@type":"WebSite","@id":"http:\/\/valderrobres-candida.com\/en\/#website","url":"http:\/\/valderrobres-candida.com\/en\/","name":"Valderrobres Candida EN","description":"","potentialAction":[{"@type":"SearchAction","target":{"@type":"EntryPoint","urlTemplate":"http:\/\/valderrobres-candida.com\/en\/?s={search_term_string}"},"query-input":{"@type":"PropertyValueSpecification","valueRequired":true,"valueName":"search_term_string"}}],"inLanguage":"en-US"},{"@type":"Person","@id":"http:\/\/valderrobres-candida.com\/en\/#\/schema\/person\/8613fd4f70379c16b4872f38d1586c86","name":"Dona Candida","image":{"@type":"ImageObject","inLanguage":"en-US","@id":"http:\/\/valderrobres-candida.com\/en\/#\/schema\/person\/image\/","url":"https:\/\/secure.gravatar.com\/avatar\/76fd4c271644e4e26cd86dc06e3e376a616136f923138060c3acbe8187b3d2bc?s=96&d=mm&r=g","contentUrl":"https:\/\/secure.gravatar.com\/avatar\/76fd4c271644e4e26cd86dc06e3e376a616136f923138060c3acbe8187b3d2bc?s=96&d=mm&r=g","caption":"Dona Candida"},"url":"https:\/\/valderrobres-candida.com\/en\/blog\/author\/dona-candida\/"}]}},"_links":{"self":[{"href":"https:\/\/valderrobres-candida.com\/en\/wp-json\/wp\/v2\/posts\/797","targetHints":{"allow":["GET"]}}],"collection":[{"href":"https:\/\/valderrobres-candida.com\/en\/wp-json\/wp\/v2\/posts"}],"about":[{"href":"https:\/\/valderrobres-candida.com\/en\/wp-json\/wp\/v2\/types\/post"}],"author":[{"embeddable":true,"href":"https:\/\/valderrobres-candida.com\/en\/wp-json\/wp\/v2\/users\/2"}],"replies":[{"embeddable":true,"href":"https:\/\/valderrobres-candida.com\/en\/wp-json\/wp\/v2\/comments?post=797"}],"version-history":[{"count":1,"href":"https:\/\/valderrobres-candida.com\/en\/wp-json\/wp\/v2\/posts\/797\/revisions"}],"predecessor-version":[{"id":799,"href":"https:\/\/valderrobres-candida.com\/en\/wp-json\/wp\/v2\/posts\/797\/revisions\/799"}],"wp:featuredmedia":[{"embeddable":true,"href":"https:\/\/valderrobres-candida.com\/en\/wp-json\/wp\/v2\/media\/798"}],"wp:attachment":[{"href":"https:\/\/valderrobres-candida.com\/en\/wp-json\/wp\/v2\/media?parent=797"}],"wp:term":[{"taxonomy":"category","embeddable":true,"href":"https:\/\/valderrobres-candida.com\/en\/wp-json\/wp\/v2\/categories?post=797"},{"taxonomy":"post_tag","embeddable":true,"href":"https:\/\/valderrobres-candida.com\/en\/wp-json\/wp\/v2\/tags?post=797"}],"curies":[{"name":"wp","href":"https:\/\/api.w.org\/{rel}","templated":true}]}}